{"id":30887556,"date":"2025-07-01T13:27:48","date_gmt":"2025-07-01T11:27:48","guid":{"rendered":"https:\/\/www.upo.es\/diario\/?p=30887556"},"modified":"2025-07-07T13:32:01","modified_gmt":"2025-07-07T11:32:01","slug":"la-sede-olavide-en-carmona-aborda-los-trastornos-de-conducta-en-el-aula-desde-la-perspectiva-de-las-escuelas-sensibles-al-trauma","status":"publish","type":"post","link":"https:\/\/www.upo.es\/diario\/cursos-verano\/2025\/07\/la-sede-olavide-en-carmona-aborda-los-trastornos-de-conducta-en-el-aula-desde-la-perspectiva-de-las-escuelas-sensibles-al-trauma\/","title":{"rendered":"La sede Olavide en Carmona aborda los trastornos de conducta en el aula desde la perspectiva de las Escuelas sensibles al trauma"},"content":{"rendered":"<figure id=\"attachment_30887557\" aria-describedby=\"caption-attachment-30887557\" style=\"width: 5604px\" class=\"wp-caption aligncenter\"><a href=\"https:\/\/www.upo.es\/diario\/wp-content\/uploads\/2025\/07\/Alma-Serra_CuVe-Carmona.jpg\"><img loading=\"lazy\" decoding=\"async\" class=\"size-full wp-image-30887557\" src=\"https:\/\/www.upo.es\/diario\/wp-content\/uploads\/2025\/07\/Alma-Serra_CuVe-Carmona.jpg\" alt=\"Alma Serra en los Cursos de Verano de la UPO\" width=\"5604\" height=\"3556\" \/><\/a><figcaption id=\"caption-attachment-30887557\" class=\"wp-caption-text\">Alma Serra en los Cursos de Verano de la UPO<\/figcaption><\/figure>\n<p>La sede Olavide en Carmona &#8211; Rectora Rosario Valpuesta, en el marco de la 23\u00aa edici\u00f3n de sus cursos de verano, acoge la quinta edici\u00f3n del curso <strong>&#8216;Trastornos de conducta en el aula. Propuesta de intervenci\u00f3n desde enfoques psicol\u00f3gicos y educativos de tercera generaci\u00f3n&#8217;<\/strong>. Alma Serra Gonz\u00e1lez, psic\u00f3loga, antrop\u00f3loga, docente y directora del curso, ha ofrecido una entrevista en la que desglosa el innovador concepto de <strong>&#8216;Escuelas sensibles al trauma&#8217;<\/strong> y su potencial transformador en el \u00e1mbito educativo.<\/p>\n<p>Serra explica que las Escuelas sensibles al trauma representan un nuevo paradigma educativo, gestado a partir de las investigaciones psicol\u00f3gicas m\u00e1s recientes sobre la relaci\u00f3n entre la salud y el trauma. \u201cPara m\u00ed, es como un giro de tuerca en lo que entendemos como &#8216;educaci\u00f3n emocional\u201d, afirma, se\u00f1alando que la concepci\u00f3n de emociones positivas o negativas ha quedado obsoleta.<\/p>\n<p><strong>Gracias a los avances cient\u00edficos en el campo de las emociones y su conexi\u00f3n con el cuerpo y las relaciones, este modelo introduce una visi\u00f3n revolucionaria de la educaci\u00f3n y la salud integral.<\/strong> \u201cYa no compartimentamos la salud en f\u00edsica, emocional o mental como si fueran especialidades m\u00e9dicas\u201d, enfatiza, \u201csino que entendemos que la causa de un malestar emocional es multifactorial, y por ende, su intervenci\u00f3n tambi\u00e9n debe ser multidisciplinar\u201d.<\/p>\n<p>La base de este enfoque radica en el conocimiento y la comprensi\u00f3n de los principios de la teor\u00eda psicol\u00f3gica y antropol\u00f3gica actual sobre el trauma y sus efectos en todas las \u00e1reas del desarrollo: cognitivo, f\u00edsico, emocional, relacional y espiritual.<\/p>\n<p>La psic\u00f3loga subraya que la implementaci\u00f3n de las Escuelas sensibles al trauma implica un \u201ccambio cultural\u201d que impacta en todas las \u00e1reas de la comunidad educativa. \u00a0Desde la arquitectura de los centros y el ritmo lectivo hasta la relaci\u00f3n entre docentes, familias y alumnado, e incluso el sistema de evaluaci\u00f3n, se propone un nuevo lenguaje educativo. \u201cEs un cambio de esa mirada cl\u00e1sica en la que la salud se relaciona exclusivamente con el cerebro, de ah\u00ed el concepto obsoleto de salud solo mental, hacia una propuesta de salud integral que incluye cuerpo, mente, emociones y, muy importante, recupera lo espiritual\u201d, detalla. Adem\u00e1s, esta propuesta se enfoca en lo colectivo, el grupo y el v\u00ednculo social, rompiendo con los pilares patriarcales de la educaci\u00f3n tradicional.<\/p>\n<p>Aunque en Psicolog\u00eda esta perspectiva ya es una realidad, Serra reconoce que en el \u00e1mbito pedag\u00f3gico a\u00fan es desconocida y puede generar rechazo. Sin embargo, recalca que <strong>\u201cla investigaci\u00f3n cient\u00edfica es contundente en relaci\u00f3n con los efectos del trauma en el desarrollo de las personas, as\u00ed que ya no es una cuesti\u00f3n de si te gusta o no o si &#8216;crees&#8217; en las escuelas sensibles al trauma, estamos hablando de evidencia cient\u00edfica y su aplicaci\u00f3n pr\u00e1ctica en los contextos educativos\u201d<\/strong>.<\/p>\n<p>Si bien la idea de las Escuelas sensibles al trauma puede parecer ut\u00f3pica, Alma Serra aboga por un avance progresivo. Destaca que la educaci\u00f3n actual no est\u00e1 dando respuesta a las necesidades de ni\u00f1os, ni\u00f1as y docentes, lo que se manifiesta en el agotamiento profesional y los problemas escolares. Aunque la responsabilidad no recae \u00fanicamente en los docentes, s\u00ed es crucial que estos conozcan las nuevas investigaciones sobre la psicolog\u00eda del trauma y el v\u00ednculo en el contexto educativo. \u201cEl cambio debe ser un compromiso de todas las personas vinculadas con la educaci\u00f3n y, por supuesto, de la administraci\u00f3n\u201d, asevera.<\/p>\n<p>Para Serra, una de las oportunidades m\u00e1s significativas de este enfoque es que las Escuelas sensibles al trauma priorizan el bienestar del profesorado. \u201cLas escuelas sensibles al trauma no se centran exclusivamente en el bienestar del alumnado, sino que empiezan por el bienestar del profesorado\u201d, explica. Se parte de la premisa de que cuando los docentes se sienten c\u00f3modos consigo mismos y en su entorno laboral, ese bienestar se transmite de forma natural a sus alumnos.<\/p>\n<p>Esto no implica buscar entornos \u201cfelices\u201d e id\u00edlicos, sino fomentar que los docentes desarrollen competencias emocionales como la autorregulaci\u00f3n, la corregulaci\u00f3n, la aceptaci\u00f3n sin sumisi\u00f3n, la trascendencia y la conciencia. Si esto se complementa con formaci\u00f3n en trauma, conducta y v\u00ednculo, el impacto es a\u00fan mayor, especialmente si hay un equipo directivo consciente y formado al frente del centro.<\/p>\n<p>Para concluir, la directora explica que las Escuelas sensibles al trauma ofrecen un marco te\u00f3rico s\u00f3lido para la formaci\u00f3n y el trabajo, proporcionando a los docentes la seguridad para implementar pr\u00e1cticas educativas que favorecen el bienestar y el desarrollo integral, involucrando, en la medida de lo posible y de forma realista, a las familias y a la administraci\u00f3n.<\/p>\n","protected":false},"excerpt":{"rendered":"<p>La psic\u00f3loga Alma Serra subraya que la implementaci\u00f3n de las Escuelas sensibles al trauma implica un \u201ccambio cultural\u201d que impacta en todas las \u00e1reas de la comunidad educativa.<\/p>\n","protected":false},"author":6,"featured_media":30887557,"comment_status":"closed","ping_status":"open","sticky":false,"template":"","format":"standard","meta":{"_monsterinsights_skip_tracking":false,"_monsterinsights_sitenote_active":false,"_monsterinsights_sitenote_note":"","_monsterinsights_sitenote_category":0,"footnotes":""},"categories":[729],"tags":[23,22,465,519,142],"class_list":["post-30887556","post","type-post","status-publish","format-standard","has-post-thumbnail","hentry","category-cursos-verano","tag-carmona","tag-cursos-de-verano","tag-educacion","tag-olavide-en-carmona","tag-psicologia"],"_links":{"self":[{"href":"https:\/\/www.upo.es\/diario\/wp-json\/wp\/v2\/posts\/30887556","targetHints":{"allow":["GET"]}}],"collection":[{"href":"https:\/\/www.upo.es\/diario\/wp-json\/wp\/v2\/posts"}],"about":[{"href":"https:\/\/www.upo.es\/diario\/wp-json\/wp\/v2\/types\/post"}],"author":[{"embeddable":true,"href":"https:\/\/www.upo.es\/diario\/wp-json\/wp\/v2\/users\/6"}],"replies":[{"embeddable":true,"href":"https:\/\/www.upo.es\/diario\/wp-json\/wp\/v2\/comments?post=30887556"}],"version-history":[{"count":1,"href":"https:\/\/www.upo.es\/diario\/wp-json\/wp\/v2\/posts\/30887556\/revisions"}],"predecessor-version":[{"id":30887558,"href":"https:\/\/www.upo.es\/diario\/wp-json\/wp\/v2\/posts\/30887556\/revisions\/30887558"}],"wp:featuredmedia":[{"embeddable":true,"href":"https:\/\/www.upo.es\/diario\/wp-json\/wp\/v2\/media\/30887557"}],"wp:attachment":[{"href":"https:\/\/www.upo.es\/diario\/wp-json\/wp\/v2\/media?parent=30887556"}],"wp:term":[{"taxonomy":"category","embeddable":true,"href":"https:\/\/www.upo.es\/diario\/wp-json\/wp\/v2\/categories?post=30887556"},{"taxonomy":"post_tag","embeddable":true,"href":"https:\/\/www.upo.es\/diario\/wp-json\/wp\/v2\/tags?post=30887556"}],"curies":[{"name":"wp","href":"https:\/\/api.w.org\/{rel}","templated":true}]}}