{"id":30887579,"date":"2025-07-09T11:23:08","date_gmt":"2025-07-09T09:23:08","guid":{"rendered":"https:\/\/www.upo.es\/diario\/?p=30887579"},"modified":"2025-07-09T11:23:08","modified_gmt":"2025-07-09T09:23:08","slug":"concluye-la-instalacion-de-toldos-sobre-la-senda-que-une-el-centro-del-campus-con-la-estacion-de-metro-pablo-de-olavide","status":"publish","type":"post","link":"https:\/\/www.upo.es\/diario\/comunidad\/2025\/07\/concluye-la-instalacion-de-toldos-sobre-la-senda-que-une-el-centro-del-campus-con-la-estacion-de-metro-pablo-de-olavide\/","title":{"rendered":"Concluye la instalaci\u00f3n de toldos sobre la senda que une el centro del campus con la estaci\u00f3n de Metro Pablo de Olavide"},"content":{"rendered":"<figure id=\"attachment_30887580\" aria-describedby=\"caption-attachment-30887580\" style=\"width: 750px\" class=\"wp-caption aligncenter\"><a href=\"https:\/\/www.upo.es\/diario\/wp-content\/uploads\/2025\/07\/09072025-Toldos-senda-Metro-8358-scaled.jpg\"><img loading=\"lazy\" decoding=\"async\" class=\"size-large wp-image-30887580\" src=\"https:\/\/www.upo.es\/diario\/wp-content\/uploads\/2025\/07\/09072025-Toldos-senda-Metro-8358-750x500.jpg\" alt=\"Senda peatonal que conduce hasta la estaci\u00f3n de Metro Pablo de Olavide\" width=\"750\" height=\"500\" srcset=\"https:\/\/www.upo.es\/diario\/wp-content\/uploads\/2025\/07\/09072025-Toldos-senda-Metro-8358-750x500.jpg 750w, https:\/\/www.upo.es\/diario\/wp-content\/uploads\/2025\/07\/09072025-Toldos-senda-Metro-8358-420x280.jpg 420w, https:\/\/www.upo.es\/diario\/wp-content\/uploads\/2025\/07\/09072025-Toldos-senda-Metro-8358-768x512.jpg 768w, https:\/\/www.upo.es\/diario\/wp-content\/uploads\/2025\/07\/09072025-Toldos-senda-Metro-8358-1536x1024.jpg 1536w, https:\/\/www.upo.es\/diario\/wp-content\/uploads\/2025\/07\/09072025-Toldos-senda-Metro-8358-2048x1365.jpg 2048w, https:\/\/www.upo.es\/diario\/wp-content\/uploads\/2025\/07\/09072025-Toldos-senda-Metro-8358-165x109.jpg 165w, https:\/\/www.upo.es\/diario\/wp-content\/uploads\/2025\/07\/09072025-Toldos-senda-Metro-8358-1320x880.jpg 1320w\" sizes=\"auto, (max-width: 750px) 100vw, 750px\" \/><\/a><figcaption id=\"caption-attachment-30887580\" class=\"wp-caption-text\">Senda peatonal que conduce hasta la estaci\u00f3n de Metro Pablo de Olavide<\/figcaption><\/figure>\n<p>El rector de la Universidad Pablo de Olavide ha visitado esta ma\u00f1ana el <strong>camino peatonal que conduce desde la calle Juan de Villanueva hasta la estaci\u00f3n de Metro del campus, en la Avenida de Sevilla, cuyos trabajos de sombreado en su tramo final han concluido recientemente gracias a la instalaci\u00f3n de postes y lonas a lo largo de la v\u00eda<\/strong>. Francisco Oliva ha estado acompa\u00f1ado del vicerrector de Infraestructuras y Sostenibilidad, Juan R. Tejedo, y de Concepci\u00f3n Mart\u00edn, gerente de la Universidad, junto a varios miembros del equipo de direcci\u00f3n de la UPO.<\/p>\n<p><a href=\"https:\/\/www.upo.es\/diario\/wp-content\/uploads\/2025\/07\/09072025-Toldos-senda-Metro-8387-scaled.jpg\"><img loading=\"lazy\" decoding=\"async\" class=\"alignright size-medium wp-image-30887581\" src=\"https:\/\/www.upo.es\/diario\/wp-content\/uploads\/2025\/07\/09072025-Toldos-senda-Metro-8387-280x420.jpg\" alt=\"Francisco Oliva visita junto a miembros del equipo de direcci\u00f3n el sombreado del camino hasta el Metro\" width=\"280\" height=\"420\" srcset=\"https:\/\/www.upo.es\/diario\/wp-content\/uploads\/2025\/07\/09072025-Toldos-senda-Metro-8387-280x420.jpg 280w, https:\/\/www.upo.es\/diario\/wp-content\/uploads\/2025\/07\/09072025-Toldos-senda-Metro-8387-350x525.jpg 350w, https:\/\/www.upo.es\/diario\/wp-content\/uploads\/2025\/07\/09072025-Toldos-senda-Metro-8387-768x1152.jpg 768w, https:\/\/www.upo.es\/diario\/wp-content\/uploads\/2025\/07\/09072025-Toldos-senda-Metro-8387-1024x1536.jpg 1024w, https:\/\/www.upo.es\/diario\/wp-content\/uploads\/2025\/07\/09072025-Toldos-senda-Metro-8387-1365x2048.jpg 1365w, https:\/\/www.upo.es\/diario\/wp-content\/uploads\/2025\/07\/09072025-Toldos-senda-Metro-8387-1320x1980.jpg 1320w, https:\/\/www.upo.es\/diario\/wp-content\/uploads\/2025\/07\/09072025-Toldos-senda-Metro-8387-scaled.jpg 1707w\" sizes=\"auto, (max-width: 280px) 100vw, 280px\" \/><\/a><strong>La senda peatonal est\u00e1 pavimentada y, aunque transcurre por una zona verde del campus con arbustos y \u00e1rboles, no contaba con sombra en todo su recorrido, por lo que se han instalado toldos de 2,5 metros de ancho<\/strong> para proteger del sol y mitigar as\u00ed las altas temperaturas que se dan con frecuencia en la ciudad durante la primavera y el verano. De este modo, se facilita que el tr\u00e1nsito a pie sea m\u00e1s confortable hasta la zona central del campus, donde se sit\u00faan las aulas y los principales centros de gesti\u00f3n e investigaci\u00f3n, tanto desde la red de Metro de Sevilla como del futuro Tranv\u00eda Metropolitano de Alcal\u00e1 de Guada\u00edra.<\/p>\n","protected":false},"excerpt":{"rendered":"<p>El rector de la Universidad Pablo de Olavide ha visitado esta ma\u00f1ana el camino peatonal que conduce desde la calle Juan de Villanueva hasta la estaci\u00f3n de Metro del campus, en la Avenida de Sevilla, cuyos trabajos de sombreado en su tramo final han concluido recientemente gracias a la instalaci\u00f3n de postes y lonas a lo largo de la v\u00eda.<\/p>\n","protected":false},"author":6,"featured_media":30887580,"comment_status":"closed","ping_status":"open","sticky":false,"template":"","format":"standard","meta":{"_monsterinsights_skip_tracking":false,"_monsterinsights_sitenote_active":false,"_monsterinsights_sitenote_note":"","_monsterinsights_sitenote_category":0,"footnotes":""},"categories":[5842],"tags":[107],"class_list":["post-30887579","post","type-post","status-publish","format-standard","has-post-thumbnail","hentry","category-comunidad","tag-campus"],"_links":{"self":[{"href":"https:\/\/www.upo.es\/diario\/wp-json\/wp\/v2\/posts\/30887579","targetHints":{"allow":["GET"]}}],"collection":[{"href":"https:\/\/www.upo.es\/diario\/wp-json\/wp\/v2\/posts"}],"about":[{"href":"https:\/\/www.upo.es\/diario\/wp-json\/wp\/v2\/types\/post"}],"author":[{"embeddable":true,"href":"https:\/\/www.upo.es\/diario\/wp-json\/wp\/v2\/users\/6"}],"replies":[{"embeddable":true,"href":"https:\/\/www.upo.es\/diario\/wp-json\/wp\/v2\/comments?post=30887579"}],"version-history":[{"count":2,"href":"https:\/\/www.upo.es\/diario\/wp-json\/wp\/v2\/posts\/30887579\/revisions"}],"predecessor-version":[{"id":30887583,"href":"https:\/\/www.upo.es\/diario\/wp-json\/wp\/v2\/posts\/30887579\/revisions\/30887583"}],"wp:featuredmedia":[{"embeddable":true,"href":"https:\/\/www.upo.es\/diario\/wp-json\/wp\/v2\/media\/30887580"}],"wp:attachment":[{"href":"https:\/\/www.upo.es\/diario\/wp-json\/wp\/v2\/media?parent=30887579"}],"wp:term":[{"taxonomy":"category","embeddable":true,"href":"https:\/\/www.upo.es\/diario\/wp-json\/wp\/v2\/categories?post=30887579"},{"taxonomy":"post_tag","embeddable":true,"href":"https:\/\/www.upo.es\/diario\/wp-json\/wp\/v2\/tags?post=30887579"}],"curies":[{"name":"wp","href":"https:\/\/api.w.org\/{rel}","templated":true}]}}