{"id":30887602,"date":"2025-07-10T06:22:45","date_gmt":"2025-07-10T04:22:45","guid":{"rendered":"https:\/\/www.upo.es\/diario\/?p=30887602"},"modified":"2025-07-10T13:25:39","modified_gmt":"2025-07-10T11:25:39","slug":"la-universidad-pablo-de-olavide-y-el-colegio-oficial-de-enfermeria-de-sevilla-lanzan-sus-primeras-microcredenciales-conjuntas","status":"publish","type":"post","link":"https:\/\/www.upo.es\/diario\/institucional\/2025\/07\/la-universidad-pablo-de-olavide-y-el-colegio-oficial-de-enfermeria-de-sevilla-lanzan-sus-primeras-microcredenciales-conjuntas\/","title":{"rendered":"La Universidad Pablo de Olavide y el Colegio Oficial de Enfermer\u00eda de Sevilla lanzan sus primeras microcredenciales conjuntas"},"content":{"rendered":"<figure id=\"attachment_30887604\" aria-describedby=\"caption-attachment-30887604\" style=\"width: 750px\" class=\"wp-caption aligncenter\"><a href=\"https:\/\/www.upo.es\/diario\/wp-content\/uploads\/2025\/07\/convenio-UPO-ICOES-scaled.jpg\"><img loading=\"lazy\" decoding=\"async\" class=\"wp-image-30887604 size-large\" src=\"https:\/\/www.upo.es\/diario\/wp-content\/uploads\/2025\/07\/convenio-UPO-ICOES-750x500.jpg\" alt=\"M\u00aa Dolores Ortiz, Laura L\u00f3pez de la Cruz, Francisco Oliva, V\u00edctor Boh\u00f3rquez S\u00e1nchez y Bienvenida Gala \" width=\"750\" height=\"500\" srcset=\"https:\/\/www.upo.es\/diario\/wp-content\/uploads\/2025\/07\/convenio-UPO-ICOES-750x500.jpg 750w, https:\/\/www.upo.es\/diario\/wp-content\/uploads\/2025\/07\/convenio-UPO-ICOES-420x280.jpg 420w, https:\/\/www.upo.es\/diario\/wp-content\/uploads\/2025\/07\/convenio-UPO-ICOES-768x512.jpg 768w, https:\/\/www.upo.es\/diario\/wp-content\/uploads\/2025\/07\/convenio-UPO-ICOES-1536x1024.jpg 1536w, https:\/\/www.upo.es\/diario\/wp-content\/uploads\/2025\/07\/convenio-UPO-ICOES-2048x1365.jpg 2048w, https:\/\/www.upo.es\/diario\/wp-content\/uploads\/2025\/07\/convenio-UPO-ICOES-165x109.jpg 165w, https:\/\/www.upo.es\/diario\/wp-content\/uploads\/2025\/07\/convenio-UPO-ICOES-1320x880.jpg 1320w\" sizes=\"auto, (max-width: 750px) 100vw, 750px\" \/><\/a><figcaption id=\"caption-attachment-30887604\" class=\"wp-caption-text\">M\u00aa Dolores Ortiz, Laura L\u00f3pez de la Cruz, Francisco Oliva, V\u00edctor Boh\u00f3rquez S\u00e1nchez y Bienvenida Gala<\/figcaption><\/figure>\n<p>La Universidad Pablo de Olavide y el Ilustre Colegio Oficial de Enfermer\u00eda de Sevilla (ICOES) han puesto en marcha sus primeras microcredenciales conjuntas, apostando por esta modalidad formativa para garantizar la actualizaci\u00f3n de los profesionales de la enfermer\u00eda en cuidados espec\u00edficos y necesarios. Estas microcredenciales, que se enmarcan en el convenio de colaboraci\u00f3n firmado recientemente entre ambas entidades, <strong>abordar\u00e1n temas sobre cirug\u00eda menor y ecograf\u00eda b\u00e1sica para matronas y comenzar\u00e1n a impartirse el pr\u00f3ximo 1 de octubre<\/strong>.<\/p>\n<p>En concreto, el curso<strong> \u2018Cirug\u00eda menor b\u00e1sica\u2019 es una formaci\u00f3n fundamental en una de las \u00e1reas de capacitaci\u00f3n profesional del \u00e1mbito de la enfermer\u00eda<\/strong> que exige conocimientos te\u00f3ricos m\u00e1s s\u00f3lidos y habilidades pr\u00e1cticas altamente especializadas. Este programa consta de cinco bloques tem\u00e1ticos que abordar\u00e1n la cirug\u00eda menor, los anest\u00e9sicos locales, la anatom\u00eda superficial de la piel, las medidas para mejorar el aspecto final de la cicatriz e incluye un taller pr\u00e1ctico de suturas sobre soporte biol\u00f3gico.<\/p>\n<p>Por su parte, el curso <strong>\u2018Ecograf\u00eda b\u00e1sica para matronas\u2019 proporcionar\u00e1 a su alumnado los conocimientos te\u00f3ricos y pr\u00e1cticos fundamentales para el manejo b\u00e1sico del ec\u00f3grafo y la interpretaci\u00f3n de im\u00e1genes ecogr\u00e1ficas en las distintas etapas de la gestaci\u00f3n<\/strong>. Esta formaci\u00f3n, que combina la teor\u00eda y la pr\u00e1ctica, ofrece una capacitaci\u00f3n clave para el ejercicio profesional tanto en el \u00e1mbito p\u00fablico como privado y est\u00e1 dise\u00f1ada para garantizar la adquisici\u00f3n real de competencias cl\u00ednicas.<\/p>\n<p>Estos t\u00edtulos, que combinar\u00e1n el <strong>formato h\u00edbrido<\/strong> en su impartici\u00f3n, tiene ya abierto el plazo de matr\u00edcula y ofrecer\u00e1n a las <strong>personas colegiadas en el ICOES acogerse a una tarifa reducida<\/strong> sobre el precio vigente de las matr\u00edculas fruto del convenio de colaboraci\u00f3n entre la UPO y esta instituci\u00f3n.<\/p>\n<p>Las <a href=\"https:\/\/www.upo.es\/formacionpermanente\/microcredenciales\/\">microcredenciales<\/a> universitarias son un formato de formaci\u00f3n especializada que permite, en un breve periodo de tiempo, la adquisici\u00f3n espec\u00edfica de capacidades y competencias adaptadas a las necesidades del mercado laboral actual Estas formaciones, impulsadas por la Uni\u00f3n Europea, ofrecen una alta cualificaci\u00f3n profesional a los diferentes sectores de la poblaci\u00f3n adem\u00e1s de fomentar la inclusi\u00f3n, la igualdad de oportunidades y facilitar el acceso a la educaci\u00f3n y la formaci\u00f3n profesional.<\/p>\n<p>El ICOES agrupa a todos los profesionales de enfermer\u00eda de la provincia de Sevilla, fue creado en el a\u00f1o 1864 y desde entonces est\u00e1 al servicio de la sociedad en general y de los colegiados en particular, apuesta por la formaci\u00f3n como herramienta b\u00e1sica para la actualizaci\u00f3n y el desarrollo profesional y tiene como uno de sus baluartes, el reciclaje profesional.<\/p>\n<p>M\u00e1s informaci\u00f3n: <a href=\"https:\/\/www.upo.es\/formacionpermanente\/microcredenciales\/cirugia-menor-basica\/\">\u2018Cirug\u00eda menor b\u00e1sica&#8217;<\/a> y <a href=\"https:\/\/www.upo.es\/formacionpermanente\/microcredenciales\/ecografia-basica-para-matronas\/\">&#8216;Ecograf\u00eda b\u00e1sica para matronas&#8217;<\/a><\/p>\n<p>Fuente: Fundaci\u00f3n Universidad Pablo de Olavide<\/p>\n","protected":false},"excerpt":{"rendered":"<p>La Universidad Pablo de Olavide y el Ilustre Colegio Oficial de Enfermer\u00eda de Sevilla (ICOES) han puesto en marcha sus primeras microcredenciales conjuntas, apostando por esta modalidad formativa para garantizar la actualizaci\u00f3n de los profesionales de la enfermer\u00eda en cuidados espec\u00edficos y necesarios. Estas microcredenciales, que se enmarcan en el convenio de colaboraci\u00f3n firmado recientemente entre ambas entidades, abordar\u00e1n temas sobre cirug\u00eda menor y ecograf\u00eda b\u00e1sica para matronas y comenzar\u00e1n a impartirse el pr\u00f3ximo 1 de octubre.<\/p>\n","protected":false},"author":6,"featured_media":30887604,"comment_status":"closed","ping_status":"open","sticky":false,"template":"","format":"standard","meta":{"_monsterinsights_skip_tracking":false,"_monsterinsights_sitenote_active":false,"_monsterinsights_sitenote_note":"","_monsterinsights_sitenote_category":0,"footnotes":""},"categories":[6],"tags":[9256,5057,328,2474,7800,218],"class_list":["post-30887602","post","type-post","status-publish","format-standard","has-post-thumbnail","hentry","category-institucional","tag-enfermeria","tag-formacion-continua","tag-formacion-permanente","tag-fundacion-universidad-pablo-de-olavide","tag-microcredenciales","tag-salud"],"_links":{"self":[{"href":"https:\/\/www.upo.es\/diario\/wp-json\/wp\/v2\/posts\/30887602","targetHints":{"allow":["GET"]}}],"collection":[{"href":"https:\/\/www.upo.es\/diario\/wp-json\/wp\/v2\/posts"}],"about":[{"href":"https:\/\/www.upo.es\/diario\/wp-json\/wp\/v2\/types\/post"}],"author":[{"embeddable":true,"href":"https:\/\/www.upo.es\/diario\/wp-json\/wp\/v2\/users\/6"}],"replies":[{"embeddable":true,"href":"https:\/\/www.upo.es\/diario\/wp-json\/wp\/v2\/comments?post=30887602"}],"version-history":[{"count":4,"href":"https:\/\/www.upo.es\/diario\/wp-json\/wp\/v2\/posts\/30887602\/revisions"}],"predecessor-version":[{"id":30887607,"href":"https:\/\/www.upo.es\/diario\/wp-json\/wp\/v2\/posts\/30887602\/revisions\/30887607"}],"wp:featuredmedia":[{"embeddable":true,"href":"https:\/\/www.upo.es\/diario\/wp-json\/wp\/v2\/media\/30887604"}],"wp:attachment":[{"href":"https:\/\/www.upo.es\/diario\/wp-json\/wp\/v2\/media?parent=30887602"}],"wp:term":[{"taxonomy":"category","embeddable":true,"href":"https:\/\/www.upo.es\/diario\/wp-json\/wp\/v2\/categories?post=30887602"},{"taxonomy":"post_tag","embeddable":true,"href":"https:\/\/www.upo.es\/diario\/wp-json\/wp\/v2\/tags?post=30887602"}],"curies":[{"name":"wp","href":"https:\/\/api.w.org\/{rel}","templated":true}]}}