{"id":30887611,"date":"2025-07-10T14:47:39","date_gmt":"2025-07-10T12:47:39","guid":{"rendered":"https:\/\/www.upo.es\/diario\/?p=30887611"},"modified":"2025-07-10T14:47:39","modified_gmt":"2025-07-10T12:47:39","slug":"declaracion-institucional-de-la-ii-cumbre-de-universidades-publicas-de-andalucia-y-canarias","status":"publish","type":"post","link":"https:\/\/www.upo.es\/diario\/institucional\/2025\/07\/declaracion-institucional-de-la-ii-cumbre-de-universidades-publicas-de-andalucia-y-canarias\/","title":{"rendered":"Declaraci\u00f3n institucional de la II Cumbre de Universidades P\u00fablicas de Andaluc\u00eda y Canarias"},"content":{"rendered":"<p><a href=\"https:\/\/www.upo.es\/diario\/wp-content\/uploads\/2025\/07\/Encuentro-AUPA-Univ-Canarias-scaled.jpg\"><img loading=\"lazy\" decoding=\"async\" class=\"aligncenter size-large wp-image-30887614\" src=\"https:\/\/www.upo.es\/diario\/wp-content\/uploads\/2025\/07\/Encuentro-AUPA-Univ-Canarias-750x438.jpg\" alt=\"\" width=\"750\" height=\"438\" srcset=\"https:\/\/www.upo.es\/diario\/wp-content\/uploads\/2025\/07\/Encuentro-AUPA-Univ-Canarias-750x438.jpg 750w, https:\/\/www.upo.es\/diario\/wp-content\/uploads\/2025\/07\/Encuentro-AUPA-Univ-Canarias-420x245.jpg 420w, https:\/\/www.upo.es\/diario\/wp-content\/uploads\/2025\/07\/Encuentro-AUPA-Univ-Canarias-768x449.jpg 768w, https:\/\/www.upo.es\/diario\/wp-content\/uploads\/2025\/07\/Encuentro-AUPA-Univ-Canarias-1536x898.jpg 1536w, https:\/\/www.upo.es\/diario\/wp-content\/uploads\/2025\/07\/Encuentro-AUPA-Univ-Canarias-2048x1197.jpg 2048w, https:\/\/www.upo.es\/diario\/wp-content\/uploads\/2025\/07\/Encuentro-AUPA-Univ-Canarias-1320x772.jpg 1320w\" sizes=\"auto, (max-width: 750px) 100vw, 750px\" \/><\/a>Los rectores de las universidades p\u00fablicas andaluzas y canarias manifestamos nuestro firme compromiso de colaboraci\u00f3n estrat\u00e9gica, para impulsar de manera coordinada todas aquellas pol\u00edticas que redunden en beneficio de las comunidades universitarias a las que representamos y de un mejor desempe\u00f1o de la funci\u00f3n<br \/>\nsocial que tienen encomendadas nuestras instituciones.<\/p>\n<p>En este sentido, las universidades firmantes acordamos:<\/p>\n<p>1. Trasladar a los gobiernos auton\u00f3micos y estatal nuestra creciente preocupaci\u00f3n por la proliferaci\u00f3n desmedida de universidades privadas de dudosa calidad en nuestras comunidades aut\u00f3nomas, donde ya se han autorizado un total de 6 y 5 campus privados respectivamente.<\/p>\n<p style=\"padding-left: 40px;\">a. Por ello, instamos a que se garantice por ley que estos nuevos centros de formaci\u00f3n cumplen con los requisitos m\u00ednimos exigibles para ser considerados universidades, atendiendo de forma adecuada todas las misiones b\u00e1sicas de la educaci\u00f3n superior: ense\u00f1anza, investigaci\u00f3n y transferencia del conocimiento.<\/p>\n<p style=\"padding-left: 40px;\">b. Asimismo, reclamamos a ambas administraciones auton\u00f3micas que la autorizaci\u00f3n de nuevos t\u00edtulos se realice en base a criterios estrat\u00e9gicos que antepongan el inter\u00e9s general al lucro particular.<\/p>\n<p>2. En relaci\u00f3n a la financiaci\u00f3n, ambos sistemas universitarios nos encontramos infrafinanciados respecto al m\u00ednimo exigido por la LOSU, que sit\u00faa en el 1% del PIB el suelo de inversi\u00f3n p\u00fablica en educaci\u00f3n superior. Por ello, demandamos un marco de financiaci\u00f3n plurianual que defina de forma clara, estable y ambiciosa<br \/>\nc\u00f3mo y cu\u00e1ndo se va a dar cumplimiento al mandato que establece la nueva legislaci\u00f3n.<\/p>\n<p>3. La autonom\u00eda universitaria consagrada en el art\u00edculo 27.10 de la Constituci\u00f3n Espa\u00f1ola est\u00e1 siendo puesta en entredicho por algunas de las recientes iniciativas legislativas, como la Ley de Consejos Sociales y Coordinaci\u00f3n del Sistema Universitario de Canarias, que subvierte la legitimidad democr\u00e1tica de los \u00f3rganos colegiados y unipersonales de la universidad, y abre la puerta a la injerencia pol\u00edtica en el funcionamiento ordinario de la academia. En este sentido, expresamos nuestra preocupaci\u00f3n por una tendencia intervencionista que est\u00e1 avanzando en diferentes pa\u00edses y realidades y que amenaza la autonom\u00eda del sistema universitario espa\u00f1ol<br \/>\nen su conjunto.<\/p>\n<p>4. Igualmente, reivindicamos la necesidad de apoyar, impulsar y promover una mayor ambici\u00f3n de los gobiernos auton\u00f3micos y estatal en relaci\u00f3n a la inversi\u00f3n en ciencia y tecnolog\u00eda, principal motor del desarrollo econ\u00f3mico y social de cualquier territorio. En consecuencia, solicitamos que se incremente y se creen nuevos instrumentos de financiaci\u00f3n de la I+D+i de excelencia, que nos permita converger con la media europea en inversi\u00f3n en ciencia b\u00e1sica y aplicada. Sin olvidar que los pa\u00edses m\u00e1s desarrollados y con mayor crecimiento superan ya el 3% del PIB en inversi\u00f3n total en su sistema cient\u00edfico.<\/p>\n<hr \/>\n<p>Jos\u00e9 Joaqu\u00edn C\u00e9spedes Lorente, Rector de la Universidad de Almer\u00eda<br \/>\nCasimiro Mantell Serrano, Rector de la Universidad de C\u00e1diz<br \/>\nManuel Torralbo Rodr\u00edguez, Rector de la Universidad de C\u00f3rdoba<br \/>\nPedro Mercado Pacheco, Rector de la Universidad de Granada<br \/>\nJos\u00e9 Rodr\u00edguez Quintero, Rector de la Universidad de Huelva<br \/>\nJos\u00e9 Ignacio Garc\u00eda P\u00e9rez, Rector de la Universidad Internacional de Andaluc\u00eda<br \/>\nNicol\u00e1s Ruiz Reyes, Rector de la Universidad de Ja\u00e9n<br \/>\nFrancisco Javier Garc\u00eda Rodr\u00edguez, Rector de la Universidad de La Laguna<br \/>\nLlu\u00eds Serra Majem, Rector Universidad de Las Palmas de Gran Canaria<br \/>\nJuan Teodomiro L\u00f3pez Navarrete, Rector Universidad de M\u00e1laga<br \/>\nFrancisco Oliva Bl\u00e1zquez, Rector de la Universidad Pablo de Olavide y presidente<br \/>\nde AUPA<br \/>\nMiguel \u00c1ngel Castro Arroyo, Rector de la Universidad de Sevilla<\/p>\n","protected":false},"excerpt":{"rendered":"<p>Los rectores de las universidades p\u00fablicas andaluzas y canarias manifestamos nuestro firme compromiso de colaboraci\u00f3n estrat\u00e9gica, para impulsar de manera coordinada todas aquellas pol\u00edticas que redunden en beneficio de las comunidades universitarias a las que representamos y de un mejor desempe\u00f1o de la funci\u00f3n social que tienen encomendadas nuestras instituciones. En este sentido, las universidades firmantes acordamos: 1. Trasladar a<a class=\"read-more\" href=\"https:\/\/www.upo.es\/diario\/institucional\/2025\/07\/declaracion-institucional-de-la-ii-cumbre-de-universidades-publicas-de-andalucia-y-canarias\/\">[Read More&#8230;]<\/a><\/p>\n","protected":false},"author":6,"featured_media":30887614,"comment_status":"closed","ping_status":"open","sticky":false,"template":"","format":"standard","meta":{"_monsterinsights_skip_tracking":false,"_monsterinsights_sitenote_active":false,"_monsterinsights_sitenote_note":"","_monsterinsights_sitenote_category":0,"footnotes":""},"categories":[6],"tags":[1661,2190,202,874,9052],"class_list":["post-30887611","post","type-post","status-publish","format-standard","has-post-thumbnail","hentry","category-institucional","tag-canarias","tag-educacion-superior","tag-encuentro-institucional","tag-financiacion","tag-universidades-publicas-de-andalucia"],"_links":{"self":[{"href":"https:\/\/www.upo.es\/diario\/wp-json\/wp\/v2\/posts\/30887611","targetHints":{"allow":["GET"]}}],"collection":[{"href":"https:\/\/www.upo.es\/diario\/wp-json\/wp\/v2\/posts"}],"about":[{"href":"https:\/\/www.upo.es\/diario\/wp-json\/wp\/v2\/types\/post"}],"author":[{"embeddable":true,"href":"https:\/\/www.upo.es\/diario\/wp-json\/wp\/v2\/users\/6"}],"replies":[{"embeddable":true,"href":"https:\/\/www.upo.es\/diario\/wp-json\/wp\/v2\/comments?post=30887611"}],"version-history":[{"count":3,"href":"https:\/\/www.upo.es\/diario\/wp-json\/wp\/v2\/posts\/30887611\/revisions"}],"predecessor-version":[{"id":30887615,"href":"https:\/\/www.upo.es\/diario\/wp-json\/wp\/v2\/posts\/30887611\/revisions\/30887615"}],"wp:featuredmedia":[{"embeddable":true,"href":"https:\/\/www.upo.es\/diario\/wp-json\/wp\/v2\/media\/30887614"}],"wp:attachment":[{"href":"https:\/\/www.upo.es\/diario\/wp-json\/wp\/v2\/media?parent=30887611"}],"wp:term":[{"taxonomy":"category","embeddable":true,"href":"https:\/\/www.upo.es\/diario\/wp-json\/wp\/v2\/categories?post=30887611"},{"taxonomy":"post_tag","embeddable":true,"href":"https:\/\/www.upo.es\/diario\/wp-json\/wp\/v2\/tags?post=30887611"}],"curies":[{"name":"wp","href":"https:\/\/api.w.org\/{rel}","templated":true}]}}