{"id":30887617,"date":"2025-07-10T18:33:47","date_gmt":"2025-07-10T16:33:47","guid":{"rendered":"https:\/\/www.upo.es\/diario\/?p=30887617"},"modified":"2025-07-15T09:45:12","modified_gmt":"2025-07-15T07:45:12","slug":"manana-se-abre-el-plazo-de-preinscripcion-en-las-universidades-publicas-andaluzas-tras-la-fase-extraordinaria-de-la-pau","status":"publish","type":"post","link":"https:\/\/www.upo.es\/diario\/institucional\/2025\/07\/manana-se-abre-el-plazo-de-preinscripcion-en-las-universidades-publicas-andaluzas-tras-la-fase-extraordinaria-de-la-pau\/","title":{"rendered":"Ma\u00f1ana se abre el plazo de preinscripci\u00f3n en las Universidades P\u00fablicas Andaluzas tras la fase extraordinaria de la PAU"},"content":{"rendered":"<figure id=\"attachment_30887516\" aria-describedby=\"caption-attachment-30887516\" style=\"width: 750px\" class=\"wp-caption aligncenter\"><a href=\"https:\/\/www.upo.es\/diario\/wp-content\/uploads\/2025\/07\/PAUextraordinaria_fin_05-1-scaled.jpg\"><img loading=\"lazy\" decoding=\"async\" class=\"size-large wp-image-30887516\" src=\"https:\/\/www.upo.es\/diario\/wp-content\/uploads\/2025\/07\/PAUextraordinaria_fin_05-1-750x500.jpg\" alt=\"\" width=\"750\" height=\"500\" srcset=\"https:\/\/www.upo.es\/diario\/wp-content\/uploads\/2025\/07\/PAUextraordinaria_fin_05-1-750x500.jpg 750w, https:\/\/www.upo.es\/diario\/wp-content\/uploads\/2025\/07\/PAUextraordinaria_fin_05-1-420x280.jpg 420w, https:\/\/www.upo.es\/diario\/wp-content\/uploads\/2025\/07\/PAUextraordinaria_fin_05-1-768x512.jpg 768w, https:\/\/www.upo.es\/diario\/wp-content\/uploads\/2025\/07\/PAUextraordinaria_fin_05-1-1536x1024.jpg 1536w, https:\/\/www.upo.es\/diario\/wp-content\/uploads\/2025\/07\/PAUextraordinaria_fin_05-1-2048x1365.jpg 2048w, https:\/\/www.upo.es\/diario\/wp-content\/uploads\/2025\/07\/PAUextraordinaria_fin_05-1-165x109.jpg 165w, https:\/\/www.upo.es\/diario\/wp-content\/uploads\/2025\/07\/PAUextraordinaria_fin_05-1-1320x880.jpg 1320w\" sizes=\"auto, (max-width: 750px) 100vw, 750px\" \/><\/a><figcaption id=\"caption-attachment-30887516\" class=\"wp-caption-text\">Estudiantes durante la PAU extraordinaria en la UPO.<\/figcaption><\/figure>\n<p>La Universidad Pablo de Olavide ha dado a conocer esta ma\u00f1ana los resultados de la convocatoria extraordinaria de la Prueba de Acceso a la Universidad (PAU). <strong>Del total de estudiantes que se matricularon en la fase de acceso han superado la prueba el 70 por ciento.<\/strong><\/p>\n<p>La UPO ha enviado un SMS en la ma\u00f1ana de hoy jueves 10 de julio con las calificaciones al estudiantado que ha realizado los ex\u00e1menes en su campus. Las calificaciones obtenidas en las pruebas tambi\u00e9n pueden consultarse a trav\u00e9s de los <strong>servicios personales en la web de la Universidad<\/strong> <a href=\"http:\/\/www.upo.es\">www.upo.es<\/a>. La <strong>revisi\u00f3n de ex\u00e1menes<\/strong> podr\u00e1 solicitarse entre el d\u00eda 11 y el 15 de julio inclusives.<\/p>\n<p><strong>Para quienes superen las pruebas, del 11 al 15 de julio se abre el plazo para entregar las solicitudes de admisi\u00f3n, en fase extraordinaria,<\/strong> en los grados que se imparten en las Universidades P\u00fablicas Andaluzas. Todo ello de forma telem\u00e1tica a trav\u00e9s de la p\u00e1gina del <a href=\"https:\/\/www.juntadeandalucia.es\/economiaconocimientoempresasyuniversidad\/sguit\/\">Distrito \u00danico Andaluz<\/a>. Para m\u00e1s informaci\u00f3n, la UPO pone a disposici\u00f3n de los y las estudiantes <a href=\"https:\/\/www.upo.es\/estudiantes\/es\/index.html\">iPuntOlavide<\/a>, un portal de informaci\u00f3n donde encontrar orientaci\u00f3n sobre estos procesos en la secci\u00f3n <a href=\"https:\/\/www.upo.es\/estudiantes\/es\/futuros-estudiantes\/\">Antes del Grado<\/a>.<\/p>\n<p><strong>La primera lista de adjudicaci\u00f3n de plazas se har\u00e1 p\u00fablica el 25 de julio<\/strong>. Tras la publicaci\u00f3n de las listas, el <strong>primer plazo de matr\u00edcula, confirmaci\u00f3n o reserva de plazas comprende del 25 al 28 de julio<\/strong>.<\/p>\n<p>La publicaci\u00f3n de las listas de la <strong>segunda y \u00faltima adjudicaci\u00f3n tendr\u00e1 lugar el 4 de septiembre<\/strong>, siendo <strong>del 4 al 8 de septiembre el segundo y \u00faltimo plazo de matr\u00edcula o confirmaci\u00f3n<\/strong>.<\/p>\n<p>Tras las dos adjudicaciones, se publicar\u00e1n varias listas de resultas en un calendario que se extiende hasta octubre.<\/p>\n<p>El calendario de fechas relevantes del proceso de preinscripci\u00f3n para iniciar estudios en grados universitarios puede consultarse en el siguiente enlace: <a href=\"https:\/\/www.juntadeandalucia.es\/economiaconocimientoempresasyuniversidad\/sguit\/?q=grados&amp;d=g_calendario.php\">https:\/\/www.juntadeandalucia.es\/economiaconocimientoempresasyuniversidad\/sguit\/?q=grados&amp;d=g_calendario.php<\/a><\/p>\n<p>&nbsp;<\/p>\n<h3><strong>M\u00e1s informaci\u00f3n:<\/strong><\/h3>\n<p><a href=\"https:\/\/www.upo.es\/asistencia-estudiante\/\">\u00c1rea de Estudiantes de Grado<\/a><\/p>\n<p><a href=\"https:\/\/www.upo.es\/estudiantes\/es\/\">iPuntOlavide, Portal de Estudiantes de la UPO<\/a><\/p>\n<p><a href=\"https:\/\/www.juntadeandalucia.es\/economiaconocimientoempresasyuniversidad\/sguit\/?q=grados\">Distrito \u00danico Andaluz<\/a><\/p>\n<p>Toda nuestra oferta de grados y dobles grados en <a href=\"http:\/\/www.upo.es\/laolavideerestu\">www.upo.es\/laolavideerestu<\/a><\/p>\n<p>&nbsp;<\/p>\n","protected":false},"excerpt":{"rendered":"<p>La Universidad Pablo de Olavide ha dado a conocer esta ma\u00f1ana los resultados de la convocatoria extraordinaria de la Prueba de Acceso a la Universidad (PAU). Del total de estudiantes que se matricularon en la fase de acceso han superado la prueba el 70 por ciento.<\/p>\n","protected":false},"author":2,"featured_media":30887516,"comment_status":"closed","ping_status":"open","sticky":false,"template":"","format":"standard","meta":{"_monsterinsights_skip_tracking":false,"_monsterinsights_sitenote_active":false,"_monsterinsights_sitenote_note":"","_monsterinsights_sitenote_category":0,"footnotes":""},"categories":[6],"tags":[9189,644,2613,717,21,2605,668,9232,690,2114],"class_list":["post-30887617","post","type-post","status-publish","format-standard","has-post-thumbnail","hentry","category-institucional","tag-area-de-estudiantes-de-grado","tag-bachillerato","tag-calificaciones","tag-distrito-unico-andaluz","tag-estudiantes","tag-notas","tag-pau","tag-pau-extraordinaria","tag-prueba-de-acceso-a-la-universidad","tag-vicerrectorado-de-estudiantes"],"_links":{"self":[{"href":"https:\/\/www.upo.es\/diario\/wp-json\/wp\/v2\/posts\/30887617","targetHints":{"allow":["GET"]}}],"collection":[{"href":"https:\/\/www.upo.es\/diario\/wp-json\/wp\/v2\/posts"}],"about":[{"href":"https:\/\/www.upo.es\/diario\/wp-json\/wp\/v2\/types\/post"}],"author":[{"embeddable":true,"href":"https:\/\/www.upo.es\/diario\/wp-json\/wp\/v2\/users\/2"}],"replies":[{"embeddable":true,"href":"https:\/\/www.upo.es\/diario\/wp-json\/wp\/v2\/comments?post=30887617"}],"version-history":[{"count":1,"href":"https:\/\/www.upo.es\/diario\/wp-json\/wp\/v2\/posts\/30887617\/revisions"}],"predecessor-version":[{"id":30887618,"href":"https:\/\/www.upo.es\/diario\/wp-json\/wp\/v2\/posts\/30887617\/revisions\/30887618"}],"wp:featuredmedia":[{"embeddable":true,"href":"https:\/\/www.upo.es\/diario\/wp-json\/wp\/v2\/media\/30887516"}],"wp:attachment":[{"href":"https:\/\/www.upo.es\/diario\/wp-json\/wp\/v2\/media?parent=30887617"}],"wp:term":[{"taxonomy":"category","embeddable":true,"href":"https:\/\/www.upo.es\/diario\/wp-json\/wp\/v2\/categories?post=30887617"},{"taxonomy":"post_tag","embeddable":true,"href":"https:\/\/www.upo.es\/diario\/wp-json\/wp\/v2\/tags?post=30887617"}],"curies":[{"name":"wp","href":"https:\/\/api.w.org\/{rel}","templated":true}]}}