{"id":30887673,"date":"2025-07-18T10:44:50","date_gmt":"2025-07-18T08:44:50","guid":{"rendered":"https:\/\/www.upo.es\/diario\/?p=30887673"},"modified":"2025-07-30T13:58:20","modified_gmt":"2025-07-30T11:58:20","slug":"microcredenciales-sanitarias-colegio-oficial-de-medicos-de-sevilla","status":"publish","type":"post","link":"https:\/\/www.upo.es\/diario\/institucional\/2025\/07\/microcredenciales-sanitarias-colegio-oficial-de-medicos-de-sevilla\/","title":{"rendered":"La Universidad Pablo de Olavide y el Colegio Oficial de M\u00e9dicos de Sevilla formalizan con un convenio la impartici\u00f3n de microcredenciales en la rama m\u00e9dico-sanitaria"},"content":{"rendered":"<figure id=\"attachment_30887675\" aria-describedby=\"caption-attachment-30887675\" style=\"width: 750px\" class=\"wp-caption aligncenter\"><a href=\"https:\/\/www.upo.es\/diario\/wp-content\/uploads\/2025\/07\/conve-Coleg-Of-Medicos-UPO-2-scaled.jpg\"><img loading=\"lazy\" decoding=\"async\" class=\"size-large wp-image-30887675\" src=\"https:\/\/www.upo.es\/diario\/wp-content\/uploads\/2025\/07\/conve-Coleg-Of-Medicos-UPO-2-750x455.jpg\" alt=\"Desde la izquierda: Mois\u00e9s Abascal, Carlos Ortiz, Alfonso Carmona, Laura L\u00f3pez, Lola Ortiz y Juan Jos\u00e9 Silva\" width=\"750\" height=\"455\" srcset=\"https:\/\/www.upo.es\/diario\/wp-content\/uploads\/2025\/07\/conve-Coleg-Of-Medicos-UPO-2-750x455.jpg 750w, https:\/\/www.upo.es\/diario\/wp-content\/uploads\/2025\/07\/conve-Coleg-Of-Medicos-UPO-2-420x255.jpg 420w, https:\/\/www.upo.es\/diario\/wp-content\/uploads\/2025\/07\/conve-Coleg-Of-Medicos-UPO-2-768x466.jpg 768w, https:\/\/www.upo.es\/diario\/wp-content\/uploads\/2025\/07\/conve-Coleg-Of-Medicos-UPO-2-1536x931.jpg 1536w, https:\/\/www.upo.es\/diario\/wp-content\/uploads\/2025\/07\/conve-Coleg-Of-Medicos-UPO-2-2048x1242.jpg 2048w, https:\/\/www.upo.es\/diario\/wp-content\/uploads\/2025\/07\/conve-Coleg-Of-Medicos-UPO-2-1320x800.jpg 1320w\" sizes=\"auto, (max-width: 750px) 100vw, 750px\" \/><\/a><figcaption id=\"caption-attachment-30887675\" class=\"wp-caption-text\">Desde la izquierda: Mois\u00e9s Abascal, Carlos Ortiz, Alfonso Carmona, Laura L\u00f3pez, Lola Ortiz y Juan Jos\u00e9 Silva<\/figcaption><\/figure>\n<p>La Universidad Pablo de Olavide, el Colegio Oficial de M\u00e9dicos de Sevilla y la Cl\u00ednica Roc\u00edo V\u00e1zquez lanzan los cursos <strong>\u2018Abordaje est\u00e9tico del \u00e1rea perioral\u2019, \u2018Actualizaci\u00f3n en t\u00e9cnicas de rejuvenecimiento facial con materiales de relleno\u2019 y \u2018Rinomodelaci\u00f3n: abordaje integral en medicina est\u00e9tica\u2019, tres formaciones especializadas en el \u00e1mbito de la medicina est\u00e9tica facial<\/strong> <strong>que comenzar\u00e1n a impartirse a partir del pr\u00f3ximo mes de noviembre<\/strong> bajo el formato de <a href=\"https:\/\/www.upo.es\/formacionpermanente\/microcredenciales\/\">microcredenciales universitarias<\/a>. Con estos tres cursos se materializa el convenio celebrado entre la Universidad Pablo de Olavide y el Real e Ilustre Colegio Oficial de M\u00e9dicos de Sevilla, que permitir\u00e1 la colaboraci\u00f3n entre ambas entidades para la oferta de cursos universitarios de Formaci\u00f3n continua.<\/p>\n<figure id=\"attachment_30887676\" aria-describedby=\"caption-attachment-30887676\" style=\"width: 337px\" class=\"wp-caption alignright\"><a href=\"https:\/\/www.upo.es\/diario\/wp-content\/uploads\/2025\/07\/conve-Coleg-Of-Medicos-UPO-1-V-scaled.jpg\"><img loading=\"lazy\" decoding=\"async\" class=\"size-medium wp-image-30887676\" src=\"https:\/\/www.upo.es\/diario\/wp-content\/uploads\/2025\/07\/conve-Coleg-Of-Medicos-UPO-1-V-337x420.jpg\" alt=\"Alfonso Carmona y Laura L\u00f3pez de la Cruz tras la firma del convenio\" width=\"337\" height=\"420\" srcset=\"https:\/\/www.upo.es\/diario\/wp-content\/uploads\/2025\/07\/conve-Coleg-Of-Medicos-UPO-1-V-337x420.jpg 337w, https:\/\/www.upo.es\/diario\/wp-content\/uploads\/2025\/07\/conve-Coleg-Of-Medicos-UPO-1-V-421x525.jpg 421w, https:\/\/www.upo.es\/diario\/wp-content\/uploads\/2025\/07\/conve-Coleg-Of-Medicos-UPO-1-V-768x958.jpg 768w, https:\/\/www.upo.es\/diario\/wp-content\/uploads\/2025\/07\/conve-Coleg-Of-Medicos-UPO-1-V-1232x1536.jpg 1232w, https:\/\/www.upo.es\/diario\/wp-content\/uploads\/2025\/07\/conve-Coleg-Of-Medicos-UPO-1-V-1643x2048.jpg 1643w, https:\/\/www.upo.es\/diario\/wp-content\/uploads\/2025\/07\/conve-Coleg-Of-Medicos-UPO-1-V-1320x1646.jpg 1320w\" sizes=\"auto, (max-width: 337px) 100vw, 337px\" \/><\/a><figcaption id=\"caption-attachment-30887676\" class=\"wp-caption-text\">Alfonso Carmona y Laura L\u00f3pez de la Cruz tras la firma del convenio<\/figcaption><\/figure>\n<p>Las microcredenciales ofertadas, <strong>dirigidas espec\u00edficamente a profesionales de la medicina interesados en especializarse y adquirir competencias avanzadas en t\u00e9cnicas m\u00ednimamente invasivas<\/strong>, responden a las necesidades actuales del sector de la medicina est\u00e9tica, potenciando la especializaci\u00f3n y la empleabilidad en un mercado en constante expansi\u00f3n. <strong>Los t\u00edtulos cuentan con la direcci\u00f3n acad\u00e9mica del profesor Ra\u00fal Gir\u00e1ldez, la direcci\u00f3n ejecutiva de la doctora Roc\u00edo V\u00e1zquez y del doctor Mois\u00e9s Abascal, y la coordinaci\u00f3n del Colegio Oficial de M\u00e9dicos de Sevilla<\/strong>.<\/p>\n<p>El primero de los programas en comenzar ser\u00e1 <strong>\u2018Abordaje est\u00e9tico del \u00e1rea perioral\u2019<\/strong>, una formaci\u00f3n que se centra fundamentalmente en los tratamientos est\u00e9ticos de labios y del \u00e1rea alrededor de la boca a trav\u00e9s de t\u00e9cnicas avanzadas y seguras. Esta microcredencial combina clases te\u00f3ricas de alto nivel con pr\u00e1cticas cl\u00ednicas supervisadas en unidades de medicina est\u00e9tica acreditadas, por lo que los estudiantes podr\u00e1n trabajar con pacientes reales, garantizando una formaci\u00f3n pr\u00e1ctica, actualizada y orientada a la excelencia profesional.<\/p>\n<p>Posteriormente, comenzar\u00e1 <strong>\u2018Actualizaci\u00f3n en t\u00e9cnicas de rejuvenecimiento facial con materiales de relleno\u2019<\/strong>, un curso que combina la teor\u00eda actualizada con pr\u00e1cticas reales y que brinda a sus estudiantes la oportunidad de dominar la anatom\u00eda facial aplicada para perfeccionar las t\u00e9cnicas y seleccionar los materiales m\u00e1s adecuados en cada una de las intervenciones. Con esta formaci\u00f3n los profesionales de la medicina est\u00e9tica aprender\u00e1n a prevenir complicaciones con un enfoque m\u00e9dico riguroso.<\/p>\n<p>Por \u00faltimo, la formaci\u00f3n <strong>\u2018Rinomodelaci\u00f3n: abordaje integral en medicina est\u00e9tica\u2019<\/strong> abordar\u00e1 esta t\u00e9cnica que se ha consolidado en el \u00e1mbito de la medicina est\u00e9tica como una de las menos invasivas y con resultados inmediatos, convirti\u00e9ndose en una alternativa eficaz a la rinoplastia quir\u00fargica, evitando el quir\u00f3fano y reduciendo los tiempos de recuperaci\u00f3n del paciente. La pr\u00e1ctica de esta t\u00e9cnica requiere conocimiento anat\u00f3mico exhaustivo y una aplicaci\u00f3n precisa que los alumnos y alumnas de esta microcredencial alcanzar\u00e1n con la combinaci\u00f3n de la teor\u00eda m\u00e1s actualizada y pr\u00e1cticas cl\u00ednicas en escenarios reales.<\/p>\n<p>Los profesionales de la medicina est\u00e9tica interesados en cursar estas formaciones podr\u00e1n hacerlo de forma independiente cada una de ellas, o seguir el itinerario formativo de las mismas que establece que<strong> el alumnado que curse los tres programas de forma compilada obtendr\u00e1 el Diploma de Experto \u2018Rellenos D\u00e9rmicos Faciales en Medicina Est\u00e9tica\u2019<\/strong>. Cada uno de los cursos consta de 5 ECTS, y se impartir\u00e1 el <strong>formato h\u00edbrido, con clases <em>online<\/em> y clases presenciales<\/strong>.<\/p>\n<p>Esta nueva oferta formativa en el \u00e1mbito de la medicina est\u00e9tica complementa la formaci\u00f3n que desde la Universidad Pablo de Olavide, y en colaboraci\u00f3n con la Cl\u00ednica Roc\u00edo V\u00e1zquez, se viene ofertando a trav\u00e9s del M\u00e1ster de Formaci\u00f3n Permanente en \u2018T\u00e9cnicas Avanzadas en Medicina Est\u00e9tica, Cosm\u00e9tica y Regenerativa\u2019 que cuenta ya con seis ediciones impartidas y m\u00e1s de 150 alumnos y alumnas egresadas en un m\u00e1ster que ofrece m\u00e1s de 300 horas de pr\u00e1cticas presenciales con pacientes reales.<\/p>\n<p>Las microcredenciales universitarias son un formato de formaci\u00f3n especializada que permite, en un breve periodo de tiempo, la adquisici\u00f3n espec\u00edfica de capacidades y competencias adaptadas a las necesidades del mercado laboral actual Estas formaciones, impulsadas por la Uni\u00f3n Europea, ofrecen una alta cualificaci\u00f3n profesional a los diferentes sectores de la poblaci\u00f3n adem\u00e1s de fomentar la inclusi\u00f3n, la igualdad de oportunidades y facilitar el acceso a la educaci\u00f3n y la formaci\u00f3n profesional.<\/p>\n<p><strong>M\u00e1s informaci\u00f3n: <\/strong><\/p>\n<ul>\n<li><a href=\"https:\/\/www.upo.es\/formacionpermanente\/microcredenciales\/abordaje-estetico-de-area-perioral\/\">Microcredencial &#8216;Abordaje est\u00e9tico del \u00e1rea perioral&#8217;<\/a><\/li>\n<li><a href=\"https:\/\/www.upo.es\/formacionpermanente\/microcredenciales\/actualizacion-en-tecnicas-de-rejuvenecimiento-facial-con-materiales-de-relleno\/\">Microcredencial &#8216;Actualizaci\u00f3n en t\u00e9cnicas de rejuvenecimiento facial con materiales de relleno&#8217;<\/a><\/li>\n<li><a href=\"https:\/\/www.upo.es\/formacionpermanente\/microcredenciales\/rinomodelacion-abordaje-integral-en-medicina-estetica\/\">Microcredencial &#8216;Rinomodelaci\u00f3n: abordaje integral en medicina est\u00e9tica&#8217;<\/a><\/li>\n<\/ul>\n<p>Fuente: Fundaci\u00f3n Universidad Pablo de Olavide<\/p>\n","protected":false},"excerpt":{"rendered":"<p>La Universidad Pablo de Olavide, el Colegio Oficial de M\u00e9dicos de Sevilla y la Cl\u00ednica Roc\u00edo V\u00e1zquez lanzan los cursos \u2018Abordaje est\u00e9tico del \u00e1rea perioral\u2019, \u2018Actualizaci\u00f3n en t\u00e9cnicas de rejuvenecimiento facial con materiales de relleno\u2019 y \u2018Rinomodelaci\u00f3n: abordaje integral en medicina est\u00e9tica\u2019, tres formaciones especializadas en el \u00e1mbito de la medicina est\u00e9tica facial que comenzar\u00e1n a impartirse a partir del pr\u00f3ximo mes de noviembre bajo el formato de microcredenciales universitarias. <\/p>\n","protected":false},"author":6,"featured_media":30887675,"comment_status":"closed","ping_status":"open","sticky":false,"template":"","format":"standard","meta":{"_monsterinsights_skip_tracking":false,"_monsterinsights_sitenote_active":false,"_monsterinsights_sitenote_note":"","_monsterinsights_sitenote_category":0,"footnotes":""},"categories":[6],"tags":[4450,326,5057,2474,245,7800],"class_list":["post-30887673","post","type-post","status-publish","format-standard","has-post-thumbnail","hentry","category-institucional","tag-colegio-de-medicos-de-sevilla","tag-convenio","tag-formacion-continua","tag-fundacion-universidad-pablo-de-olavide","tag-medicina","tag-microcredenciales"],"_links":{"self":[{"href":"https:\/\/www.upo.es\/diario\/wp-json\/wp\/v2\/posts\/30887673","targetHints":{"allow":["GET"]}}],"collection":[{"href":"https:\/\/www.upo.es\/diario\/wp-json\/wp\/v2\/posts"}],"about":[{"href":"https:\/\/www.upo.es\/diario\/wp-json\/wp\/v2\/types\/post"}],"author":[{"embeddable":true,"href":"https:\/\/www.upo.es\/diario\/wp-json\/wp\/v2\/users\/6"}],"replies":[{"embeddable":true,"href":"https:\/\/www.upo.es\/diario\/wp-json\/wp\/v2\/comments?post=30887673"}],"version-history":[{"count":4,"href":"https:\/\/www.upo.es\/diario\/wp-json\/wp\/v2\/posts\/30887673\/revisions"}],"predecessor-version":[{"id":30887679,"href":"https:\/\/www.upo.es\/diario\/wp-json\/wp\/v2\/posts\/30887673\/revisions\/30887679"}],"wp:featuredmedia":[{"embeddable":true,"href":"https:\/\/www.upo.es\/diario\/wp-json\/wp\/v2\/media\/30887675"}],"wp:attachment":[{"href":"https:\/\/www.upo.es\/diario\/wp-json\/wp\/v2\/media?parent=30887673"}],"wp:term":[{"taxonomy":"category","embeddable":true,"href":"https:\/\/www.upo.es\/diario\/wp-json\/wp\/v2\/categories?post=30887673"},{"taxonomy":"post_tag","embeddable":true,"href":"https:\/\/www.upo.es\/diario\/wp-json\/wp\/v2\/tags?post=30887673"}],"curies":[{"name":"wp","href":"https:\/\/api.w.org\/{rel}","templated":true}]}}