{"id":30887685,"date":"2025-07-21T10:11:30","date_gmt":"2025-07-21T08:11:30","guid":{"rendered":"https:\/\/www.upo.es\/diario\/?p=30887685"},"modified":"2025-07-30T13:57:53","modified_gmt":"2025-07-30T11:57:53","slug":"ganadoras-premios-roma-2025","status":"publish","type":"post","link":"https:\/\/www.upo.es\/diario\/institucional\/2025\/07\/ganadoras-premios-roma-2025\/","title":{"rendered":"Los Premios ROMA 2025 distinguen a cuatro mujeres y a una entidad por su excelencia y compromiso"},"content":{"rendered":"<p><a href=\"https:\/\/www.upo.es\/diario\/wp-content\/uploads\/2025\/07\/PREMIOS-ROMA-2025-1.png\"><img loading=\"lazy\" decoding=\"async\" class=\"aligncenter size-large wp-image-30887718\" src=\"https:\/\/www.upo.es\/diario\/wp-content\/uploads\/2025\/07\/PREMIOS-ROMA-2025-1-750x422.png\" alt=\"Las empresarias Estefan\u00eda Ferrer y Anabel Fern\u00e1ndez, la egipt\u00f3loga Myriam Seco, la ingeniera de Telecomunicaci\u00f3n Gracia Catalina y el Club Nataci\u00f3n Sincro Sevilla, ganadoras de los Premios ROMA 2025\" width=\"750\" height=\"422\" srcset=\"https:\/\/www.upo.es\/diario\/wp-content\/uploads\/2025\/07\/PREMIOS-ROMA-2025-1-750x422.png 750w, https:\/\/www.upo.es\/diario\/wp-content\/uploads\/2025\/07\/PREMIOS-ROMA-2025-1-420x236.png 420w, https:\/\/www.upo.es\/diario\/wp-content\/uploads\/2025\/07\/PREMIOS-ROMA-2025-1-768x432.png 768w, https:\/\/www.upo.es\/diario\/wp-content\/uploads\/2025\/07\/PREMIOS-ROMA-2025-1-1536x864.png 1536w, https:\/\/www.upo.es\/diario\/wp-content\/uploads\/2025\/07\/PREMIOS-ROMA-2025-1-1320x743.png 1320w, https:\/\/www.upo.es\/diario\/wp-content\/uploads\/2025\/07\/PREMIOS-ROMA-2025-1.png 1920w\" sizes=\"auto, (max-width: 750px) 100vw, 750px\" \/><\/a>Talento, innovaci\u00f3n, emprendimiento, liderazgo e inspiraci\u00f3n son los valores que definen a las cuatro mujeres y una entidad distinguidas en los <strong>VII Premios Universidad, Mujer y Empresa: ROMA,<\/strong> <strong>convocados por el Consejo Social de la Universidad Pablo de Olavide, en colaboraci\u00f3n con la Fundaci\u00f3n Cajasol y la Diputaci\u00f3n de Sevilla<\/strong>.<\/p>\n<p>Esta edici\u00f3n ha reconocido la excelencia y el impacto de la labor de Estefan\u00eda Ferrer Puertas, ingeniera qu\u00edmica, fundadora y directora de LICO Cosmetics; el Club Nataci\u00f3n Sincro Sevilla; Myriam Seco \u00c1lvarez, egipt\u00f3loga, investigadora y profesora de la Universidad de Sevilla; Anabel Fern\u00e1ndez Fornelino, fundadora y directora de la consultora de recursos humanos especializada en salud mental Affor Health; y Gracia Catalina Pi\u00f1ero, ingeniera de Telecomunicaci\u00f3n y directora de la incubadora de empresas de tecnolog\u00eda aeroespacial ESA BIC Andaluc\u00eda.<\/p>\n<p>El jurado, presidido por<strong> Iv\u00e1n Pesta\u00f1a<\/strong>, presidente en funciones del Consejo Social de la UPO, ha elegido a las premiadas de entre un n\u00famero de candidaturas que, este a\u00f1o, ha triplicado el de la edici\u00f3n anterior, lo que pone de manifiesto la consolidaci\u00f3n de estos reconocimientos. Pesta\u00f1a ha subrayado que las galardonadas representan a la perfecci\u00f3n el talento, la excelencia profesional y el compromiso de las mujeres que contribuyen al desarrollo econ\u00f3mico, social y cultural de nuestra provincia\u201d y ha destacado el elevado nivel general de las candidaturas recibidas.<\/p>\n<p>Junto a Iv\u00e1n Pesta\u00f1a, el jurado estaba compuesto por Jos\u00e9 Mar\u00eda Cantarero, secretario del Consejo Social; Alberto Garc\u00eda, consejero del Consejo Social; M\u00f3nica Dom\u00ednguez, delegada del rector para la Igualdad de G\u00e9nero de la Universidad Pablo de Olavide; Marta Alonso, diputada del \u00c1rea de Concertaci\u00f3n de la Diputaci\u00f3n de Sevilla; Amador S\u00e1nchez, gerente de Prodetur; Gloria Ru\u00edz, subdirectora del departamento de Actividades de la Fundaci\u00f3n Cajasol; Rosario Salas Rodr\u00edguez, gestora del mismo departamento en la citada entidad; Rosa Siles, experta en innovaci\u00f3n y emprendimiento social, y Mar\u00eda Asunci\u00f3n Mart\u00ednez, endocrin\u00f3loga y galardonada en la edici\u00f3n anterior de los premios.<\/p>\n<h3><strong>Homenaje al talento y la excelencia en cinco categor\u00edas<\/strong><\/h3>\n<p>En la <strong>categor\u00eda de Alta Direcci\u00f3n Empresarial<\/strong> la ganadora ha sido <strong>Estefan\u00eda Ferrer Puertas<\/strong>. Esta ingeniera qu\u00edmica por la Universidad de Sevilla con m\u00e1s de 15 a\u00f1os de experiencia en distintas multinacionales fund\u00f3 en 2020 LICO Cosmetics, una empresa de cosm\u00e9tica nativa digital que combina rigor cient\u00edfico con ingredientes naturales. Su liderazgo inspira a otras mujeres: un 87 % de su equipo est\u00e1 compuesto por personal femenino, lo cual refleja un compromiso real con la igualdad. Adem\u00e1s, Estefan\u00eda ha sido ponente en foros de <em>Women in Retail<\/em>, promoviendo el liderazgo femenino en sectores tradicionalmente dominados por hombres.<\/p>\n<p><strong>Myriam Seco \u00c1lvarez<\/strong> ha sido reconocida en la <strong>categor\u00eda de Arte y Cultura<\/strong>. Licenciada en Historia Antigua y doctora por la Universidad de Sevilla, Seco es una reconocida egipt\u00f3loga, directora desde 2008 del proyecto de investigaci\u00f3n Templo de Millones de A\u00f1os de Tutmosis III en Luxor (Egipto), en el que coordina sobre el terreno a un equipo de m\u00e1s de 30 especialistas. La doctora Seco compatibiliza su actividad investigadora con la docencia en las universidades de Sevilla, Granada o Murcia. Su trayectoria profesional, su liderazgo en proyectos de investigaci\u00f3n, su compromiso con la docencia y la difusi\u00f3n del patrimonio, y su contribuci\u00f3n al conocimiento de una de las civilizaciones m\u00e1s relevantes de la historia la convierten en merecedora de este reconocimiento.<\/p>\n<p>En la <strong>categor\u00eda de Deporte<\/strong> el jurado ha reconocido <strong>al Club Nataci\u00f3n Sincro Sevilla<\/strong>, fundado en 1998 y del que han surgido grandes talentos de este deporte como, entre otras, las medallistas ol\u00edmpicas y mundiales Marina Garc\u00eda y Alisa Ozhogina. El Club, campe\u00f3n de Espa\u00f1a en varias ocasiones, se ha consolidado como uno de los tres m\u00e1s destacados de su modalidad deportiva en el pa\u00eds. M\u00e1s all\u00e1 de los \u00e9xitos deportivos, su fundadora y presidenta, Mar\u00eda del Mar Mart\u00ednez G\u00f3mez, destaca con orgullo la actividad formadora que desarrollan con cientos de ni\u00f1os y ni\u00f1as.<\/p>\n<p><strong>Anabel Fern\u00e1ndez Fornelino<\/strong> es la ganadora en <strong>la categor\u00eda de Emprendimiento por su proyecto Affor Health<\/strong>, consultora de recursos humanos especializada en salud mental y riesgos psicosociales en las organizaciones de la que es fundadora y directora ejecutiva. Fern\u00e1ndez cre\u00f3 la empresa en 2010 sin inversores, con apenas un ordenador y una idea clara: las empresas no sobrevivir\u00e1n si no cuidan a las personas. Con este prop\u00f3sito, y tras 15 a\u00f1os de recorrido, Affor Health emplea a m\u00e1s de 100 personas y ha atendido a m\u00e1s de 400.000 trabajadores de cientos de empresas en Espa\u00f1a y en otros 11 pa\u00edses de Centro y Suram\u00e9rica.<\/p>\n<p>Por \u00faltimo, en la <strong>categor\u00eda STEM<\/strong>, relacionada con ciencia y tecnolog\u00eda, el jurado ha reconocido a <strong>Gracia Catalina Pi\u00f1ero<\/strong>, ingeniera de Telecomunicaci\u00f3n por la Universidad de Sevilla y primera directora del ESA Business Incubation\u202fCentre (BIC) Andaluc\u00eda, la primera incubadora de la Agencia Espacial Europea en la comunidad aut\u00f3noma. Su objetivo principal es apoyar a peque\u00f1as y medianas empresas que utilizan tecnolog\u00eda espacial o desarrollan productos y servicios innovadores para el sector espacial o a partir de tecnolog\u00edas espaciales, un prop\u00f3sito especialmente destacado tras la reciente elecci\u00f3n de Sevilla como sede de la Agencia Espacial Espa\u00f1ola (AEE).<\/p>\n<p><strong>El acto de entrega de los galardones se celebrar\u00e1 el lunes 22 de septiembre a las 19:00 horas en el teatro de la Fundaci\u00f3n Cajasol<\/strong>.<\/p>\n<p>Fuente: Consejo Social de la Universidad Pablo de Olavide.<\/p>\n","protected":false},"excerpt":{"rendered":"<p>Las empresarias Estefan\u00eda Ferrer y Anabel Fern\u00e1ndez, la egipt\u00f3loga Myriam Seco, la ingeniera de Telecomunicaci\u00f3n Gracia Catalina y el Club Nataci\u00f3n Sincro Sevilla han sido reconocidos en esta edici\u00f3n.<\/p>\n","protected":false},"author":6,"featured_media":30887718,"comment_status":"closed","ping_status":"open","sticky":false,"template":"","format":"standard","meta":{"_monsterinsights_skip_tracking":false,"_monsterinsights_sitenote_active":false,"_monsterinsights_sitenote_note":"","_monsterinsights_sitenote_category":0,"footnotes":""},"categories":[6],"tags":[128,265,112,231,3690,3101,6429,689,1059,2078,2349,132,5883,430,6363,1279],"class_list":["post-30887685","post","type-post","status-publish","format-standard","has-post-thumbnail","hentry","category-institucional","tag-arqueologia","tag-arte","tag-consejo-social","tag-deportes-2","tag-diputacion-de-sevilla","tag-direccion-de-empresas","tag-disciplinas-stem","tag-emprendimiento","tag-empresas","tag-fundacion-cajasol","tag-genero-e-igualdad","tag-humanidades","tag-igualdad-de-genero","tag-natacion","tag-premios-roma","tag-recursos-humanos"],"_links":{"self":[{"href":"https:\/\/www.upo.es\/diario\/wp-json\/wp\/v2\/posts\/30887685","targetHints":{"allow":["GET"]}}],"collection":[{"href":"https:\/\/www.upo.es\/diario\/wp-json\/wp\/v2\/posts"}],"about":[{"href":"https:\/\/www.upo.es\/diario\/wp-json\/wp\/v2\/types\/post"}],"author":[{"embeddable":true,"href":"https:\/\/www.upo.es\/diario\/wp-json\/wp\/v2\/users\/6"}],"replies":[{"embeddable":true,"href":"https:\/\/www.upo.es\/diario\/wp-json\/wp\/v2\/comments?post=30887685"}],"version-history":[{"count":10,"href":"https:\/\/www.upo.es\/diario\/wp-json\/wp\/v2\/posts\/30887685\/revisions"}],"predecessor-version":[{"id":30887720,"href":"https:\/\/www.upo.es\/diario\/wp-json\/wp\/v2\/posts\/30887685\/revisions\/30887720"}],"wp:featuredmedia":[{"embeddable":true,"href":"https:\/\/www.upo.es\/diario\/wp-json\/wp\/v2\/media\/30887718"}],"wp:attachment":[{"href":"https:\/\/www.upo.es\/diario\/wp-json\/wp\/v2\/media?parent=30887685"}],"wp:term":[{"taxonomy":"category","embeddable":true,"href":"https:\/\/www.upo.es\/diario\/wp-json\/wp\/v2\/categories?post=30887685"},{"taxonomy":"post_tag","embeddable":true,"href":"https:\/\/www.upo.es\/diario\/wp-json\/wp\/v2\/tags?post=30887685"}],"curies":[{"name":"wp","href":"https:\/\/api.w.org\/{rel}","templated":true}]}}