{"id":30887689,"date":"2025-07-18T18:05:50","date_gmt":"2025-07-18T16:05:50","guid":{"rendered":"https:\/\/www.upo.es\/diario\/?p=30887689"},"modified":"2025-07-30T13:58:16","modified_gmt":"2025-07-30T11:58:16","slug":"el-rector-destaca-el-impulso-a-la-renovacion-de-las-infraestructuras-del-campus-a-pesar-de-las-dificultades-financieras","status":"publish","type":"post","link":"https:\/\/www.upo.es\/diario\/institucional\/2025\/07\/el-rector-destaca-el-impulso-a-la-renovacion-de-las-infraestructuras-del-campus-a-pesar-de-las-dificultades-financieras\/","title":{"rendered":"El rector destaca el impulso a la renovaci\u00f3n de las infraestructuras del campus, a pesar de las dificultades financieras"},"content":{"rendered":"<figure id=\"attachment_30887690\" aria-describedby=\"caption-attachment-30887690\" style=\"width: 750px\" class=\"wp-caption aligncenter\"><a href=\"https:\/\/www.upo.es\/diario\/wp-content\/uploads\/2025\/07\/16072025-CG_20250716-8737-scaled.jpg\"><img loading=\"lazy\" decoding=\"async\" class=\"size-large wp-image-30887690\" src=\"https:\/\/www.upo.es\/diario\/wp-content\/uploads\/2025\/07\/16072025-CG_20250716-8737-750x337.jpg\" alt=\"Consejo de Gobierno de la Universidad, celebrado el mi\u00e9rcoles 16 de julio\" width=\"750\" height=\"337\" srcset=\"https:\/\/www.upo.es\/diario\/wp-content\/uploads\/2025\/07\/16072025-CG_20250716-8737-750x337.jpg 750w, https:\/\/www.upo.es\/diario\/wp-content\/uploads\/2025\/07\/16072025-CG_20250716-8737-420x189.jpg 420w, https:\/\/www.upo.es\/diario\/wp-content\/uploads\/2025\/07\/16072025-CG_20250716-8737-768x346.jpg 768w, https:\/\/www.upo.es\/diario\/wp-content\/uploads\/2025\/07\/16072025-CG_20250716-8737-1536x691.jpg 1536w, https:\/\/www.upo.es\/diario\/wp-content\/uploads\/2025\/07\/16072025-CG_20250716-8737-2048x922.jpg 2048w, https:\/\/www.upo.es\/diario\/wp-content\/uploads\/2025\/07\/16072025-CG_20250716-8737-1320x594.jpg 1320w\" sizes=\"auto, (max-width: 750px) 100vw, 750px\" \/><\/a><figcaption id=\"caption-attachment-30887690\" class=\"wp-caption-text\">Consejo de Gobierno celebrado el mi\u00e9rcoles 16 de julio<\/figcaption><\/figure>\n<p>Francisco Oliva, en su \u00faltimo informe al Consejo de Gobierno del curso 2024\/2025, explic\u00f3 c\u00f3mo, a pesar de las dificultades financieras, la Universidad Pablo de Olavide ha logrado promover varias iniciativas para mejorar las instalaciones del campus. De este modo, se felicit\u00f3 por haber podido abordar en las \u00faltimas semanas cinco proyectos importantes para la Olavide, entre los que resalt\u00f3 la rehabilitaci\u00f3n integral de la Central T\u00e9rmica.<\/p>\n<figure id=\"attachment_30887692\" aria-describedby=\"caption-attachment-30887692\" style=\"width: 420px\" class=\"wp-caption alignright\"><a href=\"https:\/\/www.upo.es\/diario\/wp-content\/uploads\/2025\/07\/10072025-Primera-Piedra-Termica-8401-scaled.jpg\"><img loading=\"lazy\" decoding=\"async\" class=\"size-medium wp-image-30887692\" src=\"https:\/\/www.upo.es\/diario\/wp-content\/uploads\/2025\/07\/10072025-Primera-Piedra-Termica-8401-420x280.jpg\" alt=\"Obras de rehabilitaci\u00f3n de la antigua T\u00e9rmica\" width=\"420\" height=\"280\" srcset=\"https:\/\/www.upo.es\/diario\/wp-content\/uploads\/2025\/07\/10072025-Primera-Piedra-Termica-8401-420x280.jpg 420w, https:\/\/www.upo.es\/diario\/wp-content\/uploads\/2025\/07\/10072025-Primera-Piedra-Termica-8401-750x500.jpg 750w, https:\/\/www.upo.es\/diario\/wp-content\/uploads\/2025\/07\/10072025-Primera-Piedra-Termica-8401-768x512.jpg 768w, https:\/\/www.upo.es\/diario\/wp-content\/uploads\/2025\/07\/10072025-Primera-Piedra-Termica-8401-1536x1024.jpg 1536w, https:\/\/www.upo.es\/diario\/wp-content\/uploads\/2025\/07\/10072025-Primera-Piedra-Termica-8401-2048x1365.jpg 2048w, https:\/\/www.upo.es\/diario\/wp-content\/uploads\/2025\/07\/10072025-Primera-Piedra-Termica-8401-165x109.jpg 165w, https:\/\/www.upo.es\/diario\/wp-content\/uploads\/2025\/07\/10072025-Primera-Piedra-Termica-8401-1320x880.jpg 1320w\" sizes=\"auto, (max-width: 420px) 100vw, 420px\" \/><\/a><figcaption id=\"caption-attachment-30887692\" class=\"wp-caption-text\">Obras de rehabilitaci\u00f3n de la antigua T\u00e9rmica<\/figcaption><\/figure>\n<p>La <a href=\"https:\/\/www.upo.es\/diario\/institucional\/2025\/07\/primera-piedra-futuro-edificio-antigua-termica\/\">primera piedra del nuevo edificio que se erigir\u00e1 sobre la antigua T\u00e9rmica<\/a> del campus fue colocada el pasado d\u00eda 10 de julio y las obras estar\u00e1n terminadas en 2026. \u00abRecuperaremos de este modo uno de los \u00faltimos edificios de la antigua Laboral y, adem\u00e1s de contar con nuevos espacios para estudiantes y profesores, ganaremos la plaza exterior, que se integrar\u00e1 en una zona del campus que se ver\u00e1 renovada\u00bb, declar\u00f3 Francisco Oliva.<\/p>\n<p>El rector destac\u00f3 tambi\u00e9n el <a href=\"https:\/\/www.upo.es\/diario\/institucional\/2025\/07\/universidad-pablo-olavide-emvisesa-firman-convenio-impulsar-construccion-residencia-universitaria\/\">convenio suscrito con EMVISESA<\/a>, para realizar los trabajos t\u00e9cnicos previos que permitan contar con una nueva residencia universitaria en la Olavide financiada por el ICO; la finalizaci\u00f3n del <a href=\"https:\/\/www.upo.es\/diario\/comunidad\/2025\/07\/concluye-la-instalacion-de-toldos-sobre-la-senda-que-une-el-centro-del-campus-con-la-estacion-de-metro-pablo-de-olavide\/\">sombreado en la senda peatonal que une la estaci\u00f3n de Metro<\/a> con el centro del campus; y la licitaci\u00f3n de las obras de reforma del Pabell\u00f3n Polideportivo. Adem\u00e1s, Oliva anunci\u00f3 que, tras los resultados de la auditor\u00eda energ\u00e9tica de todos los edificios del campus, el Rectorado trabaja en una licitaci\u00f3n para llevar a cabo la renovaci\u00f3n de la iluminaci\u00f3n, el aislamiento y los sistemas de climatizaci\u00f3n del campus \u2014en total, m\u00e1s de 10 M \u20ac\u2014 con colaboraci\u00f3n p\u00fablico-privada. Un proyecto que supondr\u00e1 un ahorro energ\u00e9tico considerable y la reducci\u00f3n de la huella de carbono del campus. \u00abSon cinco actuaciones importantes para la Universidad, que hemos conseguido sacar adelante gracias a iniciativas impulsadas desde este equipo de Gobierno para conseguir fondos y financiaci\u00f3n ajenos a la Junta\u00bb, concluy\u00f3 Oliva.<\/p>\n<figure id=\"attachment_30887691\" aria-describedby=\"caption-attachment-30887691\" style=\"width: 280px\" class=\"wp-caption alignright\"><a href=\"https:\/\/www.upo.es\/diario\/wp-content\/uploads\/2025\/07\/16072025-CG_20250716-8754.jpg\"><img loading=\"lazy\" decoding=\"async\" class=\"size-medium wp-image-30887691\" src=\"https:\/\/www.upo.es\/diario\/wp-content\/uploads\/2025\/07\/16072025-CG_20250716-8754-280x420.jpg\" alt=\"Francisco Oliva\" width=\"280\" height=\"420\" srcset=\"https:\/\/www.upo.es\/diario\/wp-content\/uploads\/2025\/07\/16072025-CG_20250716-8754-280x420.jpg 280w, https:\/\/www.upo.es\/diario\/wp-content\/uploads\/2025\/07\/16072025-CG_20250716-8754-350x525.jpg 350w, https:\/\/www.upo.es\/diario\/wp-content\/uploads\/2025\/07\/16072025-CG_20250716-8754-768x1152.jpg 768w, https:\/\/www.upo.es\/diario\/wp-content\/uploads\/2025\/07\/16072025-CG_20250716-8754-1024x1536.jpg 1024w, https:\/\/www.upo.es\/diario\/wp-content\/uploads\/2025\/07\/16072025-CG_20250716-8754.jpg 1206w\" sizes=\"auto, (max-width: 280px) 100vw, 280px\" \/><\/a><figcaption id=\"caption-attachment-30887691\" class=\"wp-caption-text\">Francisco Oliva<\/figcaption><\/figure>\n<p>El rector continu\u00f3 su informe con temas de financiaci\u00f3n. As\u00ed, comunic\u00f3 que la comisi\u00f3n t\u00e9cnica entre Consejer\u00eda y Universidades para llevar a cabo el <a href=\"https:\/\/www.upo.es\/diario\/institucional\/2025\/04\/junta-y-universidades-firman-el-acuerdo-para-financiar-los-complementos-retributivos\/\">Acuerdo firmado con la Junta<\/a> se reuni\u00f3 recientemente sin resultados. \u00abEsperamos que el acuerdo se respete, por la buena salud financiera de las universidades p\u00fablicas\u00bb, afirm\u00f3 Francisco Oliva. En este sentido, anunci\u00f3 que la Universidad adelantar\u00e1 el abono del incremento retributivo del 0,5% retroactivo de 2024 y 2025 para empleados p\u00fablicos en la n\u00f3mina de septiembre, una vez que se publique en agosto la instrucci\u00f3n necesaria de la Junta.<\/p>\n<p>Sobre la nueva <strong>propuesta de \u00e1mbitos de conocimiento<\/strong> del Ministerio de Ciencia, Innovaci\u00f3n y Universidades, el rector inform\u00f3 que las especialidades, \u00e1reas de conocimiento, pasar\u00e1n de 191 a 265. Todas las alegaciones procedentes de centros y departamentos de la Olavide se trasladar\u00e1n a la sectorial de CRUE de Profesorado, que las remitir\u00e1 posteriormente al Ministerio, que abrir\u00e1 asimismo un tr\u00e1mite de audiencia p\u00fablica.<\/p>\n<p>En cuanto al Programa Mar\u00eda Goyry, la adjudicaci\u00f3n de las <strong>49 plazas del Profesorado Ayudante Doctor<\/strong> est\u00e1 casi concluida y los nuevos profesores y profesoras de la UPO se incorporar\u00e1n con el inicio del pr\u00f3ximo curso. Respecto al abono de los <strong>quinquenios y sexenios del profesorado laboral<\/strong>, dado lo complicado de la situaci\u00f3n jur\u00eddica, desde la Asociaci\u00f3n de Universidades P\u00fablicas de Andaluc\u00eda se solicitar\u00e1 que en la pr\u00f3xima mesa sectorial del PDI se estudie con detenimiento la situaci\u00f3n legal a d\u00eda de hoy.<\/p>\n<p>El rector termin\u00f3 su informe con datos de la preinscripci\u00f3n de los M\u00e1steres Universitarios para el pr\u00f3ximo curso. As\u00ed, se han recibido <strong>m\u00e1s de dos mil solicitudes en primera opci\u00f3n para los M\u00e1steres Universitarios<\/strong>, una cifra muy positiva que evidencia el valor de la oferta de postgrado de la Universidad Pablo de Olavide. Adem\u00e1s, anunci\u00f3 que el programa <a href=\"https:\/\/alumni.upo.es\/\">Olavide Alumni<\/a> cuenta ya con mil personas inscritas, egresados y egresadas de la Universidad, en una iniciativa de la que Oliva destac\u00f3 su gran potencialidad.<\/p>\n","protected":false},"excerpt":{"rendered":"<p>Francisco Oliva, en su \u00faltimo informe al Consejo de Gobierno del curso 2024\/2025, explic\u00f3 c\u00f3mo, a pesar de las dificultades financieras, la Universidad Pablo de Olavide ha logrado promover varias iniciativas para mejorar las instalaciones del campus. De este modo, se felicit\u00f3 por haber podido abordar en las \u00faltimas semanas cinco proyectos importantes para la Olavide, entre los que resalt\u00f3 la rehabilitaci\u00f3n integral de la Central T\u00e9rmica.<\/p>\n","protected":false},"author":6,"featured_media":30887692,"comment_status":"closed","ping_status":"open","sticky":false,"template":"","format":"standard","meta":{"_monsterinsights_skip_tracking":false,"_monsterinsights_sitenote_active":false,"_monsterinsights_sitenote_note":"","_monsterinsights_sitenote_category":0,"footnotes":""},"categories":[6],"tags":[107,102,874,618,1563,8551,199],"class_list":["post-30887689","post","type-post","status-publish","format-standard","has-post-thumbnail","hentry","category-institucional","tag-campus","tag-consejo-de-gobierno","tag-financiacion","tag-infraestructuras","tag-masteres-universitarios","tag-olavide-alumni","tag-profesorado"],"_links":{"self":[{"href":"https:\/\/www.upo.es\/diario\/wp-json\/wp\/v2\/posts\/30887689","targetHints":{"allow":["GET"]}}],"collection":[{"href":"https:\/\/www.upo.es\/diario\/wp-json\/wp\/v2\/posts"}],"about":[{"href":"https:\/\/www.upo.es\/diario\/wp-json\/wp\/v2\/types\/post"}],"author":[{"embeddable":true,"href":"https:\/\/www.upo.es\/diario\/wp-json\/wp\/v2\/users\/6"}],"replies":[{"embeddable":true,"href":"https:\/\/www.upo.es\/diario\/wp-json\/wp\/v2\/comments?post=30887689"}],"version-history":[{"count":4,"href":"https:\/\/www.upo.es\/diario\/wp-json\/wp\/v2\/posts\/30887689\/revisions"}],"predecessor-version":[{"id":30887696,"href":"https:\/\/www.upo.es\/diario\/wp-json\/wp\/v2\/posts\/30887689\/revisions\/30887696"}],"wp:featuredmedia":[{"embeddable":true,"href":"https:\/\/www.upo.es\/diario\/wp-json\/wp\/v2\/media\/30887692"}],"wp:attachment":[{"href":"https:\/\/www.upo.es\/diario\/wp-json\/wp\/v2\/media?parent=30887689"}],"wp:term":[{"taxonomy":"category","embeddable":true,"href":"https:\/\/www.upo.es\/diario\/wp-json\/wp\/v2\/categories?post=30887689"},{"taxonomy":"post_tag","embeddable":true,"href":"https:\/\/www.upo.es\/diario\/wp-json\/wp\/v2\/tags?post=30887689"}],"curies":[{"name":"wp","href":"https:\/\/api.w.org\/{rel}","templated":true}]}}