{"id":30887697,"date":"2025-07-21T07:46:18","date_gmt":"2025-07-21T05:46:18","guid":{"rendered":"https:\/\/www.upo.es\/diario\/?p=30887697"},"modified":"2025-07-21T12:58:06","modified_gmt":"2025-07-21T10:58:06","slug":"radio-cinef-cierra-su-temporada-con-un-analisis-feminista-interseccional-desde-sevilla","status":"publish","type":"post","link":"https:\/\/www.upo.es\/diario\/podcast\/2025\/07\/radio-cinef-cierra-su-temporada-con-un-analisis-feminista-interseccional-desde-sevilla\/","title":{"rendered":"&#8216;Radio CINEF&#8217; cierra su temporada con un an\u00e1lisis feminista interseccional desde Sevilla"},"content":{"rendered":"<p><iframe loading=\"lazy\" id=\"pumukitiframe\" src=\"https:\/\/upotv.upo.es\/iframe\/686f6477abe3c6d68c8b4567\" width=\"560\" height=\"315\" frameborder=\"0\" allowfullscreen=\"allowfullscreen\"><\/iframe><br \/>\nLa emisi\u00f3n cuenta con la participaci\u00f3n de <strong>Antonia \u00c1valos<\/strong>, fundadora de la organizaci\u00f3n <em>Mujeres Supervivientes<\/em>, quien destaca la importancia de la comunidad como v\u00eda para resistir en un sistema colonial, capitalista y patriarcal. Tambi\u00e9n interviene <strong>Mery Calla\u00fa<\/strong>, presidenta de la <em>Asociaci\u00f3n de Mujeres Trabajadoras del Hogar<\/em>, quien visibiliza las condiciones de precarizaci\u00f3n que enfrentan y sus procesos de organizaci\u00f3n y conquista de derechos.<\/p>\n<p>Finalmente, j\u00f3venes activistas comparten c\u00f3mo ampl\u00edan las formas de vivir una vida feminista desde los espacios digitales, resignificando la praxis feminista desde la virtualidad, los afectos y las redes colaborativas.<\/p>\n<p>Este episodio cierra la temporada reafirmando<strong> la potencia de los feminismos para crear otros futuros posibles<\/strong>. El programa est\u00e1 organizado por el Centro de Investigaciones Feministas (CINEF) y cuenta con la direcci\u00f3n de Ver\u00f3nica Pacheco Costa, junto a Nancy Lizbeth Garc\u00eda Ram\u00edrez. El dise\u00f1o de imagen ha sido realizado por Alejandro Osuna Pacheco. Radio CINEF cuenta con el respaldo y financiaci\u00f3n de la Delegaci\u00f3n del Rector para la Igualdad de la Universidad Pablo de Olavide (UPO).<\/p>\n<figure id=\"attachment_30887699\" aria-describedby=\"caption-attachment-30887699\" style=\"width: 420px\" class=\"wp-caption alignleft\"><a href=\"https:\/\/www.upo.es\/diario\/wp-content\/uploads\/2025\/07\/Antonia-Avalos_Nancy-Garcia-scaled.jpg\"><img loading=\"lazy\" decoding=\"async\" class=\"size-medium wp-image-30887699\" src=\"https:\/\/www.upo.es\/diario\/wp-content\/uploads\/2025\/07\/Antonia-Avalos_Nancy-Garcia-420x287.jpg\" alt=\"Antonia \u00c1valos y Nancy Garc\u00eda\" width=\"420\" height=\"287\" srcset=\"https:\/\/www.upo.es\/diario\/wp-content\/uploads\/2025\/07\/Antonia-Avalos_Nancy-Garcia-420x287.jpg 420w, https:\/\/www.upo.es\/diario\/wp-content\/uploads\/2025\/07\/Antonia-Avalos_Nancy-Garcia-750x512.jpg 750w, https:\/\/www.upo.es\/diario\/wp-content\/uploads\/2025\/07\/Antonia-Avalos_Nancy-Garcia-768x524.jpg 768w, https:\/\/www.upo.es\/diario\/wp-content\/uploads\/2025\/07\/Antonia-Avalos_Nancy-Garcia-1536x1048.jpg 1536w, https:\/\/www.upo.es\/diario\/wp-content\/uploads\/2025\/07\/Antonia-Avalos_Nancy-Garcia-2048x1398.jpg 2048w, https:\/\/www.upo.es\/diario\/wp-content\/uploads\/2025\/07\/Antonia-Avalos_Nancy-Garcia-1320x901.jpg 1320w\" sizes=\"auto, (max-width: 420px) 100vw, 420px\" \/><\/a><figcaption id=\"caption-attachment-30887699\" class=\"wp-caption-text\">Antonia \u00c1valos y Nancy Garc\u00eda<\/figcaption><\/figure>\n<p><strong>Cr\u00e9ditos:<\/strong><\/p>\n<p>Presentan: Ver\u00f3nica Pacheco y Nancy Garc\u00eda Ram\u00edrez<\/p>\n<p>Realizaci\u00f3n y edici\u00f3n: Nancy Garc\u00eda Ram\u00edrez<\/p>\n<p>&nbsp;<\/p>\n<p>&nbsp;<\/p>\n<p>&nbsp;<\/p>\n<p>&nbsp;<\/p>\n<hr \/>\n<h3>M\u00e1s estrenos de RadiOlavide:<\/h3>\n<p><strong>Audita Parte &#8216;<em>De la A a la P: Audita Parte en su primera temporada<\/em>&#8216;<\/strong>:<br \/>\n<a href=\"https:\/\/upotv.upo.es\/video\/68777de5abe3c6b6668b456a\">https:\/\/upotv.upo.es\/video\/68777de5abe3c6b6668b456a<\/a><\/p>\n<p><strong>Desde la Atalaya. Transe\u00fantes &#8216;<em>La lucha contra la exclusi\u00f3n social: Retos para el movimiento ciudadano<\/em>&#8216;<\/strong>:<br \/>\n<a href=\"https:\/\/upotv.upo.es\/video\/686b8300abe3c68b678b4567\">https:\/\/upotv.upo.es\/video\/686b8300abe3c68b678b4567<\/a><\/p>\n<p><strong>Las m\u00fasicas de Olavide &#8216;Resumen del curso 2024\/2025&#8217;<\/strong>:<br \/>\n<a href=\"https:\/\/upotv.upo.es\/video\/6863b611abe3c6c21a8b4567\">https:\/\/upotv.upo.es\/video\/6863b611abe3c6c21a8b4567<\/a><\/p>\n","protected":false},"excerpt":{"rendered":"<p>La emisi\u00f3n cuenta con la participaci\u00f3n de Antonia \u00c1valos, fundadora de la organizaci\u00f3n Mujeres Supervivientes, quien destaca la importancia de la comunidad como v\u00eda para resistir en un sistema colonial, capitalista y patriarcal. Tambi\u00e9n interviene Mery Calla\u00fa, presidenta de la Asociaci\u00f3n de Mujeres Trabajadoras del Hogar, quien visibiliza las condiciones de precarizaci\u00f3n que enfrentan y sus procesos de organizaci\u00f3n y<a class=\"read-more\" href=\"https:\/\/www.upo.es\/diario\/podcast\/2025\/07\/radio-cinef-cierra-su-temporada-con-un-analisis-feminista-interseccional-desde-sevilla\/\">[Read More&#8230;]<\/a><\/p>\n","protected":false},"author":6,"featured_media":30887699,"comment_status":"closed","ping_status":"open","sticky":false,"template":"","format":"video","meta":{"_monsterinsights_skip_tracking":false,"_monsterinsights_sitenote_active":false,"_monsterinsights_sitenote_note":"","_monsterinsights_sitenote_category":0,"footnotes":""},"categories":[8145],"tags":[],"class_list":["post-30887697","post","type-post","status-publish","format-video","has-post-thumbnail","hentry","category-podcast","post_format-post-format-video"],"_links":{"self":[{"href":"https:\/\/www.upo.es\/diario\/wp-json\/wp\/v2\/posts\/30887697","targetHints":{"allow":["GET"]}}],"collection":[{"href":"https:\/\/www.upo.es\/diario\/wp-json\/wp\/v2\/posts"}],"about":[{"href":"https:\/\/www.upo.es\/diario\/wp-json\/wp\/v2\/types\/post"}],"author":[{"embeddable":true,"href":"https:\/\/www.upo.es\/diario\/wp-json\/wp\/v2\/users\/6"}],"replies":[{"embeddable":true,"href":"https:\/\/www.upo.es\/diario\/wp-json\/wp\/v2\/comments?post=30887697"}],"version-history":[{"count":5,"href":"https:\/\/www.upo.es\/diario\/wp-json\/wp\/v2\/posts\/30887697\/revisions"}],"predecessor-version":[{"id":30887703,"href":"https:\/\/www.upo.es\/diario\/wp-json\/wp\/v2\/posts\/30887697\/revisions\/30887703"}],"wp:featuredmedia":[{"embeddable":true,"href":"https:\/\/www.upo.es\/diario\/wp-json\/wp\/v2\/media\/30887699"}],"wp:attachment":[{"href":"https:\/\/www.upo.es\/diario\/wp-json\/wp\/v2\/media?parent=30887697"}],"wp:term":[{"taxonomy":"category","embeddable":true,"href":"https:\/\/www.upo.es\/diario\/wp-json\/wp\/v2\/categories?post=30887697"},{"taxonomy":"post_tag","embeddable":true,"href":"https:\/\/www.upo.es\/diario\/wp-json\/wp\/v2\/tags?post=30887697"}],"curies":[{"name":"wp","href":"https:\/\/api.w.org\/{rel}","templated":true}]}}