{"id":30887723,"date":"2025-07-24T10:03:29","date_gmt":"2025-07-24T08:03:29","guid":{"rendered":"https:\/\/www.upo.es\/diario\/?p=30887723"},"modified":"2025-07-30T13:57:46","modified_gmt":"2025-07-30T11:57:46","slug":"investigacion-liderada-upo-analiza-papel-desafeccion-ciudadana-crisis-democracia-auge-populismo-tunez","status":"publish","type":"post","link":"https:\/\/www.upo.es\/diario\/ciencia\/2025\/07\/investigacion-liderada-upo-analiza-papel-desafeccion-ciudadana-crisis-democracia-auge-populismo-tunez\/","title":{"rendered":"Una investigaci\u00f3n liderada por la UPO analiza el papel de la desafecci\u00f3n ciudadana en la crisis de la democracia y el auge del populismo en T\u00fanez"},"content":{"rendered":"<figure id=\"attachment_30887724\" aria-describedby=\"caption-attachment-30887724\" style=\"width: 699px\" class=\"wp-caption aligncenter\"><a href=\"https:\/\/www.upo.es\/diario\/wp-content\/uploads\/2025\/07\/figura_inves_elecciones_tunez01.jpg\"><img loading=\"lazy\" decoding=\"async\" class=\"wp-image-30887724 size-full\" src=\"https:\/\/www.upo.es\/diario\/wp-content\/uploads\/2025\/07\/figura_inves_elecciones_tunez01.jpg\" alt=\"\" width=\"699\" height=\"487\" srcset=\"https:\/\/www.upo.es\/diario\/wp-content\/uploads\/2025\/07\/figura_inves_elecciones_tunez01.jpg 699w, https:\/\/www.upo.es\/diario\/wp-content\/uploads\/2025\/07\/figura_inves_elecciones_tunez01-420x293.jpg 420w, https:\/\/www.upo.es\/diario\/wp-content\/uploads\/2025\/07\/figura_inves_elecciones_tunez01-95x67.jpg 95w\" sizes=\"auto, (max-width: 699px) 100vw, 699px\" \/><\/a><figcaption id=\"caption-attachment-30887724\" class=\"wp-caption-text\">Fragmentaci\u00f3n: Partidos l\u00edderes por regi\u00f3n 2014 vs 2019.<\/figcaption><\/figure>\n<p>&nbsp;<\/p>\n<p>Tras m\u00e1s de una d\u00e9cada de la Primavera \u00c1rabe, T\u00fanez, el pa\u00eds que fue referente de \u00e9xito democr\u00e1tico en la regi\u00f3n, atraviesa una profunda crisis institucional. En este contexto, un estudio liderado por el polit\u00f3logo <strong>Bosco Govantes<\/strong>, investigador de la Universidad Pablo de Olavide, en coautor\u00eda con <strong>Antonio Alfonso<\/strong> (Universidad Loyola Andaluc\u00eda) y <strong>Miguel Hernando de Larramendi<\/strong> (Universidad de Castilla-La Mancha), analiza <strong>c\u00f3mo el descontento ciudadano fue clave en el colapso del sistema de partidos y en el retroceso democr\u00e1tico en este pa\u00eds<\/strong>.<\/p>\n<figure id=\"attachment_30887725\" aria-describedby=\"caption-attachment-30887725\" style=\"width: 420px\" class=\"wp-caption alignright\"><a href=\"https:\/\/www.upo.es\/diario\/wp-content\/uploads\/2025\/07\/Bosco_Govantes.jpeg\"><img loading=\"lazy\" decoding=\"async\" class=\"size-medium wp-image-30887725\" src=\"https:\/\/www.upo.es\/diario\/wp-content\/uploads\/2025\/07\/Bosco_Govantes-420x236.jpeg\" alt=\"\" width=\"420\" height=\"236\" srcset=\"https:\/\/www.upo.es\/diario\/wp-content\/uploads\/2025\/07\/Bosco_Govantes-420x236.jpeg 420w, https:\/\/www.upo.es\/diario\/wp-content\/uploads\/2025\/07\/Bosco_Govantes-750x422.jpeg 750w, https:\/\/www.upo.es\/diario\/wp-content\/uploads\/2025\/07\/Bosco_Govantes-768x432.jpeg 768w, https:\/\/www.upo.es\/diario\/wp-content\/uploads\/2025\/07\/Bosco_Govantes-1536x864.jpeg 1536w, https:\/\/www.upo.es\/diario\/wp-content\/uploads\/2025\/07\/Bosco_Govantes-1320x743.jpeg 1320w, https:\/\/www.upo.es\/diario\/wp-content\/uploads\/2025\/07\/Bosco_Govantes.jpeg 2000w\" sizes=\"auto, (max-width: 420px) 100vw, 420px\" \/><\/a><figcaption id=\"caption-attachment-30887725\" class=\"wp-caption-text\">Bosco Govantes, profesor del \u00c1rea de Ciencia Pol\u00edtica y de la Administraci\u00f3n de la UPO.<\/figcaption><\/figure>\n<p>El art\u00edculo, publicado recientemente en \u2018<em>Democratization<\/em>\u2019, una de las revistas cient\u00edficas m\u00e1s prestigiosas a nivel internacional en el campo de la Ciencia Pol\u00edtica y la Pol\u00edtica Comparada, parte de una premisa clara: la <strong>desafecci\u00f3n ciudadana<\/strong> se ha convertido en un factor decisivo para entender las nuevas l\u00f3gicas pol\u00edticas del pa\u00eds, como la <strong>baja participaci\u00f3n electoral<\/strong> o el <strong>ascenso de nuevas fuerzas populistas<\/strong>, dos fen\u00f3menos que, seg\u00fan los autores, erosionaron seriamente los pilares del sistema democr\u00e1tico tunecino. \u201cLa ca\u00edda de la participaci\u00f3n, la fragmentaci\u00f3n del parlamento y el \u00e9xito de discursos populistas no pueden entenderse sin atender al malestar ciudadano acumulado tras a\u00f1os de promesas incumplidas\u201d, se\u00f1ala Bosco Govantes, profesor del \u00c1rea de Ciencia Pol\u00edtica y de la Administraci\u00f3n de la UPO y autor principal del trabajo.<\/p>\n<h3><strong>Desafecci\u00f3n, populismo y una democracia debilitada<\/strong><\/h3>\n<p>La investigaci\u00f3n pone el foco en las elecciones parlamentarias de 2019, celebradas en un contexto de creciente frustraci\u00f3n social y econ\u00f3mica. Uno de los hallazgos m\u00e1s significativos del estudio es la <strong>dr\u00e1stica ca\u00edda en la participaci\u00f3n electoral<\/strong>, que se situ\u00f3 en apenas un 41,7 %, casi 27 puntos menos que en los comicios de 2014.<\/p>\n<p>Junto a este descenso, los autores detectan una <strong>alta volatilidad electoral<\/strong> y un aumento del voto a nuevos partidos, muchos de ellos con discursos abiertamente populistas impregnando todos los \u00e1mbitos ideol\u00f3gicos: desde el islam pol\u00edtico hasta la izquierda secular.<\/p>\n<p>\u201cLo m\u00e1s llamativo es que, aunque la ciudadan\u00eda cambia de partido, lo hace en su mayor\u00eda dentro del mismo bloque ideol\u00f3gico. Lo que se rompe no es tanto la afinidad ideol\u00f3gica, sino la confianza en las \u00e9lites pol\u00edticas tradicionales\u201d, explica Govantes.<\/p>\n<p>Esta p\u00e9rdida de confianza se tradujo en la <strong>emergencia de figuras ajenas al sistema de partidos<\/strong>, como el actual presidente Ka\u00efs Saied, \u201cque gan\u00f3 las elecciones presidenciales con un mensaje populista, antisistema y sin estructura partidaria detr\u00e1s\u201d, afirma el investigador de la UPO.<\/p>\n<p>&nbsp;<\/p>\n<figure id=\"attachment_30887726\" aria-describedby=\"caption-attachment-30887726\" style=\"width: 693px\" class=\"wp-caption aligncenter\"><a href=\"https:\/\/www.upo.es\/diario\/wp-content\/uploads\/2025\/07\/figura_inves_elecciones_tunez02.jpg\"><img loading=\"lazy\" decoding=\"async\" class=\"wp-image-30887726 size-full\" src=\"https:\/\/www.upo.es\/diario\/wp-content\/uploads\/2025\/07\/figura_inves_elecciones_tunez02.jpg\" alt=\"\" width=\"693\" height=\"462\" srcset=\"https:\/\/www.upo.es\/diario\/wp-content\/uploads\/2025\/07\/figura_inves_elecciones_tunez02.jpg 693w, https:\/\/www.upo.es\/diario\/wp-content\/uploads\/2025\/07\/figura_inves_elecciones_tunez02-420x280.jpg 420w, https:\/\/www.upo.es\/diario\/wp-content\/uploads\/2025\/07\/figura_inves_elecciones_tunez02-165x109.jpg 165w\" sizes=\"auto, (max-width: 693px) 100vw, 693px\" \/><\/a><figcaption id=\"caption-attachment-30887726\" class=\"wp-caption-text\">Posici\u00f3n de los principales partidos en la escala ideol\u00f3gica de doble eje: izquierda-derecha y religioso-secular en 2019 y 2014.<\/figcaption><\/figure>\n<h3><strong>Un sistema pol\u00edtico en crisis<\/strong><\/h3>\n<p>Adem\u00e1s de los datos electorales, el estudio incorpora entrevistas con actores clave del panorama tunecino, el trabajo con un grupo de expertos tunecinos, estadounidenses o espa\u00f1oles y una innovadora metodolog\u00eda que combina ejes ideol\u00f3gicos (izquierda-derecha, laico-religioso) para analizar los movimientos del electorado. Los resultados muestran c\u00f3mo <strong>la desafecci\u00f3n no solo alter\u00f3 las din\u00e1micas electorales, sino que debilit\u00f3 los mecanismos de control democr\u00e1tico<\/strong> y la capacidad de reacci\u00f3n frente a la deriva autoritaria iniciada por el presidente Saied en 2021, cuando suspendi\u00f3 el parlamento y asumi\u00f3 plenos poderes.<\/p>\n<p>\u201cUna ciudadan\u00eda insatisfecha y desconectada de los canales institucionales tiene menos capacidad de respuesta ante ataques a la democracia\u201d, advierte Govantes, quien a\u00f1ade que \u201clo que ocurri\u00f3 en T\u00fanez puede ayudarnos a entender mejor los riesgos que enfrentan las democracias fr\u00e1giles cuando se combinan crisis econ\u00f3micas y desafecci\u00f3n pol\u00edtica\u201d.<\/p>\n<h3><strong>Multidisciplinariedad, proyecci\u00f3n internacional y futuras l\u00edneas de trabajo<\/strong><strong>\u00a0<\/strong><\/h3>\n<p>La colaboraci\u00f3n de Govantes con el catedr\u00e1tico de Estudios \u00c1rabes e Isl\u00e1micos, Miguel Hernando de Larramendi, ya tiene un largo recorrido. Sin embargo, es la primera vez que ambos trabajan junto con Antonio Alfonso, economista experto en an\u00e1lisis de datos. En este sentido, Govantes destaca \u201cel <strong>beneficio que la integraci\u00f3n de estas perspectivas multidisciplinares ha tenido en el resultado final<\/strong>\u201d.<strong>\u00a0<\/strong><\/p>\n<p>El estudio abre as\u00ed <strong>nuevas l\u00edneas de investigaci\u00f3n sobre el comportamiento electoral en contextos de transici\u00f3n democr\u00e1tica<\/strong>, con especial atenci\u00f3n al mundo \u00e1rabe, una regi\u00f3n donde este tipo de an\u00e1lisis emp\u00edricos sigue siendo escaso.<\/p>\n<p>Seg\u00fan los autores, uno de los pr\u00f3ximos pasos ser\u00e1 <strong>ampliar el enfoque comparado<\/strong> para analizar si la relaci\u00f3n entre desafecci\u00f3n ciudadana, auge del populismo y debilitamiento institucional se reproduce en otros pa\u00edses del Magreb y Oriente Medio. Adem\u00e1s, subrayan el valor innovador del estudio, al aplicar conceptos centrales de la Ciencia Pol\u00edtica contempor\u00e1nea \u2014como la desafecci\u00f3n pol\u00edtica, el populismo o la regresi\u00f3n democr\u00e1tica\u2014 en contextos poco explorados por la academia internacional.<\/p>\n<p>En este sentido, Govantes destaca la importancia de \u201cromper con las l\u00f3gicas occidentaloc\u00e9ntricas que dominan el an\u00e1lisis pol\u00edtico comparado y entender las din\u00e1micas propias del mundo \u00e1rabe desde marcos anal\u00edticos m\u00e1s ajustados a su realidad hist\u00f3rica y social\u201d.<\/p>\n<h3><strong>Referencia:<\/strong><\/h3>\n<p>Bosco Govantes, Antonio Alfonso, Miguel Larramendi. <strong>Voting with dissatisfaction: an analysis of the 2019 parliamentary election in Tunisia<\/strong>. <em>Democratization. <\/em>2025. <a href=\"https:\/\/doi.org\/10.1080\/13510347.2025.2507361\">https:\/\/doi.org\/10.1080\/13510347.2025.2507361<\/a><\/p>\n<p>&nbsp;<\/p>\n","protected":false},"excerpt":{"rendered":"<p>Tras m\u00e1s de una d\u00e9cada de la Primavera \u00c1rabe, T\u00fanez, el pa\u00eds que fue referente de \u00e9xito democr\u00e1tico en la regi\u00f3n, atraviesa una profunda crisis institucional. En este contexto, un estudio liderado por el polit\u00f3logo Bosco Govantes, investigador de la Universidad Pablo de Olavide, en coautor\u00eda con Antonio Alfonso (Universidad Loyola Andaluc\u00eda) y Miguel Hernando de Larramendi (Universidad de Castilla-La Mancha), analiza c\u00f3mo el descontento ciudadano fue clave en el colapso del sistema de partidos y en el retroceso democr\u00e1tico en este pa\u00eds.<\/p>\n","protected":false},"author":2,"featured_media":30887724,"comment_status":"closed","ping_status":"open","sticky":false,"template":"","format":"standard","meta":{"_monsterinsights_skip_tracking":false,"_monsterinsights_sitenote_active":false,"_monsterinsights_sitenote_note":"","_monsterinsights_sitenote_category":0,"footnotes":""},"categories":[3],"tags":[9259,744,9260,69,3024,3173],"class_list":["post-30887723","post","type-post","status-publish","format-standard","has-post-thumbnail","hentry","category-ciencia","tag-bosco-govantes","tag-democracia","tag-desafeccion-ciudadana","tag-elecciones","tag-primavera-arabe","tag-tunez"],"_links":{"self":[{"href":"https:\/\/www.upo.es\/diario\/wp-json\/wp\/v2\/posts\/30887723","targetHints":{"allow":["GET"]}}],"collection":[{"href":"https:\/\/www.upo.es\/diario\/wp-json\/wp\/v2\/posts"}],"about":[{"href":"https:\/\/www.upo.es\/diario\/wp-json\/wp\/v2\/types\/post"}],"author":[{"embeddable":true,"href":"https:\/\/www.upo.es\/diario\/wp-json\/wp\/v2\/users\/2"}],"replies":[{"embeddable":true,"href":"https:\/\/www.upo.es\/diario\/wp-json\/wp\/v2\/comments?post=30887723"}],"version-history":[{"count":4,"href":"https:\/\/www.upo.es\/diario\/wp-json\/wp\/v2\/posts\/30887723\/revisions"}],"predecessor-version":[{"id":30887730,"href":"https:\/\/www.upo.es\/diario\/wp-json\/wp\/v2\/posts\/30887723\/revisions\/30887730"}],"wp:featuredmedia":[{"embeddable":true,"href":"https:\/\/www.upo.es\/diario\/wp-json\/wp\/v2\/media\/30887724"}],"wp:attachment":[{"href":"https:\/\/www.upo.es\/diario\/wp-json\/wp\/v2\/media?parent=30887723"}],"wp:term":[{"taxonomy":"category","embeddable":true,"href":"https:\/\/www.upo.es\/diario\/wp-json\/wp\/v2\/categories?post=30887723"},{"taxonomy":"post_tag","embeddable":true,"href":"https:\/\/www.upo.es\/diario\/wp-json\/wp\/v2\/tags?post=30887723"}],"curies":[{"name":"wp","href":"https:\/\/api.w.org\/{rel}","templated":true}]}}