{"id":30887744,"date":"2025-07-28T11:49:59","date_gmt":"2025-07-28T09:49:59","guid":{"rendered":"https:\/\/www.upo.es\/diario\/?p=30887744"},"modified":"2025-07-30T13:57:44","modified_gmt":"2025-07-30T11:57:44","slug":"revista-americania-se-posiciona-en-el-cuartil-q2-del-journal-impact-factor-jif-de-la-web-of-science","status":"publish","type":"post","link":"https:\/\/www.upo.es\/diario\/docencia-formacion\/2025\/07\/revista-americania-se-posiciona-en-el-cuartil-q2-del-journal-impact-factor-jif-de-la-web-of-science\/","title":{"rendered":"La revista\u00a0American\u00eda\u00a0se posiciona en el cuartil Q2 del Journal Impact Factor (JIF) de la Web of Science"},"content":{"rendered":"<div class=\"gmail_default\">\n<p><a href=\"https:\/\/www.upo.es\/diario\/wp-content\/uploads\/2025\/07\/Americania.jpg\"><img loading=\"lazy\" decoding=\"async\" class=\"alignright size-medium wp-image-30887745\" src=\"https:\/\/www.upo.es\/diario\/wp-content\/uploads\/2025\/07\/Americania-296x420.jpg\" alt=\"\" width=\"296\" height=\"420\" srcset=\"https:\/\/www.upo.es\/diario\/wp-content\/uploads\/2025\/07\/Americania-296x420.jpg 296w, https:\/\/www.upo.es\/diario\/wp-content\/uploads\/2025\/07\/Americania-370x525.jpg 370w, https:\/\/www.upo.es\/diario\/wp-content\/uploads\/2025\/07\/Americania.jpg 623w\" sizes=\"auto, (max-width: 296px) 100vw, 296px\" \/><\/a>La revista\u00a0<em><a href=\"https:\/\/www.upo.es\/revistas\/index.php\/americania\" target=\"_blank\" rel=\"noopener\">American\u00eda<\/a><\/em>, dirigida por los profesores Justo Cu\u00f1o Bonito, director del Departamento de Geograf\u00eda, Historia y Filosof\u00eda de la Universidad Pablo de Olavide, y Manuel Chust Calero, catedr\u00e1tico de Historia de Am\u00e9rica en la Universidad Jaume I, ha logrado posicionarse en el cuartil Q2 del\u00a0<em>Journal\u00a0<\/em><em>Impact Factor (JIF) de la Web of Science (WoS)<\/em>.<\/p>\n<p>El Factor de Impacto de las Revistas, o Journal Impact Factor, es un indicador espec\u00edfico dentro de\u00a0<em>Journal Citation Reports<\/em>\u00a0(JCR) que mide el promedio de citas que reciben los art\u00edculos de una revista en un per\u00edodo de tiempo determinado.<\/p>\n<p>A mediados de junio de 2025 se han publicado los datos del JCR para 2024, incluy\u00e9ndose aqu\u00ed cuatro de las Revistas UPO. En concreto, el Factor de Impacto de la revista\u00a0<em>International Journal of Educational Research and Innovation (IJERI)<\/em>\u00a0se mantiene en el Q2 de la categor\u00eda \u201cEducaci\u00f3n e Investigaci\u00f3n en Educaci\u00f3n\u201d; la revista\u00a0<em>De Computis<\/em>\u00a0se mantiene en el Q4 en la categor\u00eda \u201cEmpresa, Finanzas\u201d; y la\u00a0<em>Revista Internacional de Pensamiento Pol\u00edtico<\/em>\u00a0se mantiene tambi\u00e9n en el Q4 de la categor\u00eda de \u201cCiencias Pol\u00edticas\u201d.<\/p>\n<p>La revista\u00a0<em>American\u00eda<\/em>\u00a0este a\u00f1o ha subido del Q4 al Q2 en la categor\u00eda de \u201cHistoria\u201d. Este reconocimiento implica que, de un total de 538 revistas cient\u00edficas en el \u00e1rea de Historia,\u00a0<em>American\u00eda<\/em>\u00a0se sit\u00faa en el puesto 265.<\/p>\n<p><em>American\u00eda<\/em>\u00a0es una publicaci\u00f3n semestral especializada en Historia Latinoamericana y otras disciplinas afines, y se edita desde el a\u00f1o 2011 con el apoyo del Servicio de Publicaci\u00f3n Digital de la\u00a0<a href=\"https:\/\/www.upo.es\/biblioteca\/\" target=\"_blank\" rel=\"noopener\">Biblioteca\/CRAI<\/a>\u00a0de la Universidad Pablo de Olavide. Este logro refleja el firme compromiso tanto de la revista como de la UPO con la excelencia acad\u00e9mica y la proyecci\u00f3n investigadora a nivel internacional.<\/p>\n<\/div>\n","protected":false},"excerpt":{"rendered":"<p>La revista\u00a0American\u00eda, dirigida por los profesores Justo Cu\u00f1o Bonito, director del Departamento de Geograf\u00eda, Historia y Filosof\u00eda de la Universidad Pablo de Olavide, y Manuel Chust Calero, catedr\u00e1tico de Historia de Am\u00e9rica en la Universidad Jaume I, ha logrado posicionarse en el cuartil Q2 del\u00a0Journal\u00a0Impact Factor (JIF) de la Web of Science (WoS).<\/p>\n","protected":false},"author":2,"featured_media":30887745,"comment_status":"closed","ping_status":"open","sticky":false,"template":"","format":"standard","meta":{"_monsterinsights_skip_tracking":false,"_monsterinsights_sitenote_active":false,"_monsterinsights_sitenote_note":"","_monsterinsights_sitenote_category":0,"footnotes":""},"categories":[2779],"tags":[4148,2622,150,8968,9265,6646],"class_list":["post-30887744","post","type-post","status-publish","format-standard","has-post-thumbnail","hentry","category-docencia-formacion","tag-americania","tag-bibliotecacrai","tag-historia","tag-journal-citation-reports","tag-ournal-impact-factor","tag-web-of-science"],"_links":{"self":[{"href":"https:\/\/www.upo.es\/diario\/wp-json\/wp\/v2\/posts\/30887744","targetHints":{"allow":["GET"]}}],"collection":[{"href":"https:\/\/www.upo.es\/diario\/wp-json\/wp\/v2\/posts"}],"about":[{"href":"https:\/\/www.upo.es\/diario\/wp-json\/wp\/v2\/types\/post"}],"author":[{"embeddable":true,"href":"https:\/\/www.upo.es\/diario\/wp-json\/wp\/v2\/users\/2"}],"replies":[{"embeddable":true,"href":"https:\/\/www.upo.es\/diario\/wp-json\/wp\/v2\/comments?post=30887744"}],"version-history":[{"count":1,"href":"https:\/\/www.upo.es\/diario\/wp-json\/wp\/v2\/posts\/30887744\/revisions"}],"predecessor-version":[{"id":30887746,"href":"https:\/\/www.upo.es\/diario\/wp-json\/wp\/v2\/posts\/30887744\/revisions\/30887746"}],"wp:featuredmedia":[{"embeddable":true,"href":"https:\/\/www.upo.es\/diario\/wp-json\/wp\/v2\/media\/30887745"}],"wp:attachment":[{"href":"https:\/\/www.upo.es\/diario\/wp-json\/wp\/v2\/media?parent=30887744"}],"wp:term":[{"taxonomy":"category","embeddable":true,"href":"https:\/\/www.upo.es\/diario\/wp-json\/wp\/v2\/categories?post=30887744"},{"taxonomy":"post_tag","embeddable":true,"href":"https:\/\/www.upo.es\/diario\/wp-json\/wp\/v2\/tags?post=30887744"}],"curies":[{"name":"wp","href":"https:\/\/api.w.org\/{rel}","templated":true}]}}