{"id":30887747,"date":"2025-07-29T11:03:08","date_gmt":"2025-07-29T09:03:08","guid":{"rendered":"https:\/\/www.upo.es\/diario\/?p=30887747"},"modified":"2025-09-26T14:23:36","modified_gmt":"2025-09-26T12:23:36","slug":"proyecto-incluyendo-ciencia-acerca-conocimiento-cientifico-colectivos-vulnerables-notable-exito","status":"publish","type":"post","link":"https:\/\/www.upo.es\/diario\/docencia-formacion\/2025\/07\/proyecto-incluyendo-ciencia-acerca-conocimiento-cientifico-colectivos-vulnerables-notable-exito\/","title":{"rendered":"El proyecto \u2018Incluyendo en Ciencia\u2019 acerca el conocimiento cient\u00edfico a colectivos vulnerables con notable \u00e9xito"},"content":{"rendered":"<p><a href=\"https:\/\/www.upo.es\/diario\/wp-content\/uploads\/2025\/07\/incluyendo_en_ciencia01.png\"><img loading=\"lazy\" decoding=\"async\" class=\"aligncenter size-large wp-image-30887748\" src=\"https:\/\/www.upo.es\/diario\/wp-content\/uploads\/2025\/07\/incluyendo_en_ciencia01-652x525.png\" alt=\"\" width=\"652\" height=\"525\" srcset=\"https:\/\/www.upo.es\/diario\/wp-content\/uploads\/2025\/07\/incluyendo_en_ciencia01-652x525.png 652w, https:\/\/www.upo.es\/diario\/wp-content\/uploads\/2025\/07\/incluyendo_en_ciencia01-420x338.png 420w, https:\/\/www.upo.es\/diario\/wp-content\/uploads\/2025\/07\/incluyendo_en_ciencia01-768x619.png 768w, https:\/\/www.upo.es\/diario\/wp-content\/uploads\/2025\/07\/incluyendo_en_ciencia01-1536x1237.png 1536w, https:\/\/www.upo.es\/diario\/wp-content\/uploads\/2025\/07\/incluyendo_en_ciencia01-1320x1063.png 1320w, https:\/\/www.upo.es\/diario\/wp-content\/uploads\/2025\/07\/incluyendo_en_ciencia01.png 1572w\" sizes=\"auto, (max-width: 652px) 100vw, 652px\" \/><\/a><\/p>\n<p>El proyecto <strong>\u2018Incluyendo en Ciencia\u2019<\/strong>, una iniciativa del <strong>Centro Andaluz de Biolog\u00eda del Desarrollo<\/strong> (CABD) &#8211; centro mixto del Consejo Superior de Investigaciones Cient\u00edficas (CSIC), la Universidad Pablo de Olavide (UPO) y la Junta de Andaluc\u00eda \u2013 concluye tras un a\u00f1o de actividades con una valoraci\u00f3n altamente positiva. Esta iniciativa ha contado con financiaci\u00f3n de la <strong>Fundaci\u00f3n Espa\u00f1ola para la Ciencia y la Tecnolog\u00eda<\/strong> (FECYT), en el marco de su programa de ayudas para el fomento de la cultura cient\u00edfica, tecnol\u00f3gica y de la innovaci\u00f3n.<\/p>\n<p><a href=\"https:\/\/www.upo.es\/diario\/wp-content\/uploads\/2025\/07\/incluyendo_en_ciendoa03.jpg\"><img loading=\"lazy\" decoding=\"async\" class=\"alignright wp-image-30887749 size-medium\" src=\"https:\/\/www.upo.es\/diario\/wp-content\/uploads\/2025\/07\/incluyendo_en_ciendoa03-315x420.jpg\" alt=\"\" width=\"315\" height=\"420\" srcset=\"https:\/\/www.upo.es\/diario\/wp-content\/uploads\/2025\/07\/incluyendo_en_ciendoa03-315x420.jpg 315w, https:\/\/www.upo.es\/diario\/wp-content\/uploads\/2025\/07\/incluyendo_en_ciendoa03-394x525.jpg 394w, https:\/\/www.upo.es\/diario\/wp-content\/uploads\/2025\/07\/incluyendo_en_ciendoa03-768x1024.jpg 768w, https:\/\/www.upo.es\/diario\/wp-content\/uploads\/2025\/07\/incluyendo_en_ciendoa03-1152x1536.jpg 1152w, https:\/\/www.upo.es\/diario\/wp-content\/uploads\/2025\/07\/incluyendo_en_ciendoa03-1320x1760.jpg 1320w, https:\/\/www.upo.es\/diario\/wp-content\/uploads\/2025\/07\/incluyendo_en_ciendoa03.jpg 1512w\" sizes=\"auto, (max-width: 315px) 100vw, 315px\" \/><\/a>Durante el proyecto se han desarrollado talleres cient\u00edficos y visitas guiadas centradas en la Biolog\u00eda del Desarrollo, con el objetivo de <strong>acercar el conocimiento cient\u00edfico a colectivos en situaci\u00f3n de vulnerabilidad<\/strong>. M\u00e1s de 360 personas han participado en estas actividades, que han permitido explicar conceptos clave como el ADN y el ciclo de vida de organismos modelo utilizados en la investigaci\u00f3n del CABD.<\/p>\n<p>Entre los colectivos participantes se encuentran menores procedentes de centros de protecci\u00f3n en colaboraci\u00f3n con las ONGs \u2018Crecer con Futuro\u2019 y \u2018Abr\u00e1zame\u2019; j\u00f3venes de etnia gitana pertenecientes a la \u2018Escuela de Verano de la Asociaci\u00f3n Gitana Vencedores\u2019; y personas mayores de 55 a\u00f1os de localidades sevillanas, a trav\u00e9s del Aula de Mayores de la Universidad Pablo de Olavide.<\/p>\n<p>Las encuestas an\u00f3nimas realizadas reflejan una valoraci\u00f3n muy positiva de las actividades: <strong>el 97 % de las personas participantes manifestaron inter\u00e9s en repetir la experiencia<\/strong>. Entre los comentarios recibidos, se destaca la calidad did\u00e1ctica y la claridad en la transmisi\u00f3n de conocimientos cient\u00edficos. Adem\u00e1s, se ha puesto de manifiesto el valor de este tipo de iniciativas para generar conciencia social sobre la importancia de la ciencia b\u00e1sica y el trabajo que se realiza en los centros de investigaci\u00f3n nacionales.<\/p>\n<p>El equipo responsable ha estado formado por personal investigador del CABD con amplia experiencia en divulgaci\u00f3n cient\u00edfica. Los resultados obtenidos confirman el impacto y la pertinencia del proyecto, que ha sido presentado con gran acogida en la reuni\u00f3n de comunicadores y divulgadores del CSIC en Andaluc\u00eda, celebrada el pasado mes de noviembre.<\/p>\n<p>Asimismo, \u2018Incluyendo en Ciencia\u2019 ha sido distinguido con el <strong>primer premio en la I Edici\u00f3n de los Premios de Divulgaci\u00f3n CABD \u2013 Fundaci\u00f3n Biomol<\/strong>, galard\u00f3n otorgado por un jurado integrado por personas miembros del CSIC, UPO, Junta de Andaluc\u00eda y Fundaci\u00f3n Descubre.<\/p>\n<p>El cierre del proyecto deja abierta la puerta a futuras ediciones, con el objetivo de continuar acercando la ciencia a quienes m\u00e1s lo necesitan y muestran mayor entusiasmo por aprender.<\/p>\n","protected":false},"excerpt":{"rendered":"<p>El proyecto \u2018Incluyendo en Ciencia\u2019, una iniciativa del Centro Andaluz de Biolog\u00eda del Desarrollo (CABD) &#8211; centro mixto del Consejo Superior de Investigaciones Cient\u00edficas (CSIC), la Universidad Pablo de Olavide (UPO) y la Junta de Andaluc\u00eda \u2013 concluye tras un a\u00f1o de actividades con una valoraci\u00f3n altamente positiva. Esta iniciativa ha contado con financiaci\u00f3n de la Fundaci\u00f3n Espa\u00f1ola para la Ciencia y la Tecnolog\u00eda (FECYT), en el marco de su programa de ayudas para el fomento de la cultura cient\u00edfica, tecnol\u00f3gica y de la innovaci\u00f3n.<\/p>\n","protected":false},"author":2,"featured_media":30887749,"comment_status":"closed","ping_status":"open","sticky":false,"template":"","format":"standard","meta":{"_monsterinsights_skip_tracking":false,"_monsterinsights_sitenote_active":false,"_monsterinsights_sitenote_note":"","_monsterinsights_sitenote_category":0,"footnotes":""},"categories":[2779],"tags":[43,9266,2645,5794],"class_list":["post-30887747","post","type-post","status-publish","format-standard","has-post-thumbnail","hentry","category-docencia-formacion","tag-cabd","tag-colectivos-vulnerables","tag-divulgacion-cientifica","tag-fecyt"],"_links":{"self":[{"href":"https:\/\/www.upo.es\/diario\/wp-json\/wp\/v2\/posts\/30887747","targetHints":{"allow":["GET"]}}],"collection":[{"href":"https:\/\/www.upo.es\/diario\/wp-json\/wp\/v2\/posts"}],"about":[{"href":"https:\/\/www.upo.es\/diario\/wp-json\/wp\/v2\/types\/post"}],"author":[{"embeddable":true,"href":"https:\/\/www.upo.es\/diario\/wp-json\/wp\/v2\/users\/2"}],"replies":[{"embeddable":true,"href":"https:\/\/www.upo.es\/diario\/wp-json\/wp\/v2\/comments?post=30887747"}],"version-history":[{"count":1,"href":"https:\/\/www.upo.es\/diario\/wp-json\/wp\/v2\/posts\/30887747\/revisions"}],"predecessor-version":[{"id":30887751,"href":"https:\/\/www.upo.es\/diario\/wp-json\/wp\/v2\/posts\/30887747\/revisions\/30887751"}],"wp:featuredmedia":[{"embeddable":true,"href":"https:\/\/www.upo.es\/diario\/wp-json\/wp\/v2\/media\/30887749"}],"wp:attachment":[{"href":"https:\/\/www.upo.es\/diario\/wp-json\/wp\/v2\/media?parent=30887747"}],"wp:term":[{"taxonomy":"category","embeddable":true,"href":"https:\/\/www.upo.es\/diario\/wp-json\/wp\/v2\/categories?post=30887747"},{"taxonomy":"post_tag","embeddable":true,"href":"https:\/\/www.upo.es\/diario\/wp-json\/wp\/v2\/tags?post=30887747"}],"curies":[{"name":"wp","href":"https:\/\/api.w.org\/{rel}","templated":true}]}}