{"id":30887768,"date":"2025-07-30T10:49:49","date_gmt":"2025-07-30T08:49:49","guid":{"rendered":"https:\/\/www.upo.es\/diario\/?p=30887768"},"modified":"2025-07-30T10:59:10","modified_gmt":"2025-07-30T08:59:10","slug":"becas-y-ayudas-para-estudiantes-de-la-upo-con-plazo-de-solicitud-abierto","status":"publish","type":"post","link":"https:\/\/www.upo.es\/diario\/comunidad\/2025\/07\/becas-y-ayudas-para-estudiantes-de-la-upo-con-plazo-de-solicitud-abierto\/","title":{"rendered":"Becas y ayudas para estudiantes de la UPO con plazo de solicitud abierto"},"content":{"rendered":"<p><a href=\"https:\/\/www.upo.es\/diario\/wp-content\/uploads\/2025\/07\/becas-LETRERO.jpg\"><img loading=\"lazy\" decoding=\"async\" class=\"alignright size-medium wp-image-30887769\" src=\"https:\/\/www.upo.es\/diario\/wp-content\/uploads\/2025\/07\/becas-LETRERO-420x280.jpg\" alt=\"\" width=\"420\" height=\"280\" srcset=\"https:\/\/www.upo.es\/diario\/wp-content\/uploads\/2025\/07\/becas-LETRERO-420x280.jpg 420w, https:\/\/www.upo.es\/diario\/wp-content\/uploads\/2025\/07\/becas-LETRERO-750x500.jpg 750w, https:\/\/www.upo.es\/diario\/wp-content\/uploads\/2025\/07\/becas-LETRERO-768x512.jpg 768w, https:\/\/www.upo.es\/diario\/wp-content\/uploads\/2025\/07\/becas-LETRERO-165x109.jpg 165w, https:\/\/www.upo.es\/diario\/wp-content\/uploads\/2025\/07\/becas-LETRERO.jpg 1000w\" sizes=\"auto, (max-width: 420px) 100vw, 420px\" \/><\/a>El alumnado de la Universidad Pablo de Olavide podr\u00e1 optar a diferentes becas y ayudas cuyo plazo de solicitud se encuentra actualmente abierto. Estas becas y ayudas, en funci\u00f3n del destinatario y objetivo, son:<\/p>\n<ul>\n<li><strong>Becas de Formaci\u00f3n remuneradas vinculadas a distintos programas formativos <\/strong>dentro de la Universidad Pablo de Olavide del Vicerrectorado de Estudiantes dirigidas a estudiantes matriculados en los grados de los centros propios de la UPO durante el curso 2025\/26.\n<ul>\n<li>1 beca de formaci\u00f3n en el \u00c1rea de Estudiantes (UPO-DINAMO).<\/li>\n<li>2 becas de formaci\u00f3n en el Consejo de Estudiantes.<\/li>\n<li>1 beca de formaci\u00f3n en la Unidad T\u00e9cnica de Comunicaci\u00f3n.<\/li>\n<li>2 becas de formaci\u00f3n en la Facultad de Humanidades (Programa Atenea. Solo para estudiantes de esta Facultad).<\/li>\n<li>1 beca de formaci\u00f3n en la Escuela Polit\u00e9cnica Superior (Laboratorio EPS. Solo para estudiantes de la Escuela).<\/li>\n<\/ul>\n<\/li>\n<\/ul>\n<p><strong>El plazo de presentaci\u00f3n de solicitudes finaliza el lunes, 1 de septiembre de 2025. <\/strong><\/p>\n<p>Toda la informaci\u00f3n:<\/p>\n<p><strong>Convocatoria:<\/strong> <a href=\"https:\/\/www.upo.es\/system\/modules\/com.saga.upo.sedeelectronica.frontend\/handler\/TEO_download-alfresco-document.jsp?ref=f7b0b4c5-e585-4592-96f9-b8554750f44a\">Consulta aqu\u00ed<\/a><\/p>\n<p><strong>Anexo II &#8211; Solicitud:<\/strong> <a href=\"https:\/\/www.upo.es\/system\/modules\/com.saga.upo.sedeelectronica.frontend\/handler\/TEO_download-alfresco-document.jsp?ref=d62b1f27-35b5-4816-aa31-7659ec06ad64\">Descargar aqu\u00ed<\/a><\/p>\n<p><strong>Anexo III:<\/strong> <a href=\"https:\/\/www.upo.es\/system\/modules\/com.saga.upo.sedeelectronica.frontend\/handler\/TEO_download-alfresco-document.jsp?ref=cec0a77b-dc57-4130-8f4f-414e8d7b1231\">Descargar aqu\u00ed<\/a><\/p>\n<ul>\n<li><strong>Beca de Comedor<\/strong> del Vicerrectorado de Estudiantes en el marco del convenio entre la Universidad Pablo de Olavide y el Banco Santander dirigida a estudiantes matriculados en los grados de los centros propios de la UPO durante el curso 2025\/26.<strong>\u00a0<\/strong><\/li>\n<\/ul>\n<p><strong>El plazo de presentaci\u00f3n de solicitudes finaliza el lunes, 15 de septiembre de 2025. <\/strong><\/p>\n<p>Toda la informaci\u00f3n:<\/p>\n<p><strong>Convocatoria:<\/strong> <a href=\"https:\/\/www.upo.es\/system\/modules\/com.saga.upo.sedeelectronica.frontend\/handler\/TEO_download-alfresco-document.jsp?ref=64fca054-41ea-406d-b5e8-6504d452572a\">Consulta aqu\u00ed<\/a><\/p>\n<p><strong>Solicitud (doble inscripci\u00f3n)<\/strong> <a href=\"https:\/\/www.upo.es\/system\/modules\/com.saga.upo.sedeelectronica.frontend\/handler\/TEO_download-alfresco-document.jsp?ref=56c4489e-6e68-49a4-b17d-651a953f0c21\">Descargar aqu\u00ed<\/a><\/p>\n<ol>\n<li>Presentar documentaci\u00f3n en la sede electr\u00f3nica UPO: <a href=\"https:\/\/sede.upo.es\/opencms\/system\/modules\/sede\/index\">Instancia Gen\u00e9rica<\/a><\/li>\n<li>Inscribirse online en <a href=\"https:\/\/app.santanderopenacademy.com\/es\/program\/www.beca-santander.com\">https:\/\/app.santanderopenacademy.com\/es\/program\/www.beca-santander.com<\/a><\/li>\n<\/ol>\n<ul>\n<li><strong>Ayudas para estudiar en el Servicio de Idiomas <\/strong>del Vicerrectorado de Internacionalizaci\u00f3n dirigidas a estudiantes matriculados en los grados de los centros propios de la UPO durante el curso 2025\/26:<\/li>\n<\/ul>\n<p><strong>\u00a0<\/strong><strong>El plazo de presentaci\u00f3n de solicitudes finaliza el martes, 30 de septiembre de 2025. <\/strong><\/p>\n<p>Toda la informaci\u00f3n:<\/p>\n<p><strong>Convocatoria:<\/strong> <a href=\"https:\/\/www.upo.es\/system\/modules\/com.saga.upo.sedeelectronica.frontend\/handler\/TEO_download-alfresco-document.jsp?ref=3c5aba73-c770-4775-bacb-90b17b8c4502\">Consulta aqu\u00ed<\/a><\/p>\n<p><strong>Solicitud: <\/strong><a href=\"https:\/\/www.upo.es\/system\/modules\/com.saga.upo.sedeelectronica.frontend\/handler\/TEO_download-alfresco-document.jsp?ref=3cfcc5e2-c8fe-4e1c-8034-b1b240493596\">Descargar aqu\u00ed<\/a><\/p>\n<ul>\n<li><strong>Becas Santander Ayuda Econ\u00f3mica 2025<\/strong> del Vicerrectorado de Estudiantes dirigidas al alumnado matriculado en estudios oficiales de Grado y M\u00e1ster durante el curso 2024\/25.<\/li>\n<\/ul>\n<p><strong>El plazo de presentaci\u00f3n de solicitudes finaliza el mi\u00e9rcoles, 15 de octubre de 2025. <\/strong><\/p>\n<p>Toda la informaci\u00f3n:<\/p>\n<p><strong>Convocatoria:<\/strong> <a href=\"https:\/\/www.upo.es\/system\/modules\/com.saga.upo.sedeelectronica.frontend\/handler\/TEO_download-alfresco-document.jsp?ref=82343faa-f8fc-404e-ad0d-9d4ccf83a27f\">Consulta aqu\u00ed<\/a><\/p>\n<p><strong>Solicitud:<\/strong> (doble inscripci\u00f3n)<\/p>\n<ol start=\"2\">\n<li>Inscribirse online en <a href=\"https:\/\/www.bancosantander.es\/universidades\/educacion\/becas\">https:\/\/www.bancosantander.es\/universidades\/educacion\/becas<\/a><\/li>\n<li>Presentar documentaci\u00f3n en la sede electr\u00f3nica UPO: <a href=\"https:\/\/sede.upo.es\/opencms\/system\/modules\/sede\/index\">Instancia Gen\u00e9rica<\/a><\/li>\n<\/ol>\n<ul>\n<li><strong>Ayudas para el Fomento de la Adquisici\u00f3n y Acreditaci\u00f3n de Niveles de Competencia Ling\u00fc\u00edstica en una Lengua Extranjera <\/strong>del Vicerrectorado de Estudiantes dirigida a estudiantes matriculados en los grados de los centros propios de la UPO durante el curso 2024\/25.<\/li>\n<\/ul>\n<p><strong>El plazo de presentaci\u00f3n de solicitudes finaliza el mi\u00e9rcoles, 15 de octubre de 2025. <\/strong><\/p>\n<p>Toda la informaci\u00f3n:<\/p>\n<p><strong>Convocatoria:<\/strong> <a href=\"https:\/\/www.upo.es\/system\/modules\/com.saga.upo.sedeelectronica.frontend\/handler\/TEO_download-alfresco-document.jsp?ref=cccb52c2-fe5d-43e0-be49-bc913abfa682\">Consulta aqu\u00ed<\/a><\/p>\n<p><strong>Solicitud:<\/strong> <a href=\"https:\/\/www.upo.es\/system\/modules\/com.saga.upo.sedeelectronica.frontend\/handler\/TEO_download-alfresco-document.jsp?ref=8b17c66d-c9a5-4a2c-ba4d-90649468fdb5\">Descargar aqu\u00ed<\/a><\/p>\n<p>Para consultar los requisitos, plazos y formularios espec\u00edficos de cada convocatoria, el estudiantado interesado puede acceder a la informaci\u00f3n detallada a trav\u00e9s de los enlaces facilitados en cada apartado. Estas becas y ayudas representan una oportunidad para complementar la formaci\u00f3n acad\u00e9mica, mejorar la empleabilidad y facilitar el acceso a servicios universitarios.<\/p>\n<p>&nbsp;<\/p>\n<p>&nbsp;<\/p>\n","protected":false},"excerpt":{"rendered":"<p>El alumnado de la Universidad Pablo de Olavide podr\u00e1 optar a diferentes becas y ayudas cuyo plazo de solicitud se encuentra actualmente abierto. Estas becas y ayudas representan una oportunidad para complementar la formaci\u00f3n acad\u00e9mica, mejorar la empleabilidad y facilitar el acceso a servicios universitarios.<\/p>\n","protected":false},"author":4,"featured_media":30887770,"comment_status":"closed","ping_status":"open","sticky":false,"template":"","format":"standard","meta":{"_monsterinsights_skip_tracking":false,"_monsterinsights_sitenote_active":false,"_monsterinsights_sitenote_note":"","_monsterinsights_sitenote_category":0,"footnotes":""},"categories":[5842],"tags":[3719,64,2114,3620],"class_list":["post-30887768","post","type-post","status-publish","format-standard","has-post-thumbnail","hentry","category-comunidad","tag-ayudas","tag-becas","tag-vicerrectorado-de-estudiantes","tag-vicerrectorado-de-internacionalizacion"],"_links":{"self":[{"href":"https:\/\/www.upo.es\/diario\/wp-json\/wp\/v2\/posts\/30887768","targetHints":{"allow":["GET"]}}],"collection":[{"href":"https:\/\/www.upo.es\/diario\/wp-json\/wp\/v2\/posts"}],"about":[{"href":"https:\/\/www.upo.es\/diario\/wp-json\/wp\/v2\/types\/post"}],"author":[{"embeddable":true,"href":"https:\/\/www.upo.es\/diario\/wp-json\/wp\/v2\/users\/4"}],"replies":[{"embeddable":true,"href":"https:\/\/www.upo.es\/diario\/wp-json\/wp\/v2\/comments?post=30887768"}],"version-history":[{"count":2,"href":"https:\/\/www.upo.es\/diario\/wp-json\/wp\/v2\/posts\/30887768\/revisions"}],"predecessor-version":[{"id":30887772,"href":"https:\/\/www.upo.es\/diario\/wp-json\/wp\/v2\/posts\/30887768\/revisions\/30887772"}],"wp:featuredmedia":[{"embeddable":true,"href":"https:\/\/www.upo.es\/diario\/wp-json\/wp\/v2\/media\/30887770"}],"wp:attachment":[{"href":"https:\/\/www.upo.es\/diario\/wp-json\/wp\/v2\/media?parent=30887768"}],"wp:term":[{"taxonomy":"category","embeddable":true,"href":"https:\/\/www.upo.es\/diario\/wp-json\/wp\/v2\/categories?post=30887768"},{"taxonomy":"post_tag","embeddable":true,"href":"https:\/\/www.upo.es\/diario\/wp-json\/wp\/v2\/tags?post=30887768"}],"curies":[{"name":"wp","href":"https:\/\/api.w.org\/{rel}","templated":true}]}}