{"id":30887803,"date":"2025-08-26T13:52:36","date_gmt":"2025-08-26T11:52:36","guid":{"rendered":"https:\/\/www.upo.es\/diario\/?p=30887803"},"modified":"2025-09-05T10:13:12","modified_gmt":"2025-09-05T08:13:12","slug":"pablo-luque-estudiante-upo-campeon-europa-universitario-deportes-combate","status":"publish","type":"post","link":"https:\/\/www.upo.es\/diario\/comunidad\/2025\/08\/pablo-luque-estudiante-upo-campeon-europa-universitario-deportes-combate\/","title":{"rendered":"Pablo Luque, estudiante de la UPO, campe\u00f3n de Europa universitario en deportes de combate"},"content":{"rendered":"<figure id=\"attachment_30887806\" aria-describedby=\"caption-attachment-30887806\" style=\"width: 315px\" class=\"wp-caption alignright\"><a href=\"https:\/\/www.upo.es\/diario\/wp-content\/uploads\/2025\/08\/Pablo_Luque.jpeg\"><img loading=\"lazy\" decoding=\"async\" class=\"size-medium wp-image-30887806\" src=\"https:\/\/www.upo.es\/diario\/wp-content\/uploads\/2025\/08\/Pablo_Luque-315x420.jpeg\" alt=\"\" width=\"315\" height=\"420\" srcset=\"https:\/\/www.upo.es\/diario\/wp-content\/uploads\/2025\/08\/Pablo_Luque-315x420.jpeg 315w, https:\/\/www.upo.es\/diario\/wp-content\/uploads\/2025\/08\/Pablo_Luque-394x525.jpeg 394w, https:\/\/www.upo.es\/diario\/wp-content\/uploads\/2025\/08\/Pablo_Luque-768x1024.jpeg 768w, https:\/\/www.upo.es\/diario\/wp-content\/uploads\/2025\/08\/Pablo_Luque-1152x1536.jpeg 1152w, https:\/\/www.upo.es\/diario\/wp-content\/uploads\/2025\/08\/Pablo_Luque.jpeg 1200w\" sizes=\"auto, (max-width: 315px) 100vw, 315px\" \/><\/a><figcaption id=\"caption-attachment-30887806\" class=\"wp-caption-text\">El estudiante de la UPO Pablo Luque.<\/figcaption><\/figure>\n<p>El estudiante del Grado en Nutrici\u00f3n Humana y Diet\u00e9tica de la Universidad Pablo de Olavide, <strong>Pablo Luque<\/strong>, se ha proclamado <strong>campe\u00f3n de Europa universitario<\/strong> en los <strong><em>European Universities Combat Sports Championships<\/em> 2025<\/strong>, celebrados en Varsovia (Polonia) del 22 al 25 de agosto. Luque se alz\u00f3 con la <strong>medalla de oro en la categor\u00eda de -54 kg,<\/strong> convirti\u00e9ndose en el \u00fanico representante espa\u00f1ol en lograr el oro en esta edici\u00f3n del campeonato.<\/p>\n<p>Gracias a su condici\u00f3n de cabeza de serie, el deportista de la UPO accedi\u00f3 directamente a cuartos de final, donde venci\u00f3 de forma contundente al representante de Portugal. En semifinales, protagoniz\u00f3 un espectacular combate a tres asaltos contra Ucrania, que se resolvi\u00f3 a su favor. Finalmente, se impuso en la final al competidor ingl\u00e9s en un combate muy estrat\u00e9gico, dominando con claridad desde el inicio.<\/p>\n<p>El triunfo de Pablo Luque destaca no solo por el nivel de exigencia de la competici\u00f3n, sino tambi\u00e9n por la solidez de su trayectoria durante todo el torneo, consolid\u00e1ndolo como una de las promesas m\u00e1s firmes del deporte universitario espa\u00f1ol.<\/p>\n<figure id=\"attachment_30887807\" aria-describedby=\"caption-attachment-30887807\" style=\"width: 315px\" class=\"wp-caption alignleft\"><a href=\"https:\/\/www.upo.es\/diario\/wp-content\/uploads\/2025\/08\/PabloyAlvaro.jpeg\"><img loading=\"lazy\" decoding=\"async\" class=\"size-medium wp-image-30887807\" src=\"https:\/\/www.upo.es\/diario\/wp-content\/uploads\/2025\/08\/PabloyAlvaro-315x420.jpeg\" alt=\"\" width=\"315\" height=\"420\" srcset=\"https:\/\/www.upo.es\/diario\/wp-content\/uploads\/2025\/08\/PabloyAlvaro-315x420.jpeg 315w, https:\/\/www.upo.es\/diario\/wp-content\/uploads\/2025\/08\/PabloyAlvaro-394x525.jpeg 394w, https:\/\/www.upo.es\/diario\/wp-content\/uploads\/2025\/08\/PabloyAlvaro-768x1024.jpeg 768w, https:\/\/www.upo.es\/diario\/wp-content\/uploads\/2025\/08\/PabloyAlvaro-1152x1536.jpeg 1152w, https:\/\/www.upo.es\/diario\/wp-content\/uploads\/2025\/08\/PabloyAlvaro.jpeg 1200w\" sizes=\"auto, (max-width: 315px) 100vw, 315px\" \/><\/a><figcaption id=\"caption-attachment-30887807\" class=\"wp-caption-text\">Pablo Luque y \u00c1lvaro Hidalgo.<\/figcaption><\/figure>\n<p>Adem\u00e1s, el estudiante de la Facultad de Ciencias del Deporte de la UPO, <strong>\u00c1lvaro Hidalgo<\/strong>, quien actualmente cursa el Grado en Ciencias de la Actividad F\u00edsica y del Deporte, firm\u00f3 una notable actuaci\u00f3n en la categor\u00eda de -63 kg, finalizando en quinta posici\u00f3n. Hidalgo logr\u00f3 vencer al cabeza de serie, el italiano, y cay\u00f3 en el combate por las medallas frente al representante franc\u00e9s, que acabar\u00eda llev\u00e1ndose el oro. A pesar de ir por delante durante gran parte del enfrentamiento, una gesti\u00f3n complicada en los minutos finales, sumada al desgaste f\u00edsico de su combate anterior, donde recibi\u00f3 dos duras entradas, le impidieron subir al podio.<\/p>\n<p>Ambos resultados reflejan el alto nivel competitivo del deporte universitario en la UPO y el compromiso de sus estudiantes con la excelencia tanto acad\u00e9mica como deportiva.<\/p>\n","protected":false},"excerpt":{"rendered":"<p>El estudiante del Grado en Nutrici\u00f3n Humana y Diet\u00e9tica de la Universidad Pablo de Olavide, Pablo Luque, se ha proclamado campe\u00f3n de Europa universitario en los European Universities Combat Sports Championships 2025, celebrados en Varsovia (Polonia) del 22 al 25 de agosto. Luque se alz\u00f3 con la medalla de oro en la categor\u00eda de -54 kg, convirti\u00e9ndose en el \u00fanico representante espa\u00f1ol en lograr el oro en esta edici\u00f3n del campeonato.<\/p>\n","protected":false},"author":2,"featured_media":30887806,"comment_status":"closed","ping_status":"open","sticky":false,"template":"","format":"standard","meta":{"_monsterinsights_skip_tracking":false,"_monsterinsights_sitenote_active":false,"_monsterinsights_sitenote_note":"","_monsterinsights_sitenote_category":0,"footnotes":""},"categories":[5842],"tags":[9280,9279,26,1725,8320],"class_list":["post-30887803","post","type-post","status-publish","format-standard","has-post-thumbnail","hentry","category-comunidad","tag-campeon","tag-european-universities-combat-sports-championships","tag-medalla","tag-oro","tag-taekwondo"],"_links":{"self":[{"href":"https:\/\/www.upo.es\/diario\/wp-json\/wp\/v2\/posts\/30887803","targetHints":{"allow":["GET"]}}],"collection":[{"href":"https:\/\/www.upo.es\/diario\/wp-json\/wp\/v2\/posts"}],"about":[{"href":"https:\/\/www.upo.es\/diario\/wp-json\/wp\/v2\/types\/post"}],"author":[{"embeddable":true,"href":"https:\/\/www.upo.es\/diario\/wp-json\/wp\/v2\/users\/2"}],"replies":[{"embeddable":true,"href":"https:\/\/www.upo.es\/diario\/wp-json\/wp\/v2\/comments?post=30887803"}],"version-history":[{"count":2,"href":"https:\/\/www.upo.es\/diario\/wp-json\/wp\/v2\/posts\/30887803\/revisions"}],"predecessor-version":[{"id":30887808,"href":"https:\/\/www.upo.es\/diario\/wp-json\/wp\/v2\/posts\/30887803\/revisions\/30887808"}],"wp:featuredmedia":[{"embeddable":true,"href":"https:\/\/www.upo.es\/diario\/wp-json\/wp\/v2\/media\/30887806"}],"wp:attachment":[{"href":"https:\/\/www.upo.es\/diario\/wp-json\/wp\/v2\/media?parent=30887803"}],"wp:term":[{"taxonomy":"category","embeddable":true,"href":"https:\/\/www.upo.es\/diario\/wp-json\/wp\/v2\/categories?post=30887803"},{"taxonomy":"post_tag","embeddable":true,"href":"https:\/\/www.upo.es\/diario\/wp-json\/wp\/v2\/tags?post=30887803"}],"curies":[{"name":"wp","href":"https:\/\/api.w.org\/{rel}","templated":true}]}}