{"id":30887931,"date":"2025-09-15T15:31:48","date_gmt":"2025-09-15T13:31:48","guid":{"rendered":"https:\/\/www.upo.es\/diario\/?p=30887931"},"modified":"2025-09-26T14:23:22","modified_gmt":"2025-09-26T12:23:22","slug":"mas-600-estudiantes-movilidad-inician-experiencia-academica-universidad-pablo-de-olavide","status":"publish","type":"post","link":"https:\/\/www.upo.es\/diario\/institucional\/2025\/09\/mas-600-estudiantes-movilidad-inician-experiencia-academica-universidad-pablo-de-olavide\/","title":{"rendered":"M\u00e1s de 600 estudiantes de movilidad inician su experiencia acad\u00e9mica en la Universidad Pablo de Olavide"},"content":{"rendered":"<figure id=\"attachment_30887933\" aria-describedby=\"caption-attachment-30887933\" style=\"width: 750px\" class=\"wp-caption aligncenter\"><a href=\"https:\/\/www.upo.es\/diario\/wp-content\/uploads\/2025\/09\/Bienvenida-Incoming-UPO2.jpg\"><img loading=\"lazy\" decoding=\"async\" class=\"size-large wp-image-30887933\" src=\"https:\/\/www.upo.es\/diario\/wp-content\/uploads\/2025\/09\/Bienvenida-Incoming-UPO2-750x500.jpg\" alt=\"\" width=\"750\" height=\"500\" srcset=\"https:\/\/www.upo.es\/diario\/wp-content\/uploads\/2025\/09\/Bienvenida-Incoming-UPO2-750x500.jpg 750w, https:\/\/www.upo.es\/diario\/wp-content\/uploads\/2025\/09\/Bienvenida-Incoming-UPO2-420x280.jpg 420w, https:\/\/www.upo.es\/diario\/wp-content\/uploads\/2025\/09\/Bienvenida-Incoming-UPO2-768x512.jpg 768w, https:\/\/www.upo.es\/diario\/wp-content\/uploads\/2025\/09\/Bienvenida-Incoming-UPO2-1536x1024.jpg 1536w, https:\/\/www.upo.es\/diario\/wp-content\/uploads\/2025\/09\/Bienvenida-Incoming-UPO2-2048x1366.jpg 2048w, https:\/\/www.upo.es\/diario\/wp-content\/uploads\/2025\/09\/Bienvenida-Incoming-UPO2-165x109.jpg 165w, https:\/\/www.upo.es\/diario\/wp-content\/uploads\/2025\/09\/Bienvenida-Incoming-UPO2-1320x880.jpg 1320w\" sizes=\"auto, (max-width: 750px) 100vw, 750px\" \/><\/a><figcaption id=\"caption-attachment-30887933\" class=\"wp-caption-text\">Jornadas de Bienvenida de Estudiantes de Entrada (Incoming) de la UPO<\/figcaption><\/figure>\n<p>La Universidad Pablo de Olavide celebra los d\u00edas 15 y 16 de septiembre las <strong>Jornadas de Bienvenida de Estudiantes de Entrada (<em>Incoming)<\/em><\/strong><em>, <\/em>un encuentro dise\u00f1ado para acompa\u00f1ar al estudiantado de los <strong>Programas Erasmus y SICUE<\/strong> por los distintos servicios e instalaciones del Campus de la UPO.<\/p>\n<p>La vicerrectora de Internacionalizaci\u00f3n, Mari\u00e1n Mor\u00f3n Mart\u00edn, junto a Laura Robles Perea del \u00c1rea de Relaciones Internacionales y Cooperaci\u00f3n de la UPO, y Carmen Fern\u00e1ndez-Montes Ferrete de la Asociaci\u00f3n Estudiantil ESN UPO, dan la bienvenida hoy y ma\u00f1ana martes a los m\u00e1s de 600 estudiantes que se incorporan a las aulas de la Olavide para cursar el primer semestre o curso completo.<\/p>\n<figure id=\"attachment_30887932\" aria-describedby=\"caption-attachment-30887932\" style=\"width: 420px\" class=\"wp-caption alignright\"><a href=\"https:\/\/www.upo.es\/diario\/wp-content\/uploads\/2025\/09\/Bienvenida-Incoming-UPO1.jpg\"><img loading=\"lazy\" decoding=\"async\" class=\"size-medium wp-image-30887932\" src=\"https:\/\/www.upo.es\/diario\/wp-content\/uploads\/2025\/09\/Bienvenida-Incoming-UPO1-420x280.jpg\" alt=\"\" width=\"420\" height=\"280\" srcset=\"https:\/\/www.upo.es\/diario\/wp-content\/uploads\/2025\/09\/Bienvenida-Incoming-UPO1-420x280.jpg 420w, https:\/\/www.upo.es\/diario\/wp-content\/uploads\/2025\/09\/Bienvenida-Incoming-UPO1-750x500.jpg 750w, https:\/\/www.upo.es\/diario\/wp-content\/uploads\/2025\/09\/Bienvenida-Incoming-UPO1-768x512.jpg 768w, https:\/\/www.upo.es\/diario\/wp-content\/uploads\/2025\/09\/Bienvenida-Incoming-UPO1-1536x1024.jpg 1536w, https:\/\/www.upo.es\/diario\/wp-content\/uploads\/2025\/09\/Bienvenida-Incoming-UPO1-2048x1366.jpg 2048w, https:\/\/www.upo.es\/diario\/wp-content\/uploads\/2025\/09\/Bienvenida-Incoming-UPO1-165x109.jpg 165w, https:\/\/www.upo.es\/diario\/wp-content\/uploads\/2025\/09\/Bienvenida-Incoming-UPO1-1320x880.jpg 1320w\" sizes=\"auto, (max-width: 420px) 100vw, 420px\" \/><\/a><figcaption id=\"caption-attachment-30887932\" class=\"wp-caption-text\">La vicerrectora de Internacionalizaci\u00f3n Mari\u00e1n Mor\u00f3n (centro) ha dado la bienvenida al estudiantado<\/figcaption><\/figure>\n<p>\u201cComo cada a\u00f1o, es un honor dar la bienvenida a los estudiantes internacionales que han elegido a la UPO para su estancia acad\u00e9mica de movilidad. Con este colectivo, nuestro campus proyecta su potencial internacional, puesto que permiten que los valores de la internacionalizaci\u00f3n calen en la comunidad UPO, diversificando nuestro campus, con distintas lenguas y culturas, y con distintas formas de ver y hacer <em>Universidad\u201d <\/em>ha resaltado la vicerrectora de Internacionalizaci\u00f3n Mari\u00e1n Mor\u00f3n durante la recepci\u00f3n de hoy.<\/p>\n<p>M\u00e1s de 600 estudiantes de los Programas Erasmus y SICUE de 33 pa\u00edses cursar\u00e1n estudios durante el primer semestre o el curso anual en la Universidad Pablo de Olavide. Los alumnos y alumnas proceden de Alemania, Austria, B\u00e9lgica, Brasil, Bulgaria, Chipre, Colombia, Croacia, Ecuador, Eslovaquia, Eslovenia, Espa\u00f1a, Finlandia, Francia, Grecia, Hungr\u00eda, Irlanda, Italia, Lituania, Luxemburgo, M\u00e9xico, Pa\u00edses Bajos, Per\u00fa, Polonia, Portugal, Reino Unido, Rep\u00fablica Checa, Ruman\u00eda, Rusia, Senegal, Serbia, Turqu\u00eda y Uruguay.<\/p>\n<p>&nbsp;<\/p>\n","protected":false},"excerpt":{"rendered":"<p>La Universidad Pablo de Olavide celebra los d\u00edas 15 y 16 de septiembre las Jornadas de Bienvenida de Estudiantes de Entrada (Incoming), un encuentro dise\u00f1ado para acompa\u00f1ar al estudiantado de los Programas Erasmus y SICUE por los distintos servicios e instalaciones del Campus de la UPO.<\/p>\n","protected":false},"author":4,"featured_media":30887933,"comment_status":"closed","ping_status":"open","sticky":false,"template":"","format":"standard","meta":{"_monsterinsights_skip_tracking":false,"_monsterinsights_sitenote_active":false,"_monsterinsights_sitenote_note":"","_monsterinsights_sitenote_category":0,"footnotes":""},"categories":[6],"tags":[846,9281,2580,7200,3620],"class_list":["post-30887931","post","type-post","status-publish","format-standard","has-post-thumbnail","hentry","category-institucional","tag-erasmus","tag-incoming","tag-jornadas-de-bienvenida","tag-sicue","tag-vicerrectorado-de-internacionalizacion"],"_links":{"self":[{"href":"https:\/\/www.upo.es\/diario\/wp-json\/wp\/v2\/posts\/30887931","targetHints":{"allow":["GET"]}}],"collection":[{"href":"https:\/\/www.upo.es\/diario\/wp-json\/wp\/v2\/posts"}],"about":[{"href":"https:\/\/www.upo.es\/diario\/wp-json\/wp\/v2\/types\/post"}],"author":[{"embeddable":true,"href":"https:\/\/www.upo.es\/diario\/wp-json\/wp\/v2\/users\/4"}],"replies":[{"embeddable":true,"href":"https:\/\/www.upo.es\/diario\/wp-json\/wp\/v2\/comments?post=30887931"}],"version-history":[{"count":1,"href":"https:\/\/www.upo.es\/diario\/wp-json\/wp\/v2\/posts\/30887931\/revisions"}],"predecessor-version":[{"id":30887934,"href":"https:\/\/www.upo.es\/diario\/wp-json\/wp\/v2\/posts\/30887931\/revisions\/30887934"}],"wp:featuredmedia":[{"embeddable":true,"href":"https:\/\/www.upo.es\/diario\/wp-json\/wp\/v2\/media\/30887933"}],"wp:attachment":[{"href":"https:\/\/www.upo.es\/diario\/wp-json\/wp\/v2\/media?parent=30887931"}],"wp:term":[{"taxonomy":"category","embeddable":true,"href":"https:\/\/www.upo.es\/diario\/wp-json\/wp\/v2\/categories?post=30887931"},{"taxonomy":"post_tag","embeddable":true,"href":"https:\/\/www.upo.es\/diario\/wp-json\/wp\/v2\/tags?post=30887931"}],"curies":[{"name":"wp","href":"https:\/\/api.w.org\/{rel}","templated":true}]}}