{"id":30887935,"date":"2025-09-16T19:07:25","date_gmt":"2025-09-16T17:07:25","guid":{"rendered":"https:\/\/www.upo.es\/diario\/?p=30887935"},"modified":"2025-09-17T09:16:38","modified_gmt":"2025-09-17T07:16:38","slug":"las-universidades-saludan-el-acuerdo-sobre-financiacion-alcanzado-con-la-junta","status":"publish","type":"post","link":"https:\/\/www.upo.es\/diario\/institucional\/2025\/09\/las-universidades-saludan-el-acuerdo-sobre-financiacion-alcanzado-con-la-junta\/","title":{"rendered":"Las universidades saludan el acuerdo sobre financiaci\u00f3n alcanzado con la Junta"},"content":{"rendered":"<figure id=\"attachment_30887936\" aria-describedby=\"caption-attachment-30887936\" style=\"width: 750px\" class=\"wp-caption aligncenter\"><a href=\"https:\/\/www.upo.es\/diario\/wp-content\/uploads\/2025\/09\/0P2A4279.jpg\"><img loading=\"lazy\" decoding=\"async\" class=\"wp-image-30887936 size-large\" src=\"https:\/\/www.upo.es\/diario\/wp-content\/uploads\/2025\/09\/0P2A4279-750x500.jpg\" alt=\"Los rectores andaluces con el presidente de la Junta en la Apertura del Curso Universitario de Andaluc\u00eda\" width=\"750\" height=\"500\" srcset=\"https:\/\/www.upo.es\/diario\/wp-content\/uploads\/2025\/09\/0P2A4279-750x500.jpg 750w, https:\/\/www.upo.es\/diario\/wp-content\/uploads\/2025\/09\/0P2A4279-420x280.jpg 420w, https:\/\/www.upo.es\/diario\/wp-content\/uploads\/2025\/09\/0P2A4279-768x512.jpg 768w, https:\/\/www.upo.es\/diario\/wp-content\/uploads\/2025\/09\/0P2A4279-1536x1025.jpg 1536w, https:\/\/www.upo.es\/diario\/wp-content\/uploads\/2025\/09\/0P2A4279-165x109.jpg 165w, https:\/\/www.upo.es\/diario\/wp-content\/uploads\/2025\/09\/0P2A4279-1320x880.jpg 1320w, https:\/\/www.upo.es\/diario\/wp-content\/uploads\/2025\/09\/0P2A4279.jpg 2000w\" sizes=\"auto, (max-width: 750px) 100vw, 750px\" \/><\/a><figcaption id=\"caption-attachment-30887936\" class=\"wp-caption-text\">Los rectores andaluces con el presidente de la Junta en la Apertura del Curso Universitario de Andaluc\u00eda<\/figcaption><\/figure>\n<p>El anuncio del acuerdo entre las universidades y el Gobierno andaluz ha tenido lugar hoy, durante el solemne acto de apertura del curso 2025\/2026 de las universidades andaluzas, celebrado en la Universidad Pablo de Olavide, copresidido por el rector, y a su vez portavoz de las universidades p\u00fablicas de Andaluc\u00eda, Paco Oliva, y el presidente de la Junta de Andaluc\u00eda, Juanma Moreno.<\/p>\n<p>Los discursos de ambos dirigentes han girado en torno a los m\u00faltiples cambios que depara el nuevo curso, con la esperada aprobaci\u00f3n de la Ley de Universidades para Andaluc\u00eda (LUPA), la puesta en marcha de multitud de nuevos t\u00edtulos y el cumplimiento de los acuerdos de Ja\u00e9n, entre otros.<\/p>\n<p>El momento m\u00e1s esperado de la ma\u00f1ana ha llegado con el anuncio del presidente, por el cual se incrementar\u00e1 el presupuesto universitario durante el ejercicio 2025 en 16 millones, consolidables para los futuros ejercicios, que hacen justicia a las demandas de cumplimiento \u00edntegro del modelo de financiaci\u00f3n que ven\u00edan reivindicando los rectores desde el curso pasado.<\/p>\n<p>Con este anuncio se cierra un intenso cap\u00edtulo de negociaciones y debates sobre la financiaci\u00f3n del sistema universitario p\u00fablico andaluz. En este sentido, Moreno ha querido agradecer p\u00fablicamente la lealtad institucional, el di\u00e1logo constructivo y la voluntad de acuerdo de las universidades. Por \u00faltimo, Oliva ha explicitado el compromiso de las diez p\u00fablicas para seguir contribuyendo de forma decisiva al desarrollo econ\u00f3mico y social de Andaluc\u00eda.<\/p>\n<p>El portavoz del sistema p\u00fablico ha concluido su discurso afirmando que \u201ctenemos en nuestras manos la oportunidad y la responsabilidad de escribir el ma\u00f1ana de quienes nos suceder\u00e1n dentro de cincuenta a\u00f1os. Hagamos que se sientan orgullosos de lo que hicimos.\u201d<\/p>\n<p>La habitual lecci\u00f3n inaugural del curso acad\u00e9mico ha corrido a cargo en este caso del catedr\u00e1tico de Econom\u00eda Aplicada, Jos\u00e9 Mar\u00eda O\u2019kean, bajo el t\u00edtulo \u201cSociedad Digital: Nuevos Consumidores, Nuevas Empresas\u201d.<\/p>\n<p>Fuente: Universidades P\u00fablicas de Andaluc\u00eda<\/p>\n","protected":false},"excerpt":{"rendered":"<p>Las diez universidades p\u00fablicas de Andaluc\u00eda han valorado de forma positiva el anuncio del incremento de 16 millones consolidables para el ejercicio 2025.<\/p>\n","protected":false},"author":6,"featured_media":30887936,"comment_status":"closed","ping_status":"open","sticky":false,"template":"","format":"standard","meta":{"_monsterinsights_skip_tracking":false,"_monsterinsights_sitenote_active":false,"_monsterinsights_sitenote_note":"","_monsterinsights_sitenote_category":0,"footnotes":""},"categories":[6],"tags":[190,2842,9137,2134,874,4021,203,5346,8621,9052],"class_list":["post-30887935","post","type-post","status-publish","format-standard","has-post-thumbnail","hentry","category-institucional","tag-andalucia","tag-aupa","tag-curso-2025-2026","tag-digitalizacion","tag-financiacion","tag-francisco-oliva-blazquez","tag-junta-de-andalucia","tag-ley-de-universidades","tag-portada","tag-universidades-publicas-de-andalucia"],"_links":{"self":[{"href":"https:\/\/www.upo.es\/diario\/wp-json\/wp\/v2\/posts\/30887935","targetHints":{"allow":["GET"]}}],"collection":[{"href":"https:\/\/www.upo.es\/diario\/wp-json\/wp\/v2\/posts"}],"about":[{"href":"https:\/\/www.upo.es\/diario\/wp-json\/wp\/v2\/types\/post"}],"author":[{"embeddable":true,"href":"https:\/\/www.upo.es\/diario\/wp-json\/wp\/v2\/users\/6"}],"replies":[{"embeddable":true,"href":"https:\/\/www.upo.es\/diario\/wp-json\/wp\/v2\/comments?post=30887935"}],"version-history":[{"count":1,"href":"https:\/\/www.upo.es\/diario\/wp-json\/wp\/v2\/posts\/30887935\/revisions"}],"predecessor-version":[{"id":30887937,"href":"https:\/\/www.upo.es\/diario\/wp-json\/wp\/v2\/posts\/30887935\/revisions\/30887937"}],"wp:featuredmedia":[{"embeddable":true,"href":"https:\/\/www.upo.es\/diario\/wp-json\/wp\/v2\/media\/30887936"}],"wp:attachment":[{"href":"https:\/\/www.upo.es\/diario\/wp-json\/wp\/v2\/media?parent=30887935"}],"wp:term":[{"taxonomy":"category","embeddable":true,"href":"https:\/\/www.upo.es\/diario\/wp-json\/wp\/v2\/categories?post=30887935"},{"taxonomy":"post_tag","embeddable":true,"href":"https:\/\/www.upo.es\/diario\/wp-json\/wp\/v2\/tags?post=30887935"}],"curies":[{"name":"wp","href":"https:\/\/api.w.org\/{rel}","templated":true}]}}