{"id":30887954,"date":"2025-09-17T13:40:59","date_gmt":"2025-09-17T11:40:59","guid":{"rendered":"https:\/\/www.upo.es\/diario\/?p=30887954"},"modified":"2025-09-17T13:40:59","modified_gmt":"2025-09-17T11:40:59","slug":"el-laboratorio-ecosocial-do-barbanza-reconocido-como-proyecto-emblematico-por-el-ministerio-de-transicion-ecologica","status":"publish","type":"post","link":"https:\/\/www.upo.es\/diario\/ciencia\/2025\/09\/el-laboratorio-ecosocial-do-barbanza-reconocido-como-proyecto-emblematico-por-el-ministerio-de-transicion-ecologica\/","title":{"rendered":"El Laboratorio Ecosocial do Barbanza, reconocido como &#8216;proyecto emblem\u00e1tico&#8217; por el Ministerio de Transici\u00f3n Ecol\u00f3gica"},"content":{"rendered":"<figure id=\"attachment_30887973\" aria-describedby=\"caption-attachment-30887973\" style=\"width: 750px\" class=\"wp-caption aligncenter\"><a href=\"https:\/\/www.upo.es\/diario\/wp-content\/uploads\/2025\/09\/Laboratorio-Barbanza-scaled.jpg\"><img loading=\"lazy\" decoding=\"async\" class=\"size-large wp-image-30887973\" src=\"https:\/\/www.upo.es\/diario\/wp-content\/uploads\/2025\/09\/Laboratorio-Barbanza-750x500.jpg\" alt=\"Claudia de Sas de la Fundaci\u00f3n RIA con el reconocimiento entregado por Sara Aegesen\" width=\"750\" height=\"500\" srcset=\"https:\/\/www.upo.es\/diario\/wp-content\/uploads\/2025\/09\/Laboratorio-Barbanza-750x500.jpg 750w, https:\/\/www.upo.es\/diario\/wp-content\/uploads\/2025\/09\/Laboratorio-Barbanza-420x280.jpg 420w, https:\/\/www.upo.es\/diario\/wp-content\/uploads\/2025\/09\/Laboratorio-Barbanza-768x512.jpg 768w, https:\/\/www.upo.es\/diario\/wp-content\/uploads\/2025\/09\/Laboratorio-Barbanza-1536x1025.jpg 1536w, https:\/\/www.upo.es\/diario\/wp-content\/uploads\/2025\/09\/Laboratorio-Barbanza-2048x1366.jpg 2048w, https:\/\/www.upo.es\/diario\/wp-content\/uploads\/2025\/09\/Laboratorio-Barbanza-165x109.jpg 165w, https:\/\/www.upo.es\/diario\/wp-content\/uploads\/2025\/09\/Laboratorio-Barbanza-1320x880.jpg 1320w\" sizes=\"auto, (max-width: 750px) 100vw, 750px\" \/><\/a><figcaption id=\"caption-attachment-30887973\" class=\"wp-caption-text\">A la izquierda, Claudia de Sas de la Fundaci\u00f3n RIA con el reconocimiento entregado por Sara Aagesen<\/figcaption><\/figure>\n<p>La pen\u00ednsula del Barbanza, al suroeste de la provincia de La Coru\u00f1a, es una regi\u00f3n que sufre incendios forestales con frecuencia, con una poblaci\u00f3n muy dispersa y gran variedad de usos del territorio en su actividad econ\u00f3mica. El proyecto Laboratorio Ecosocial do Barbanza trata de combinar ciencia y conocimiento del territorio para mejorar la sostenibilidad ambiental y la econom\u00eda de la zona.<\/p>\n<p><strong>El Ministerio para la Transici\u00f3n Ecol\u00f3gica y el Reto Demogr\u00e1fico (MITECO) ha reconocido al Laboratorio, coordinado por la Fundaci\u00f3n RIA, como proyecto emblem\u00e1tico del Plan de Recuperaci\u00f3n, Transformaci\u00f3n y Resiliencia<\/strong>, financiado con fondos Next Generation EU. El Ministerio lo ha distinguido <strong>por su car\u00e1cter transformador y por su enfoque pionero de gesti\u00f3n comunitaria y cient\u00edfica<\/strong>, orientado a impulsar una gesti\u00f3n sostenible del territorio y a aumentar la resiliencia de los montes. La ministra Sara Aagesen hizo entrega del reconocimiento el pasado jueves en un acto celebrado en Madrid.<\/p>\n<p>El Laboratorio trabaja con el objetivo de lograr una triple transformaci\u00f3n. Por una parte, trata de reducir los riesgos de incendio, restaurando la biodiversidad y la salud del ecosistema forestal. En segundo lugar, el proyecto pretende fortalecer la econom\u00eda local a trav\u00e9s de la creaci\u00f3n de empleo y la generaci\u00f3n de valor a partir de productos maderables y no maderables. Finalmente, busca fortalecer la resiliencia de la comunidad y los ecosistemas de cara al futuro. Al combinar ciencia, compromiso comunitario y una visi\u00f3n de gesti\u00f3n sostenible del territorio, el proyecto puede ser un modelo para regiones que enfrentan retos similares.<\/p>\n<p><a href=\"https:\/\/barbanzaecosocial.org\/\">Laboratorio Ecosocial do Barbanza &#8211; Un laboratorio vivo para la gesti\u00f3n multifuncional y custodia colectiva del territorio<\/a>, es un proyecto impulsado por la Fundaci\u00f3n RIA en el que participan las universidades de <strong>Santiago de Compostela y Pablo de Olavide, el Ayuntamiento de Rianxo, la Plataforma Pola Defensa do Monte y la Fundaci\u00f3n Montescola<\/strong>. <strong>Manuel Gonz\u00e1lez de Molina<\/strong> es el investigador responsable del proyecto en la Olavide.<\/p>\n","protected":false},"excerpt":{"rendered":"<p>La Universidad Pablo de Olavide participa en esta iniciativa que trata de cambiar el paradigma de la gesti\u00f3n forestal en la pen\u00ednsula del Barbanza (La Coru\u00f1a).<\/p>\n","protected":false},"author":6,"featured_media":30887973,"comment_status":"closed","ping_status":"open","sticky":false,"template":"","format":"standard","meta":{"_monsterinsights_skip_tracking":false,"_monsterinsights_sitenote_active":false,"_monsterinsights_sitenote_note":"","_monsterinsights_sitenote_category":0,"footnotes":""},"categories":[3],"tags":[2079,6394,4609,6388,2335,832,7582],"class_list":["post-30887954","post","type-post","status-publish","format-standard","has-post-thumbnail","hentry","category-ciencia","tag-agroecologia","tag-economia-circular","tag-gobierno-de-espana","tag-manuel-gonzalez-de-molina","tag-recursos-agroecologicos","tag-sostenibilidad","tag-transicion-ecologica"],"_links":{"self":[{"href":"https:\/\/www.upo.es\/diario\/wp-json\/wp\/v2\/posts\/30887954","targetHints":{"allow":["GET"]}}],"collection":[{"href":"https:\/\/www.upo.es\/diario\/wp-json\/wp\/v2\/posts"}],"about":[{"href":"https:\/\/www.upo.es\/diario\/wp-json\/wp\/v2\/types\/post"}],"author":[{"embeddable":true,"href":"https:\/\/www.upo.es\/diario\/wp-json\/wp\/v2\/users\/6"}],"replies":[{"embeddable":true,"href":"https:\/\/www.upo.es\/diario\/wp-json\/wp\/v2\/comments?post=30887954"}],"version-history":[{"count":3,"href":"https:\/\/www.upo.es\/diario\/wp-json\/wp\/v2\/posts\/30887954\/revisions"}],"predecessor-version":[{"id":30887974,"href":"https:\/\/www.upo.es\/diario\/wp-json\/wp\/v2\/posts\/30887954\/revisions\/30887974"}],"wp:featuredmedia":[{"embeddable":true,"href":"https:\/\/www.upo.es\/diario\/wp-json\/wp\/v2\/media\/30887973"}],"wp:attachment":[{"href":"https:\/\/www.upo.es\/diario\/wp-json\/wp\/v2\/media?parent=30887954"}],"wp:term":[{"taxonomy":"category","embeddable":true,"href":"https:\/\/www.upo.es\/diario\/wp-json\/wp\/v2\/categories?post=30887954"},{"taxonomy":"post_tag","embeddable":true,"href":"https:\/\/www.upo.es\/diario\/wp-json\/wp\/v2\/tags?post=30887954"}],"curies":[{"name":"wp","href":"https:\/\/api.w.org\/{rel}","templated":true}]}}