{"id":30887990,"date":"2025-09-18T12:46:44","date_gmt":"2025-09-18T10:46:44","guid":{"rendered":"https:\/\/www.upo.es\/diario\/?p=30887990"},"modified":"2025-09-18T13:22:50","modified_gmt":"2025-09-18T11:22:50","slug":"eloy-revilla-alerta-contra-las-generalizaciones-faciles-y-los-mensajes-simples-que-desprestigian-la-ciencia","status":"publish","type":"post","link":"https:\/\/www.upo.es\/diario\/docencia-formacion\/2025\/09\/eloy-revilla-alerta-contra-las-generalizaciones-faciles-y-los-mensajes-simples-que-desprestigian-la-ciencia\/","title":{"rendered":"Eloy Revilla alerta contra las generalizaciones f\u00e1ciles y los mensajes simples que desprestigian la ciencia"},"content":{"rendered":"<figure id=\"attachment_30887993\" aria-describedby=\"caption-attachment-30887993\" style=\"width: 750px\" class=\"wp-caption aligncenter\"><a href=\"https:\/\/www.upo.es\/diario\/wp-content\/uploads\/2025\/09\/Eloy-Revilla_CONSERBIO_20250918-scaled.jpg\"><img loading=\"lazy\" decoding=\"async\" class=\"size-large wp-image-30887993\" src=\"https:\/\/www.upo.es\/diario\/wp-content\/uploads\/2025\/09\/Eloy-Revilla_CONSERBIO_20250918-750x500.jpg\" alt=\"Eloy Revilla en su conferencia inaugural del Congreso CONSERBIO\" width=\"750\" height=\"500\" srcset=\"https:\/\/www.upo.es\/diario\/wp-content\/uploads\/2025\/09\/Eloy-Revilla_CONSERBIO_20250918-750x500.jpg 750w, https:\/\/www.upo.es\/diario\/wp-content\/uploads\/2025\/09\/Eloy-Revilla_CONSERBIO_20250918-420x280.jpg 420w, https:\/\/www.upo.es\/diario\/wp-content\/uploads\/2025\/09\/Eloy-Revilla_CONSERBIO_20250918-768x512.jpg 768w, https:\/\/www.upo.es\/diario\/wp-content\/uploads\/2025\/09\/Eloy-Revilla_CONSERBIO_20250918-1536x1024.jpg 1536w, https:\/\/www.upo.es\/diario\/wp-content\/uploads\/2025\/09\/Eloy-Revilla_CONSERBIO_20250918-2048x1365.jpg 2048w, https:\/\/www.upo.es\/diario\/wp-content\/uploads\/2025\/09\/Eloy-Revilla_CONSERBIO_20250918-165x109.jpg 165w, https:\/\/www.upo.es\/diario\/wp-content\/uploads\/2025\/09\/Eloy-Revilla_CONSERBIO_20250918-1320x880.jpg 1320w\" sizes=\"auto, (max-width: 750px) 100vw, 750px\" \/><\/a><figcaption id=\"caption-attachment-30887993\" class=\"wp-caption-text\">Eloy Revilla en su conferencia inaugural del Congreso CONSERBIO<\/figcaption><\/figure>\n<p>El director de la Estaci\u00f3n Biol\u00f3gica de Do\u00f1ana (CSIC), <strong>Eloy Revilla<\/strong>, ha inaugurado esta ma\u00f1ana en la Universidad Pablo de Olavide la VII edici\u00f3n del <a href=\"https:\/\/www.congresoconserbio.com\/\">Congreso Internacional de Biodiversidad y Conservaci\u00f3n de la Naturaleza, CONSERBIO<\/a>, que se celebra en el campus hasta este viernes. <strong>El cient\u00edfico del CSIC ha advertido en su conferencia de apertura contra la trampa que supone, en la divulgaci\u00f3n cient\u00edfica, caer en generalizaciones f\u00e1ciles, e incluso falsas, y en mensajes simples.<\/strong> Esto hace que la ciencia pierda credibilidad y existe \u00abel riesgo de que los resultados cient\u00edficos se vuelvan irrelevantes\u00bb.<\/p>\n<p>Frente a esta narrativa simple que se impone para explicar problemas y realidades complejas \u2014que la sociedad y\u00a0 comunicadores reclaman, reforzada por la polarizaci\u00f3n\u2014 Revilla reclama una ciencia honesta, que eval\u00fae sin miedo y con esp\u00edritu cr\u00edtico la efectividad de su puesta en pr\u00e1ctica. \u00abLa hiperespecializaci\u00f3n produce predicciones <em>disconexas<\/em> pero generalizadas\u00bb, ha advertido, a la vez que pon\u00eda ejemplos sobre los riesgos tanto de la simplificaci\u00f3n como del tecno-optimismo ante los retos medioambientales. \u00abSolo con ciencia de calidad podremos avanzar\u00bb, ha afirmado.<\/p>\n<p><a href=\"https:\/\/www.congresoconserbio.com\/\"><img loading=\"lazy\" decoding=\"async\" class=\"alignright size-medium wp-image-30887994\" src=\"https:\/\/www.upo.es\/diario\/wp-content\/uploads\/2025\/09\/cropped-Sep-Small-Congreso-logo-420x281.png\" alt=\"\" width=\"420\" height=\"281\" srcset=\"https:\/\/www.upo.es\/diario\/wp-content\/uploads\/2025\/09\/cropped-Sep-Small-Congreso-logo-420x281.png 420w, https:\/\/www.upo.es\/diario\/wp-content\/uploads\/2025\/09\/cropped-Sep-Small-Congreso-logo-750x501.png 750w, https:\/\/www.upo.es\/diario\/wp-content\/uploads\/2025\/09\/cropped-Sep-Small-Congreso-logo-768x513.png 768w, https:\/\/www.upo.es\/diario\/wp-content\/uploads\/2025\/09\/cropped-Sep-Small-Congreso-logo-165x109.png 165w, https:\/\/www.upo.es\/diario\/wp-content\/uploads\/2025\/09\/cropped-Sep-Small-Congreso-logo.png 1198w\" sizes=\"auto, (max-width: 420px) 100vw, 420px\" \/><\/a>El Congreso Internacional de Biodiversidad y Conservaci\u00f3n de la Naturaleza trata de divulgar y transferir el conocimiento cient\u00edfico sobre la protecci\u00f3n de las especies y los ecosistemas, para ello promueve la integraci\u00f3n de tem\u00e1ticas de investigaci\u00f3n y de manejo de la conservaci\u00f3n.<\/p>\n<p><strong>M\u00e1s de 250 cient\u00edficos y cient\u00edficas de 15 nacionalidades se re\u00fanen en la UPO en este evento bienal<\/strong>, organizado en su VII edici\u00f3n por la Universidad Pablo de Olavide, a trav\u00e9s del Proyecto CEI CamBio, el Consejo Superior de Investigaciones Cient\u00edficas (CSIC) y la Asociaci\u00f3n Conserbio, y que cuenta con la financiaci\u00f3n del Plan Complementario de Biodiversidad Andaluz, gracias a fondos de la Uni\u00f3n Europea, Next Generation EU, del Plan de Recuperaci\u00f3n, Transformaci\u00f3n y Resiliencia, Ministerio de Ciencia, Innovaci\u00f3n y Universidades, y de la Junta de Andaluc\u00eda.<\/p>\n<p>M\u00e1s informaci\u00f3n en <a href=\"https:\/\/www.congresoconserbio.com\/\">www.congresoconserbio.com<\/a><\/p>\n","protected":false},"excerpt":{"rendered":"<p>El director de la Estaci\u00f3n Biol\u00f3gica de Do\u00f1ana (CSIC), Eloy Revilla, ha inaugurado esta ma\u00f1ana en la Universidad Pablo de Olavide la VII edici\u00f3n del Congreso Internacional de Biodiversidad y Conservaci\u00f3n de la Naturaleza, CONSERBIO, que se celebra en el campus hasta ma\u00f1ana viernes.<\/p>\n","protected":false},"author":6,"featured_media":30887993,"comment_status":"closed","ping_status":"open","sticky":false,"template":"","format":"standard","meta":{"_monsterinsights_skip_tracking":false,"_monsterinsights_sitenote_active":false,"_monsterinsights_sitenote_note":"","_monsterinsights_sitenote_category":0,"footnotes":""},"categories":[2779],"tags":[814,246,3180,354,45,4160,429,5113],"class_list":["post-30887990","post","type-post","status-publish","format-standard","has-post-thumbnail","hentry","category-docencia-formacion","tag-biodiversidad","tag-biologia","tag-biologia-de-la-conservacion","tag-congreso","tag-csic","tag-estacion-biologica-de-donana","tag-medio-ambiente","tag-proyecto-cei-cambio"],"_links":{"self":[{"href":"https:\/\/www.upo.es\/diario\/wp-json\/wp\/v2\/posts\/30887990","targetHints":{"allow":["GET"]}}],"collection":[{"href":"https:\/\/www.upo.es\/diario\/wp-json\/wp\/v2\/posts"}],"about":[{"href":"https:\/\/www.upo.es\/diario\/wp-json\/wp\/v2\/types\/post"}],"author":[{"embeddable":true,"href":"https:\/\/www.upo.es\/diario\/wp-json\/wp\/v2\/users\/6"}],"replies":[{"embeddable":true,"href":"https:\/\/www.upo.es\/diario\/wp-json\/wp\/v2\/comments?post=30887990"}],"version-history":[{"count":9,"href":"https:\/\/www.upo.es\/diario\/wp-json\/wp\/v2\/posts\/30887990\/revisions"}],"predecessor-version":[{"id":30888003,"href":"https:\/\/www.upo.es\/diario\/wp-json\/wp\/v2\/posts\/30887990\/revisions\/30888003"}],"wp:featuredmedia":[{"embeddable":true,"href":"https:\/\/www.upo.es\/diario\/wp-json\/wp\/v2\/media\/30887993"}],"wp:attachment":[{"href":"https:\/\/www.upo.es\/diario\/wp-json\/wp\/v2\/media?parent=30887990"}],"wp:term":[{"taxonomy":"category","embeddable":true,"href":"https:\/\/www.upo.es\/diario\/wp-json\/wp\/v2\/categories?post=30887990"},{"taxonomy":"post_tag","embeddable":true,"href":"https:\/\/www.upo.es\/diario\/wp-json\/wp\/v2\/tags?post=30887990"}],"curies":[{"name":"wp","href":"https:\/\/api.w.org\/{rel}","templated":true}]}}