{"id":30888005,"date":"2025-09-22T18:51:58","date_gmt":"2025-09-22T16:51:58","guid":{"rendered":"https:\/\/www.upo.es\/diario\/?p=30888005"},"modified":"2025-09-26T14:23:07","modified_gmt":"2025-09-26T12:23:07","slug":"la-sociedad-espanola-de-botanica-celebra-su-segundo-congreso-nacional-en-sevilla","status":"publish","type":"post","link":"https:\/\/www.upo.es\/diario\/docencia-formacion\/2025\/09\/la-sociedad-espanola-de-botanica-celebra-su-segundo-congreso-nacional-en-sevilla\/","title":{"rendered":"La Sociedad Espa\u00f1ola de Bot\u00e1nica celebra su segundo congreso nacional en Sevilla"},"content":{"rendered":"<figure id=\"attachment_30888028\" aria-describedby=\"caption-attachment-30888028\" style=\"width: 750px\" class=\"wp-caption aligncenter\"><a href=\"https:\/\/www.upo.es\/diario\/wp-content\/uploads\/2025\/09\/22092025-Cong-Botanica-SEBOT-2025-9700-scaled.jpg\"><img loading=\"lazy\" decoding=\"async\" class=\"size-large wp-image-30888028\" src=\"https:\/\/www.upo.es\/diario\/wp-content\/uploads\/2025\/09\/22092025-Cong-Botanica-SEBOT-2025-9700-750x500.jpg\" alt=\"Santiago Mart\u00edn Bravo en la apertura de SEBOT 2025\" width=\"750\" height=\"500\" srcset=\"https:\/\/www.upo.es\/diario\/wp-content\/uploads\/2025\/09\/22092025-Cong-Botanica-SEBOT-2025-9700-750x500.jpg 750w, https:\/\/www.upo.es\/diario\/wp-content\/uploads\/2025\/09\/22092025-Cong-Botanica-SEBOT-2025-9700-420x280.jpg 420w, https:\/\/www.upo.es\/diario\/wp-content\/uploads\/2025\/09\/22092025-Cong-Botanica-SEBOT-2025-9700-768x512.jpg 768w, https:\/\/www.upo.es\/diario\/wp-content\/uploads\/2025\/09\/22092025-Cong-Botanica-SEBOT-2025-9700-1536x1024.jpg 1536w, https:\/\/www.upo.es\/diario\/wp-content\/uploads\/2025\/09\/22092025-Cong-Botanica-SEBOT-2025-9700-2048x1365.jpg 2048w, https:\/\/www.upo.es\/diario\/wp-content\/uploads\/2025\/09\/22092025-Cong-Botanica-SEBOT-2025-9700-165x109.jpg 165w, https:\/\/www.upo.es\/diario\/wp-content\/uploads\/2025\/09\/22092025-Cong-Botanica-SEBOT-2025-9700-1320x880.jpg 1320w\" sizes=\"auto, (max-width: 750px) 100vw, 750px\" \/><\/a><figcaption id=\"caption-attachment-30888028\" class=\"wp-caption-text\">Santiago Mart\u00edn Bravo en la apertura de SEBOT 2025<\/figcaption><\/figure>\n<p>La diversidad vegetal y el futuro de su conservaci\u00f3n ser\u00e1n protagonistas en Sevilla del 22 al 25 de septiembre de 2025, con motivo del <a href=\"https:\/\/congresosebot2025.com\/\">II Congreso Espa\u00f1ol de Bot\u00e1nica (SEBOT 2025)<\/a> que ha comenzado en la Universidad Pablo de Olavide este lunes. El encuentro, convocado por la <strong>Sociedad Espa\u00f1ola de Bot\u00e1nica<\/strong> (SEBOT), re\u00fane a investigadores, profesionales y aficionados de todo el pa\u00eds, y ha sido coorganizado por las <strong>universidades de Sevilla y Pablo de Olavide junto a la Estaci\u00f3n Biol\u00f3gica de Do\u00f1ana<\/strong> (CSIC).<\/p>\n<p>El congreso ofrece un espacio para presentar avances cient\u00edficos, compartir experiencias en gesti\u00f3n y conservaci\u00f3n de recursos vegetales y generar nuevas sinergias entre bot\u00e1nicos de m\u00faltiples disciplinas. Pero tambi\u00e9n busca ir m\u00e1s all\u00e1 de la academia, acercando el valor de las plantas a la sociedad en su conjunto.<\/p>\n<figure id=\"attachment_30888029\" aria-describedby=\"caption-attachment-30888029\" style=\"width: 420px\" class=\"wp-caption alignright\"><a href=\"https:\/\/www.upo.es\/diario\/wp-content\/uploads\/2025\/09\/22092025-Cong-Botanica-SEBOT-2025-9743-scaled.jpg\"><img loading=\"lazy\" decoding=\"async\" class=\"size-medium wp-image-30888029\" src=\"https:\/\/www.upo.es\/diario\/wp-content\/uploads\/2025\/09\/22092025-Cong-Botanica-SEBOT-2025-9743-420x280.jpg\" alt=\"Paneles divulgativos de bot\u00e1nica situados en las zonas verdes del campus\" width=\"420\" height=\"280\" srcset=\"https:\/\/www.upo.es\/diario\/wp-content\/uploads\/2025\/09\/22092025-Cong-Botanica-SEBOT-2025-9743-420x280.jpg 420w, https:\/\/www.upo.es\/diario\/wp-content\/uploads\/2025\/09\/22092025-Cong-Botanica-SEBOT-2025-9743-750x500.jpg 750w, https:\/\/www.upo.es\/diario\/wp-content\/uploads\/2025\/09\/22092025-Cong-Botanica-SEBOT-2025-9743-768x512.jpg 768w, https:\/\/www.upo.es\/diario\/wp-content\/uploads\/2025\/09\/22092025-Cong-Botanica-SEBOT-2025-9743-1536x1024.jpg 1536w, https:\/\/www.upo.es\/diario\/wp-content\/uploads\/2025\/09\/22092025-Cong-Botanica-SEBOT-2025-9743-2048x1365.jpg 2048w, https:\/\/www.upo.es\/diario\/wp-content\/uploads\/2025\/09\/22092025-Cong-Botanica-SEBOT-2025-9743-165x109.jpg 165w, https:\/\/www.upo.es\/diario\/wp-content\/uploads\/2025\/09\/22092025-Cong-Botanica-SEBOT-2025-9743-1320x880.jpg 1320w\" sizes=\"auto, (max-width: 420px) 100vw, 420px\" \/><\/a><figcaption id=\"caption-attachment-30888029\" class=\"wp-caption-text\">Paneles divulgativos de bot\u00e1nica situados en las zonas verdes del campus<\/figcaption><\/figure>\n<p>En la apertura del Congreso, celebrada en el Paraninfo, <strong>Santiago Mart\u00edn Bravo<\/strong>, profesor de Bot\u00e1nica de la Universidad y miembro del comit\u00e9 organizador, destac\u00f3 que el campus de la Olavide \u00abconstituye un laboratorio privilegiado para las pr\u00e1cticas y, desde luego, para la ense\u00f1anza de la Bot\u00e1nica\u00bb. As\u00ed, hizo referencia a los paneles\u00a0 divulgativos que se han instalado en varias zonas verdes de la Universidad con informaci\u00f3n sobre las especies que alberga el campus, como siete de orqu\u00eddeas silvestres.<\/p>\n<p><strong> Juan Ram\u00f3n P\u00e9rez Valenzuela<\/strong>, director general de Pol\u00edtica Forestal y Biodiversidad de la Junta de Andaluc\u00eda, destac\u00f3 la biodiversidad de la comunidad y afirm\u00f3 que \u00abpreservar el patrimonio vegetal de Andaluc\u00eda no es solo una cuesti\u00f3n de conservaci\u00f3n medioambiental, debe ser un compromiso social, econ\u00f3mico y cultural con nuestra identidad y calidad de vida\u00bb.<\/p>\n<p><strong>Antonia Jim\u00e9nez Rodr\u00edguez<\/strong>, vicerrectora de Investigaci\u00f3n, Transferencia y Doctorado de la UPO, resalt\u00f3 el compromiso de la Universidad con la conservaci\u00f3n del patrimonio natural as\u00ed como \u00abel rigor cient\u00edfico y la capacidad inspiradora para las nuevas generaciones\u00bb del \u00e1rea de Bot\u00e1nica de la Pablo de Olavide.<\/p>\n<h3><strong>Una apuesta contra la \u2018ceguera vegetal\u2019<\/strong><\/h3>\n<p><a href=\"https:\/\/www.upo.es\/diario\/wp-content\/uploads\/2025\/09\/Exp-El-Herbario_SEBOT-2025.jpeg\"><img loading=\"lazy\" decoding=\"async\" class=\"alignright size-medium wp-image-30888008\" src=\"https:\/\/www.upo.es\/diario\/wp-content\/uploads\/2025\/09\/Exp-El-Herbario_SEBOT-2025-280x420.jpeg\" alt=\"'El Herbario: herramienta cient\u00edfica y expresi\u00f3n art\u00edstica\u2019 puede verse desde este viernes en la Casa de las Sirenas\" width=\"280\" height=\"420\" srcset=\"https:\/\/www.upo.es\/diario\/wp-content\/uploads\/2025\/09\/Exp-El-Herbario_SEBOT-2025-280x420.jpeg 280w, https:\/\/www.upo.es\/diario\/wp-content\/uploads\/2025\/09\/Exp-El-Herbario_SEBOT-2025-350x525.jpeg 350w, https:\/\/www.upo.es\/diario\/wp-content\/uploads\/2025\/09\/Exp-El-Herbario_SEBOT-2025-768x1152.jpeg 768w, https:\/\/www.upo.es\/diario\/wp-content\/uploads\/2025\/09\/Exp-El-Herbario_SEBOT-2025-1024x1536.jpeg 1024w, https:\/\/www.upo.es\/diario\/wp-content\/uploads\/2025\/09\/Exp-El-Herbario_SEBOT-2025-1320x1980.jpeg 1320w, https:\/\/www.upo.es\/diario\/wp-content\/uploads\/2025\/09\/Exp-El-Herbario_SEBOT-2025.jpeg 1365w\" sizes=\"auto, (max-width: 280px) 100vw, 280px\" \/><\/a>Entre los objetivos de SEBOT 2025 est\u00e1 combatir la llamada ceguera vegetal, ese fen\u00f3meno por el que tendemos a fijarnos m\u00e1s en los animales que en las plantas, pese a que estas son esenciales para el equilibrio de los ecosistemas y el bienestar humano. Para ello, el congreso integrar\u00e1 una vertiente divulgativa con dos exposiciones abiertas al p\u00fablico, que podr\u00e1n visitarse del 19 de septiembre al 3 de octubre en el Palacio de los Marqueses de la Algaba y la Casa de las Sirenas.<\/p>\n<p><strong>\u2018El Herbario: herramienta cient\u00edfica y expresi\u00f3n art\u00edstica\u2019<\/strong> puede verse desde este viernes en la <strong>Casa de las Sirenas<\/strong>. Esta exposici\u00f3n se centra en los herbarios, la forma b\u00e1sica de recolecci\u00f3n y almacenamiento de plantas para su estudio bot\u00e1nico, destacando la importancia de los herbarios de la ciudad de Sevilla. En esta t\u00e9cnica, la muestra vegetal se dispone en un pliego de papel sometido a presi\u00f3n hasta que se seca completamente y as\u00ed puede ser conservada indefinidamente. Nacida en el Renacimiento, esta t\u00e9cnica tan sencilla, lejos de estar en desuso, sigue siendo b\u00e1sica para multitud de trabajos en bot\u00e1nica.<\/p>\n<p><a href=\"https:\/\/www.upo.es\/diario\/wp-content\/uploads\/2025\/09\/Exp-Semillas-Amenazadas_SEBOT-2025.jpeg\"><img loading=\"lazy\" decoding=\"async\" class=\"alignright size-medium wp-image-30888009\" src=\"https:\/\/www.upo.es\/diario\/wp-content\/uploads\/2025\/09\/Exp-Semillas-Amenazadas_SEBOT-2025-337x420.jpeg\" alt=\"En el Palacio de los Marqueses de la Algaba puede visitarse \u2018Semillas amenazadas: un viaje a trav\u00e9s del microscopio\u2019\" width=\"337\" height=\"420\" srcset=\"https:\/\/www.upo.es\/diario\/wp-content\/uploads\/2025\/09\/Exp-Semillas-Amenazadas_SEBOT-2025-337x420.jpeg 337w, https:\/\/www.upo.es\/diario\/wp-content\/uploads\/2025\/09\/Exp-Semillas-Amenazadas_SEBOT-2025-421x525.jpeg 421w, https:\/\/www.upo.es\/diario\/wp-content\/uploads\/2025\/09\/Exp-Semillas-Amenazadas_SEBOT-2025-768x958.jpeg 768w, https:\/\/www.upo.es\/diario\/wp-content\/uploads\/2025\/09\/Exp-Semillas-Amenazadas_SEBOT-2025-1232x1536.jpeg 1232w, https:\/\/www.upo.es\/diario\/wp-content\/uploads\/2025\/09\/Exp-Semillas-Amenazadas_SEBOT-2025-1320x1646.jpeg 1320w, https:\/\/www.upo.es\/diario\/wp-content\/uploads\/2025\/09\/Exp-Semillas-Amenazadas_SEBOT-2025.jpeg 1642w\" sizes=\"auto, (max-width: 337px) 100vw, 337px\" \/><\/a>En el <strong>Palacio de los Marqueses de la Algaba<\/strong> puede visitarse <strong>\u2018Semillas amenazadas: un viaje a trav\u00e9s del microscopio\u2019<\/strong>, concebida por Silvia Villegas y Yolanda Ru\u00edz Le\u00f3n, del Real Jard\u00edn Bot\u00e1nico de Madrid (CSIC). Esta muestra trata de ilustrar la importancia de los bancos de germoplasma en la conservaci\u00f3n de plantas, guiando al visitante a trav\u00e9s de la riqueza de estructuras que esconden los frutos y semillas a peque\u00f1a escala. Esta diversidad en el peque\u00f1o detalle, que suele pasar desapercibida a la mayor parte de las personas, ser\u00e1 acercada tanto al p\u00fablico general como a personas con discapacidad visual.<\/p>\n<h3><strong>Sevilla, ciudad con ra\u00edces bot\u00e1nicas<\/strong><\/h3>\n<p>Sevilla cuenta con una larga tradici\u00f3n bot\u00e1nica que se remonta a San Isidoro, que recoger\u00eda cerca de 300 plantas y sus usos medicinales en su obra \u2018Etimolog\u00edas\u2019, y a figuras como Nicol\u00e1s Monardes, pionero en el estudio de las plantas americanas. A lo largo de los siglos, la ciudad ha albergado jardines hist\u00f3ricos, proyectos cient\u00edficos y equipos universitarios que han contribuido a obras clave como <em>Flora Vascular de Andaluc\u00eda Occidental<\/em> y <em>Flora Ib\u00e9rica<\/em>. Hoy, su paisaje urbano \u2014de los Reales Alc\u00e1zares al Parque del Alamillo\u2014 sigue testimoniando el estrecho v\u00ednculo entre Sevilla y el mundo vegetal, adem\u00e1s de albergar un importante n\u00famero de \u00e1rboles singulares que se encuentran en estos parques, as\u00ed como en calles y plazas de la ciudad.<\/p>\n<p>M\u00e1s informaci\u00f3n y programa en <a href=\"https:\/\/congresosebot2025.com\/\">congresosebot2025.com<\/a><\/p>\n<p><a href=\"https:\/\/www.upo.es\/diario\/wp-content\/uploads\/2025\/09\/22092025-Cong-Botanica-SEBOT-2025-9671-scaled.jpg\"><img loading=\"lazy\" decoding=\"async\" class=\"aligncenter wp-image-30888031 size-large\" src=\"https:\/\/www.upo.es\/diario\/wp-content\/uploads\/2025\/09\/22092025-Cong-Botanica-SEBOT-2025-9671-750x500.jpg\" alt=\"SEBOT 2025 en el Paraninfo de la UPO\" width=\"750\" height=\"500\" srcset=\"https:\/\/www.upo.es\/diario\/wp-content\/uploads\/2025\/09\/22092025-Cong-Botanica-SEBOT-2025-9671-750x500.jpg 750w, https:\/\/www.upo.es\/diario\/wp-content\/uploads\/2025\/09\/22092025-Cong-Botanica-SEBOT-2025-9671-420x280.jpg 420w, https:\/\/www.upo.es\/diario\/wp-content\/uploads\/2025\/09\/22092025-Cong-Botanica-SEBOT-2025-9671-768x512.jpg 768w, https:\/\/www.upo.es\/diario\/wp-content\/uploads\/2025\/09\/22092025-Cong-Botanica-SEBOT-2025-9671-1536x1024.jpg 1536w, https:\/\/www.upo.es\/diario\/wp-content\/uploads\/2025\/09\/22092025-Cong-Botanica-SEBOT-2025-9671-2048x1365.jpg 2048w, https:\/\/www.upo.es\/diario\/wp-content\/uploads\/2025\/09\/22092025-Cong-Botanica-SEBOT-2025-9671-165x109.jpg 165w, https:\/\/www.upo.es\/diario\/wp-content\/uploads\/2025\/09\/22092025-Cong-Botanica-SEBOT-2025-9671-1320x880.jpg 1320w\" sizes=\"auto, (max-width: 750px) 100vw, 750px\" \/><\/a><\/p>\n","protected":false},"excerpt":{"rendered":"<p>La diversidad vegetal y el futuro de su conservaci\u00f3n ser\u00e1n protagonistas en Sevilla del 22 al 25 de septiembre de 2025, con motivo del II Congreso Espa\u00f1ol de Bot\u00e1nica (SEBOT 2025) que ha comenzado en la Universidad Pablo de Olavide este lunes. El encuentro, convocado por la Sociedad Espa\u00f1ola de Bot\u00e1nica (SEBOT), re\u00fane a investigadores, profesionales y aficionados de todo el pa\u00eds, y ha sido coorganizado por las universidades de Sevilla y Pablo de Olavide junto a la Estaci\u00f3n Biol\u00f3gica de Do\u00f1ana (CSIC).<\/p>\n","protected":false},"author":6,"featured_media":30888030,"comment_status":"closed","ping_status":"open","sticky":false,"template":"","format":"standard","meta":{"_monsterinsights_skip_tracking":false,"_monsterinsights_sitenote_active":false,"_monsterinsights_sitenote_note":"","_monsterinsights_sitenote_category":0,"footnotes":""},"categories":[2779],"tags":[246,3180,902,354,4160,74,161,1163],"class_list":["post-30888005","post","type-post","status-publish","format-standard","has-post-thumbnail","hentry","category-docencia-formacion","tag-biologia","tag-biologia-de-la-conservacion","tag-botanica","tag-congreso","tag-estacion-biologica-de-donana","tag-exposiciones","tag-sevilla","tag-universidad-de-sevilla"],"_links":{"self":[{"href":"https:\/\/www.upo.es\/diario\/wp-json\/wp\/v2\/posts\/30888005","targetHints":{"allow":["GET"]}}],"collection":[{"href":"https:\/\/www.upo.es\/diario\/wp-json\/wp\/v2\/posts"}],"about":[{"href":"https:\/\/www.upo.es\/diario\/wp-json\/wp\/v2\/types\/post"}],"author":[{"embeddable":true,"href":"https:\/\/www.upo.es\/diario\/wp-json\/wp\/v2\/users\/6"}],"replies":[{"embeddable":true,"href":"https:\/\/www.upo.es\/diario\/wp-json\/wp\/v2\/comments?post=30888005"}],"version-history":[{"count":6,"href":"https:\/\/www.upo.es\/diario\/wp-json\/wp\/v2\/posts\/30888005\/revisions"}],"predecessor-version":[{"id":30888032,"href":"https:\/\/www.upo.es\/diario\/wp-json\/wp\/v2\/posts\/30888005\/revisions\/30888032"}],"wp:featuredmedia":[{"embeddable":true,"href":"https:\/\/www.upo.es\/diario\/wp-json\/wp\/v2\/media\/30888030"}],"wp:attachment":[{"href":"https:\/\/www.upo.es\/diario\/wp-json\/wp\/v2\/media?parent=30888005"}],"wp:term":[{"taxonomy":"category","embeddable":true,"href":"https:\/\/www.upo.es\/diario\/wp-json\/wp\/v2\/categories?post=30888005"},{"taxonomy":"post_tag","embeddable":true,"href":"https:\/\/www.upo.es\/diario\/wp-json\/wp\/v2\/tags?post=30888005"}],"curies":[{"name":"wp","href":"https:\/\/api.w.org\/{rel}","templated":true}]}}