{"id":30888037,"date":"2025-09-23T15:09:43","date_gmt":"2025-09-23T13:09:43","guid":{"rendered":"https:\/\/www.upo.es\/diario\/?p=30888037"},"modified":"2025-09-26T14:23:04","modified_gmt":"2025-09-26T12:23:04","slug":"premios-roma-2025","status":"publish","type":"post","link":"https:\/\/www.upo.es\/diario\/institucional\/2025\/09\/premios-roma-2025\/","title":{"rendered":"Liderazgo, Innovaci\u00f3n y Talento: Los Premios ROMA 2025 deslumbran en una gala inolvidable en la Fundaci\u00f3n Cajasol"},"content":{"rendered":"<figure id=\"attachment_30888038\" aria-describedby=\"caption-attachment-30888038\" style=\"width: 750px\" class=\"wp-caption aligncenter\"><a href=\"https:\/\/www.upo.es\/diario\/wp-content\/uploads\/2025\/09\/Fotos-premiadas-2.jpeg\"><img loading=\"lazy\" decoding=\"async\" class=\"size-large wp-image-30888038\" src=\"https:\/\/www.upo.es\/diario\/wp-content\/uploads\/2025\/09\/Fotos-premiadas-2-750x500.jpeg\" alt=\"\" width=\"750\" height=\"500\" srcset=\"https:\/\/www.upo.es\/diario\/wp-content\/uploads\/2025\/09\/Fotos-premiadas-2-750x500.jpeg 750w, https:\/\/www.upo.es\/diario\/wp-content\/uploads\/2025\/09\/Fotos-premiadas-2-420x280.jpeg 420w, https:\/\/www.upo.es\/diario\/wp-content\/uploads\/2025\/09\/Fotos-premiadas-2-768x512.jpeg 768w, https:\/\/www.upo.es\/diario\/wp-content\/uploads\/2025\/09\/Fotos-premiadas-2-1536x1023.jpeg 1536w, https:\/\/www.upo.es\/diario\/wp-content\/uploads\/2025\/09\/Fotos-premiadas-2-165x109.jpeg 165w, https:\/\/www.upo.es\/diario\/wp-content\/uploads\/2025\/09\/Fotos-premiadas-2-1320x879.jpeg 1320w, https:\/\/www.upo.es\/diario\/wp-content\/uploads\/2025\/09\/Fotos-premiadas-2.jpeg 1600w\" sizes=\"auto, (max-width: 750px) 100vw, 750px\" \/><\/a><figcaption id=\"caption-attachment-30888038\" class=\"wp-caption-text\">Premios Roma 2025<\/figcaption><\/figure>\n<p>Emoci\u00f3n, m\u00fasica, agradecimiento y alegr\u00eda. Son los ejes sobre los que gir\u00f3 este lunes, 22 de septiembre, el acto de entrega de la <strong>s\u00e9ptima edici\u00f3n de los Premios Universidad, Mujer y Empresa: Roma 2025<\/strong> que, organizados por el Consejo Social de la Universidad Pablo de Olavide en colaboraci\u00f3n con la Diputaci\u00f3n de Sevilla y la Fundaci\u00f3n Cajasol, consolidan ya su trayectoria de reconocimiento de valores como el talento, el esp\u00edritu de innovaci\u00f3n, la capacidad de emprendimiento y enormes dosis de liderazgo e inspiraci\u00f3n.<\/p>\n<p>La gala, a la que asistieron m\u00e1s de 200 personas, estuvo presidida por las consejeras de la Junta de Andaluc\u00eda de Empleo, Empresa y Trabajo Aut\u00f3nomo, Roc\u00edo Blanco; y de Cultura y Deporte, Patricia del Pozo; junto a Javier Fern\u00e1ndez, presidente de la Diputaci\u00f3n de Sevilla; e Iv\u00e1n Pesta\u00f1a, presidente en funciones del Consejo Social de la Universidad Pablo de Olavide; Gloria Ruiz, subdirectora de actividades de la Fundaci\u00f3n Cajasol y Francisco Oliva, rector de la Universidad Pablo de Olavide.<\/p>\n<p>Las galardonadas que protagonizaron el acto fueron Myriam Seco \u00c1lvarez, egipt\u00f3loga, investigadora y profesora de la Universidad de Sevilla; Estefan\u00eda Ferrer Puertas, ingeniera qu\u00edmica, fundadora y directora de LICO Cosmetics; Anabel Fern\u00e1ndez Farnelino, fundadora y directora de la consultora de recursos humanos especializada en salud mental Affor Health; Gracia Catalina Pi\u00f1ero, ingeniera de telecomunicaciones y directora de la incubadora de empresas de tecnolog\u00eda aeroespacial ESA BIC Andaluc\u00eda; y el Club Nataci\u00f3n Sincro Sevilla.<\/p>\n<p>El jurado estuvo compuesto por Iv\u00e1n Pesta\u00f1a, presidente en funciones del Consejo Social de la Universidad Pablo de Olavide; Jos\u00e9 Mar\u00eda Cantarero, secretario del Consejo Social; Alberto Garc\u00eda, consejero del Consejo Social; M\u00f3nica Dom\u00ednguez, delegada del rector para la Igualdad de G\u00e9nero de la Universidad Pablo de Olavide; Marta Alonso, diputada del \u00c1rea de Concertaci\u00f3n de la Diputaci\u00f3n de Sevilla; Amador S\u00e1nchez, gerente de Prodetur; Gloria Ru\u00edz, subdirectora del departamento de Actividades de la Fundaci\u00f3n Cajasol; Rosario Salas Rodr\u00edguez, gestora del mismo departamento en la citada entidad; Rosa Siles, experta en innovaci\u00f3n y emprendimiento social, y Mar\u00eda Asunci\u00f3n Mart\u00ednez, endocrin\u00f3loga y galardonada en la edici\u00f3n anterior de los premios.<\/p>\n<p>La ganadora en la categor\u00eda de <strong>Alta Direcci\u00f3n Empresarial<\/strong>, Estefan\u00eda Ferrer Puertas, ingeniera qu\u00edmica por la Universidad de Sevilla con m\u00e1s de 15 a\u00f1os de experiencia en distintas multinacionales, fund\u00f3 en 2020 LICO Cosmetics, una empresa de cosm\u00e9tica nativa digital que combina rigor cient\u00edfico con ingredientes naturales.<\/p>\n<p>Myriam Seco \u00c1lvarez, reconocida en la categor\u00eda de <strong>Arte y Cultura<\/strong>, es licenciada en Historia Antigua y doctora por la Universidad de Sevilla. Seco es una reconocida egipt\u00f3loga, directora desde 2008 del proyecto de investigaci\u00f3n Templo de Millones de A\u00f1os de Tutmosis III en Luxor (Egipto), en el que coordina sobre el terreno a un equipo de m\u00e1s de 30 especialistas.<\/p>\n<p>En la categor\u00eda de <strong>Deporte<\/strong>, el premio fue para el Club Nataci\u00f3n Sincro Sevilla, fundado en 1998 y del que han surgido grandes talentos de este deporte como, entre otras, las medallistas ol\u00edmpicas y mundiales Marina Gonz\u00e1lez y Alisa Ozhogina. Su fundadora y presidenta, Mar\u00eda del Mar Mart\u00ednez G\u00f3mez, recogi\u00f3 el galard\u00f3n acompa\u00f1ada por dos de las nadadoras del club, Daniela Vel\u00e1zquez y Carmen Beato.<\/p>\n<p>Anabel Fern\u00e1ndez Fornelino fue la ganadora en la categor\u00eda de <strong>Emprendimiento<\/strong> por su proyecto Affor Health, consultora de recursos humanos especializada en salud mental y riesgos psicosociales en las organizaciones de la que es fundadora y directora ejecutiva.<\/p>\n<p>Por \u00faltimo, en la categor\u00eda STEM, relacionada con <strong>ciencia y tecnolog\u00eda<\/strong>, el jurado reconoci\u00f3 a Gracia Catalina Pi\u00f1ero, ingeniera de Telecomunicaciones por la Universidad de Sevilla y primera directora del ESA Business Incubation\u202fCentre (BIC) Andaluc\u00eda, la primera incubadora de la Agencia Espacial Europea en la comunidad aut\u00f3noma.<\/p>\n<p>Fuente: Consejo Social de la Universidad Pablo de Olavide.<\/p>\n","protected":false},"excerpt":{"rendered":"<p>La s\u00e9ptima edici\u00f3n de los Premios Universidad, Mujer y Empresa: Roma 2025 que, organizados por el Consejo Social de la Universidad Pablo de Olavide en colaboraci\u00f3n con la Diputaci\u00f3n de Sevilla y la Fundaci\u00f3n Cajasol, consolidan ya su trayectoria de reconocimiento de valores como el talento, el esp\u00edritu de innovaci\u00f3n, la capacidad de emprendimiento y enormes dosis de liderazgo e inspiraci\u00f3n.<\/p>\n","protected":false},"author":4,"featured_media":30888038,"comment_status":"closed","ping_status":"open","sticky":false,"template":"","format":"standard","meta":{"_monsterinsights_skip_tracking":false,"_monsterinsights_sitenote_active":false,"_monsterinsights_sitenote_note":"","_monsterinsights_sitenote_category":0,"footnotes":""},"categories":[6],"tags":[128,265,112,231,3690,3101,6429,689,1059,2078,2349,132,5883,430,6363,1279],"class_list":["post-30888037","post","type-post","status-publish","format-standard","has-post-thumbnail","hentry","category-institucional","tag-arqueologia","tag-arte","tag-consejo-social","tag-deportes-2","tag-diputacion-de-sevilla","tag-direccion-de-empresas","tag-disciplinas-stem","tag-emprendimiento","tag-empresas","tag-fundacion-cajasol","tag-genero-e-igualdad","tag-humanidades","tag-igualdad-de-genero","tag-natacion","tag-premios-roma","tag-recursos-humanos"],"_links":{"self":[{"href":"https:\/\/www.upo.es\/diario\/wp-json\/wp\/v2\/posts\/30888037","targetHints":{"allow":["GET"]}}],"collection":[{"href":"https:\/\/www.upo.es\/diario\/wp-json\/wp\/v2\/posts"}],"about":[{"href":"https:\/\/www.upo.es\/diario\/wp-json\/wp\/v2\/types\/post"}],"author":[{"embeddable":true,"href":"https:\/\/www.upo.es\/diario\/wp-json\/wp\/v2\/users\/4"}],"replies":[{"embeddable":true,"href":"https:\/\/www.upo.es\/diario\/wp-json\/wp\/v2\/comments?post=30888037"}],"version-history":[{"count":1,"href":"https:\/\/www.upo.es\/diario\/wp-json\/wp\/v2\/posts\/30888037\/revisions"}],"predecessor-version":[{"id":30888039,"href":"https:\/\/www.upo.es\/diario\/wp-json\/wp\/v2\/posts\/30888037\/revisions\/30888039"}],"wp:featuredmedia":[{"embeddable":true,"href":"https:\/\/www.upo.es\/diario\/wp-json\/wp\/v2\/media\/30888038"}],"wp:attachment":[{"href":"https:\/\/www.upo.es\/diario\/wp-json\/wp\/v2\/media?parent=30888037"}],"wp:term":[{"taxonomy":"category","embeddable":true,"href":"https:\/\/www.upo.es\/diario\/wp-json\/wp\/v2\/categories?post=30888037"},{"taxonomy":"post_tag","embeddable":true,"href":"https:\/\/www.upo.es\/diario\/wp-json\/wp\/v2\/tags?post=30888037"}],"curies":[{"name":"wp","href":"https:\/\/api.w.org\/{rel}","templated":true}]}}