{"id":30888040,"date":"2025-09-23T15:35:51","date_gmt":"2025-09-23T13:35:51","guid":{"rendered":"https:\/\/www.upo.es\/diario\/?p=30888040"},"modified":"2025-09-26T14:22:58","modified_gmt":"2025-09-26T12:22:58","slug":"el-rector-inaugura-el-herbario-upos-un-espacio-de-investigacion-y-conservacion-de-la-biodiversidad-vegetal","status":"publish","type":"post","link":"https:\/\/www.upo.es\/diario\/institucional\/2025\/09\/el-rector-inaugura-el-herbario-upos-un-espacio-de-investigacion-y-conservacion-de-la-biodiversidad-vegetal\/","title":{"rendered":"El rector inaugura el Herbario UPOS, un espacio de investigaci\u00f3n y conservaci\u00f3n de la biodiversidad vegetal"},"content":{"rendered":"<figure id=\"attachment_30888041\" aria-describedby=\"caption-attachment-30888041\" style=\"width: 750px\" class=\"wp-caption aligncenter\"><a href=\"https:\/\/www.upo.es\/diario\/wp-content\/uploads\/2025\/09\/HerbarioUPO3.jpg\"><img loading=\"lazy\" decoding=\"async\" class=\"size-large wp-image-30888041\" src=\"https:\/\/www.upo.es\/diario\/wp-content\/uploads\/2025\/09\/HerbarioUPO3-750x500.jpg\" alt=\"\" width=\"750\" height=\"500\" srcset=\"https:\/\/www.upo.es\/diario\/wp-content\/uploads\/2025\/09\/HerbarioUPO3-750x500.jpg 750w, https:\/\/www.upo.es\/diario\/wp-content\/uploads\/2025\/09\/HerbarioUPO3-420x280.jpg 420w, https:\/\/www.upo.es\/diario\/wp-content\/uploads\/2025\/09\/HerbarioUPO3-768x512.jpg 768w, https:\/\/www.upo.es\/diario\/wp-content\/uploads\/2025\/09\/HerbarioUPO3-1536x1024.jpg 1536w, https:\/\/www.upo.es\/diario\/wp-content\/uploads\/2025\/09\/HerbarioUPO3-2048x1366.jpg 2048w, https:\/\/www.upo.es\/diario\/wp-content\/uploads\/2025\/09\/HerbarioUPO3-165x109.jpg 165w, https:\/\/www.upo.es\/diario\/wp-content\/uploads\/2025\/09\/HerbarioUPO3-1320x880.jpg 1320w\" sizes=\"auto, (max-width: 750px) 100vw, 750px\" \/><\/a><figcaption id=\"caption-attachment-30888041\" class=\"wp-caption-text\">El rector Francisco Oliva en el Herbario UPOS<\/figcaption><\/figure>\n<p>El rector de la Universidad Pablo de Olavide, Francisco Oliva Bl\u00e1zquez, ha inaugurado el <strong>Herbario UPOS <\/strong>ubicado en la primera planta del Edificio 23 , acompa\u00f1ado por el catedr\u00e1tico de Bot\u00e1nica Modesto Luce\u00f1o Garc\u00e9s, fundador y responsable del mismo. Durante la inauguraci\u00f3n, el rector ha destacado la labor cient\u00edfica y de conservaci\u00f3n de este espacio que alberga espec\u00edmenes de buena parte del mundo, con \u00e9nfasis en la flora mediterr\u00e1nea y europea.<\/p>\n<p>Durante el acto tambi\u00e9n han intervenido la conservadora t\u00e9cnica del Herbario, Consolaci\u00f3n Barciela y el investigador Ram\u00f3n y Cajal y pr\u00f3ximo conservador del Herbario, Pedro Jim\u00e9nez. La inauguraci\u00f3n ha contacto con la asistencia de la vicerrectora de Investigaci\u00f3n, Transformaci\u00f3n y Doctorado de la UPO, Antonia Jim\u00e9nez; la directora de la OTRI, Rosario Jim\u00e9nez; el decano de la Facultad de Ciencias Experimentales, Juan Carlos Rodr\u00edguez, adem\u00e1s de profesores y profesoras del \u00c1rea de Bot\u00e1nica y expertos y expertas en la materia.<\/p>\n<figure id=\"attachment_30888042\" aria-describedby=\"caption-attachment-30888042\" style=\"width: 420px\" class=\"wp-caption alignright\"><a href=\"https:\/\/www.upo.es\/diario\/wp-content\/uploads\/2025\/09\/HerbarioUPO6.jpg\"><img loading=\"lazy\" decoding=\"async\" class=\"size-medium wp-image-30888042\" src=\"https:\/\/www.upo.es\/diario\/wp-content\/uploads\/2025\/09\/HerbarioUPO6-420x280.jpg\" alt=\"\" width=\"420\" height=\"280\" srcset=\"https:\/\/www.upo.es\/diario\/wp-content\/uploads\/2025\/09\/HerbarioUPO6-420x280.jpg 420w, https:\/\/www.upo.es\/diario\/wp-content\/uploads\/2025\/09\/HerbarioUPO6-750x500.jpg 750w, https:\/\/www.upo.es\/diario\/wp-content\/uploads\/2025\/09\/HerbarioUPO6-768x512.jpg 768w, https:\/\/www.upo.es\/diario\/wp-content\/uploads\/2025\/09\/HerbarioUPO6-1536x1024.jpg 1536w, https:\/\/www.upo.es\/diario\/wp-content\/uploads\/2025\/09\/HerbarioUPO6-2048x1366.jpg 2048w, https:\/\/www.upo.es\/diario\/wp-content\/uploads\/2025\/09\/HerbarioUPO6-165x109.jpg 165w, https:\/\/www.upo.es\/diario\/wp-content\/uploads\/2025\/09\/HerbarioUPO6-1320x880.jpg 1320w\" sizes=\"auto, (max-width: 420px) 100vw, 420px\" \/><\/a><figcaption id=\"caption-attachment-30888042\" class=\"wp-caption-text\">El profesor Modesto Luce\u00f1o, conservador del Herbarios UPOS, muestra una de las plantas prensadas y secas.<\/figcaption><\/figure>\n<p>El <strong>Herbario de la UPO<\/strong> est\u00e1 oficialmente reconocido por el <a href=\"https:\/\/sweetgum.nybg.org\/science\/ih\/\"><strong><em>Index Herbariorum<\/em><\/strong><\/a> bajo el acr\u00f3nimo <strong>UPOS<\/strong> y es miembro de la <strong>Asociaci\u00f3n de Herbarios ibero-macaron\u00e9sicos (AHIM)<\/strong>. Su misi\u00f3n es la conservaci\u00f3n, investigaci\u00f3n y divulgaci\u00f3n de la biodiversidad vegetal, con especializaci\u00f3n en las familias de angiospermas ciper\u00e1ceas -principalmente del g\u00e9nero Carex- y resed\u00e1ceas, de la Pen\u00ednsula Ib\u00e9rica, Europa y la cuenca Mediterr\u00e1nea, as\u00ed como de la flora de la Sierra de Gredos. Adem\u00e1s, incluye una representaci\u00f3n de un amplio espectro de angiospermas y bri\u00f3fitos de estas y otras partes del mundo. Actualmente cuenta con unos 25.000 espec\u00edmenes y se encuentra en fase de crecimiento e informatizaci\u00f3n.<\/p>\n<p>Entre sus objetivos se encuentran la conservaci\u00f3n y mantenimiento de los materiales depositados, el incremento de los fondos mediante campa\u00f1as de herborizaci\u00f3n, el intercambio con otros herbarios y su contribuci\u00f3n a la docencia y la investigaci\u00f3n sobre flora y biodiversidad.<\/p>\n","protected":false},"excerpt":{"rendered":"<p>El rector de la Universidad Pablo de Olavide, Francisco Oliva Bl\u00e1zquez, ha inaugurado el Herbario UPOS ubicado en la primera planta del Edificio 23 , acompa\u00f1ado por el catedr\u00e1tico de Bot\u00e1nica Modesto Luce\u00f1o Garc\u00e9s, fundador y responsable del mismo. Durante la inauguraci\u00f3n, el rector ha destacado la labor cient\u00edfica y de conservaci\u00f3n de este espacio que alberga espec\u00edmenes de buena parte del mundo, con \u00e9nfasis en la flora mediterr\u00e1nea y europea.<\/p>\n","protected":false},"author":4,"featured_media":30888042,"comment_status":"closed","ping_status":"open","sticky":false,"template":"","format":"standard","meta":{"_monsterinsights_skip_tracking":false,"_monsterinsights_sitenote_active":false,"_monsterinsights_sitenote_note":"","_monsterinsights_sitenote_category":0,"footnotes":""},"categories":[6],"tags":[9286,902,1195,9285,6303,8879],"class_list":["post-30888040","post","type-post","status-publish","format-standard","has-post-thumbnail","hentry","category-institucional","tag-biodiversidad-vegetal","tag-botanica","tag-flora","tag-herbarios-upos","tag-modesto-luceno","tag-pedro-jimenez"],"_links":{"self":[{"href":"https:\/\/www.upo.es\/diario\/wp-json\/wp\/v2\/posts\/30888040","targetHints":{"allow":["GET"]}}],"collection":[{"href":"https:\/\/www.upo.es\/diario\/wp-json\/wp\/v2\/posts"}],"about":[{"href":"https:\/\/www.upo.es\/diario\/wp-json\/wp\/v2\/types\/post"}],"author":[{"embeddable":true,"href":"https:\/\/www.upo.es\/diario\/wp-json\/wp\/v2\/users\/4"}],"replies":[{"embeddable":true,"href":"https:\/\/www.upo.es\/diario\/wp-json\/wp\/v2\/comments?post=30888040"}],"version-history":[{"count":1,"href":"https:\/\/www.upo.es\/diario\/wp-json\/wp\/v2\/posts\/30888040\/revisions"}],"predecessor-version":[{"id":30888044,"href":"https:\/\/www.upo.es\/diario\/wp-json\/wp\/v2\/posts\/30888040\/revisions\/30888044"}],"wp:featuredmedia":[{"embeddable":true,"href":"https:\/\/www.upo.es\/diario\/wp-json\/wp\/v2\/media\/30888042"}],"wp:attachment":[{"href":"https:\/\/www.upo.es\/diario\/wp-json\/wp\/v2\/media?parent=30888040"}],"wp:term":[{"taxonomy":"category","embeddable":true,"href":"https:\/\/www.upo.es\/diario\/wp-json\/wp\/v2\/categories?post=30888040"},{"taxonomy":"post_tag","embeddable":true,"href":"https:\/\/www.upo.es\/diario\/wp-json\/wp\/v2\/tags?post=30888040"}],"curies":[{"name":"wp","href":"https:\/\/api.w.org\/{rel}","templated":true}]}}