{"id":30888045,"date":"2025-09-24T10:26:14","date_gmt":"2025-09-24T08:26:14","guid":{"rendered":"https:\/\/www.upo.es\/diario\/?p=30888045"},"modified":"2025-09-24T11:10:39","modified_gmt":"2025-09-24T09:10:39","slug":"el-catedratico-de-la-upo-manuel-r-torres-referente-internacional-en-el-estudio-del-yihadismo","status":"publish","type":"post","link":"https:\/\/www.upo.es\/diario\/ciencia\/2025\/09\/el-catedratico-de-la-upo-manuel-r-torres-referente-internacional-en-el-estudio-del-yihadismo\/","title":{"rendered":"El catedr\u00e1tico de la UPO Manuel R. Torres, referente internacional en el estudio del yihadismo"},"content":{"rendered":"<figure id=\"attachment_30888056\" aria-describedby=\"caption-attachment-30888056\" style=\"width: 750px\" class=\"wp-caption aligncenter\"><a href=\"https:\/\/www.upo.es\/diario\/wp-content\/uploads\/2025\/09\/ManuelRTorres.jpg\"><img loading=\"lazy\" decoding=\"async\" class=\"size-large wp-image-30888056\" src=\"https:\/\/www.upo.es\/diario\/wp-content\/uploads\/2025\/09\/ManuelRTorres-750x500.jpg\" alt=\"Manuel R. Torres\" width=\"750\" height=\"500\" srcset=\"https:\/\/www.upo.es\/diario\/wp-content\/uploads\/2025\/09\/ManuelRTorres-750x500.jpg 750w, https:\/\/www.upo.es\/diario\/wp-content\/uploads\/2025\/09\/ManuelRTorres-420x280.jpg 420w, https:\/\/www.upo.es\/diario\/wp-content\/uploads\/2025\/09\/ManuelRTorres-768x512.jpg 768w, https:\/\/www.upo.es\/diario\/wp-content\/uploads\/2025\/09\/ManuelRTorres-165x109.jpg 165w, https:\/\/www.upo.es\/diario\/wp-content\/uploads\/2025\/09\/ManuelRTorres.jpg 1200w\" sizes=\"auto, (max-width: 750px) 100vw, 750px\" \/><\/a><figcaption id=\"caption-attachment-30888056\" class=\"wp-caption-text\">Manuel R. Torres<\/figcaption><\/figure>\n<p>Un reciente estudio acad\u00e9mico publicado en el repositorio <em>Social Science Research Network<\/em> (SSRN) titulado <strong><em>Authorship Patterns in Jihadism Research<\/em><\/strong> (Mark Berlin y Sedef Topal, 2025) sit\u00faa al profesor Manuel R. Torres Soriano, catedr\u00e1tico del \u00c1rea de Ciencia Pol\u00edtica y de la Administraci\u00f3n de la Universidad Pablo de Olavide, como una figura de referencia en la investigaci\u00f3n internacional sobre terrorismo yihadista.<\/p>\n<p><strong>El trabajo analiza m\u00e1s de 1.200 publicaciones aparecidas en 16 revistas acad\u00e9micas entre 2010 y 2023, y ofrece una visi\u00f3n global sobre las tendencias en los estudios de yihadismo<\/strong>: patrones de autor\u00eda, distribuci\u00f3n geogr\u00e1fica de los investigadores, presencia de mujeres en el campo y din\u00e1micas de colaboraci\u00f3n internacional.<\/p>\n<p>En este marco, <strong>el profesor Torres destaca como un investigador clave cuyas aportaciones han contribuido al desarrollo y consolidaci\u00f3n de este \u00e1mbito de estudio, y refuerzan el papel de la Universidad Pablo de Olavide en la investigaci\u00f3n sobre seguridad y prevenci\u00f3n de la violencia extremista<\/strong>. Su trayectoria incluye monograf\u00edas como <em>El Eco del Terror. Ideolog\u00eda y propaganda en el terrorismo yihadista<\/em> (2009), <em>Al Andalus 2.0. La ciber-yihad contra Espa\u00f1a<\/em> (2014) y <em>Espejismos del Ma\u00f1ana<\/em> (2025), as\u00ed como numerosos art\u00edculos en revistas de referencia internacional.<\/p>\n<p>Adem\u00e1s, Manuel R. Torres ha formado parte de organismos y foros internacionales vinculados a la seguridad y la lucha contra la radicalizaci\u00f3n, como el Consejo Asesor del European Counter-Terrorism Centre de Europol.<\/p>\n<p><strong>Referencia:<br \/>\n<\/strong>Berlin, Mark and Topal, Sedef, Authorship Patterns in Jihadism Research (May 31, 2025). Available at SSRN: <a href=\"https:\/\/ssrn.com\/abstract=5355491\">https:\/\/ssrn.com\/abstract=5355491<\/a> \u00a0or <a href=\"http:\/\/dx.doi.org\/10.2139\/ssrn.5355491\">http:\/\/dx.doi.org\/10.2139\/ssrn.5355491<\/a> .<\/p>\n<p>&nbsp;<\/p>\n","protected":false},"excerpt":{"rendered":"<p>Un reciente estudio acad\u00e9mico publicado en el repositorio Social Science Research Network (SSRN) titulado Authorship Patterns in Jihadism Research (Mark Berlin y Sedef Topal, 2025) sit\u00faa al profesor Manuel R. Torres Soriano, catedr\u00e1tico del \u00c1rea de Ciencia Pol\u00edtica y de la Administraci\u00f3n de la Universidad Pablo de Olavide, como una figura de referencia en la investigaci\u00f3n internacional sobre terrorismo yihadista.<\/p>\n","protected":false},"author":6,"featured_media":30888056,"comment_status":"closed","ping_status":"open","sticky":false,"template":"","format":"standard","meta":{"_monsterinsights_skip_tracking":false,"_monsterinsights_sitenote_active":false,"_monsterinsights_sitenote_note":"","_monsterinsights_sitenote_category":0,"footnotes":""},"categories":[3],"tags":[925,1611,406,482,2496],"class_list":["post-30888045","post","type-post","status-publish","format-standard","has-post-thumbnail","hentry","category-ciencia","tag-internacionalizacion","tag-manuel-ricardo-torres-soriano","tag-publicacion","tag-terrorismo","tag-yihadismo"],"_links":{"self":[{"href":"https:\/\/www.upo.es\/diario\/wp-json\/wp\/v2\/posts\/30888045","targetHints":{"allow":["GET"]}}],"collection":[{"href":"https:\/\/www.upo.es\/diario\/wp-json\/wp\/v2\/posts"}],"about":[{"href":"https:\/\/www.upo.es\/diario\/wp-json\/wp\/v2\/types\/post"}],"author":[{"embeddable":true,"href":"https:\/\/www.upo.es\/diario\/wp-json\/wp\/v2\/users\/6"}],"replies":[{"embeddable":true,"href":"https:\/\/www.upo.es\/diario\/wp-json\/wp\/v2\/comments?post=30888045"}],"version-history":[{"count":3,"href":"https:\/\/www.upo.es\/diario\/wp-json\/wp\/v2\/posts\/30888045\/revisions"}],"predecessor-version":[{"id":30888057,"href":"https:\/\/www.upo.es\/diario\/wp-json\/wp\/v2\/posts\/30888045\/revisions\/30888057"}],"wp:featuredmedia":[{"embeddable":true,"href":"https:\/\/www.upo.es\/diario\/wp-json\/wp\/v2\/media\/30888056"}],"wp:attachment":[{"href":"https:\/\/www.upo.es\/diario\/wp-json\/wp\/v2\/media?parent=30888045"}],"wp:term":[{"taxonomy":"category","embeddable":true,"href":"https:\/\/www.upo.es\/diario\/wp-json\/wp\/v2\/categories?post=30888045"},{"taxonomy":"post_tag","embeddable":true,"href":"https:\/\/www.upo.es\/diario\/wp-json\/wp\/v2\/tags?post=30888045"}],"curies":[{"name":"wp","href":"https:\/\/api.w.org\/{rel}","templated":true}]}}