{"id":30888058,"date":"2025-09-23T12:54:37","date_gmt":"2025-09-23T10:54:37","guid":{"rendered":"https:\/\/www.upo.es\/diario\/?p=30888058"},"modified":"2025-09-24T13:11:46","modified_gmt":"2025-09-24T11:11:46","slug":"la-upo-inaugura-la-nueva-carteleria-interpretativa-sobre-la-biodiversidad-de-sus-praderas","status":"publish","type":"post","link":"https:\/\/www.upo.es\/diario\/comunidad\/2025\/09\/la-upo-inaugura-la-nueva-carteleria-interpretativa-sobre-la-biodiversidad-de-sus-praderas\/","title":{"rendered":"La UPO inaugura la nueva carteler\u00eda interpretativa sobre sus praderas y su biodiversidad bot\u00e1nica"},"content":{"rendered":"<figure id=\"attachment_30888059\" aria-describedby=\"caption-attachment-30888059\" style=\"width: 699px\" class=\"wp-caption aligncenter\"><a href=\"https:\/\/www.upo.es\/diario\/wp-content\/uploads\/2025\/09\/Inauguracion-carteleria.jpeg\"><img loading=\"lazy\" decoding=\"async\" class=\"size-large wp-image-30888059\" src=\"https:\/\/www.upo.es\/diario\/wp-content\/uploads\/2025\/09\/Inauguracion-carteleria-699x525.jpeg\" alt=\"\" width=\"699\" height=\"525\" srcset=\"https:\/\/www.upo.es\/diario\/wp-content\/uploads\/2025\/09\/Inauguracion-carteleria-699x525.jpeg 699w, https:\/\/www.upo.es\/diario\/wp-content\/uploads\/2025\/09\/Inauguracion-carteleria-420x315.jpeg 420w, https:\/\/www.upo.es\/diario\/wp-content\/uploads\/2025\/09\/Inauguracion-carteleria-768x576.jpeg 768w, https:\/\/www.upo.es\/diario\/wp-content\/uploads\/2025\/09\/Inauguracion-carteleria-1536x1153.jpeg 1536w, https:\/\/www.upo.es\/diario\/wp-content\/uploads\/2025\/09\/Inauguracion-carteleria-1320x991.jpeg 1320w, https:\/\/www.upo.es\/diario\/wp-content\/uploads\/2025\/09\/Inauguracion-carteleria.jpeg 1600w\" sizes=\"auto, (max-width: 699px) 100vw, 699px\" \/><\/a><figcaption id=\"caption-attachment-30888059\" class=\"wp-caption-text\"><i>Rosa P\u00e9rez Bad\u00eda (Secretaria SEBOT), Juan Carlos Moreno Saiz (presidente de SEBOT), Modesto Luce\u00f1o (catedr\u00e1tico de Bot\u00e1nica de la UPO), Luis Villagarc\u00eda Saiz (director del CEI Cambio), Paco Fern\u00e1ndez (coordinador de Pol\u00edtica Ambiental de la UPO), Mayte Toledano Cu\u00e9llar (CEI Cambio) y Santiago Mart\u00edn Bravo (profesor de la UPO y miembro del comit\u00e9 organizador del congreso SEBOT).<\/i><\/figcaption><\/figure>\n<p>Esta ma\u00f1ana se ha inaugurado, en el Pasaje de la Ilustraci\u00f3n de la Universidad Pablo de Olavide (entre los edificios 1-3 y 5-7), la nueva <strong>carteler\u00eda interpretativa sobre las praderas del campus y su biodiversidad bot\u00e1nica<\/strong>. Esta iniciativa busca poner en valor la riqueza natural de la UPO y acercar a la comunidad universitaria la importancia ecol\u00f3gica de estos espacios y de las especies que albergan.<\/p>\n<p>Esta inauguraci\u00f3n se enmarca en el <strong>II Congreso de Bot\u00e1nica SEBOT 2025<\/strong>, que se celebra en la UPO del 22 al 25 de septiembre, y forma parte de la campa\u00f1a <strong>\u201cTu campus est\u00e1 en el campo. Disfr\u00fatala\u201d<\/strong>, impulsada por el <strong>CEI Cambio<\/strong> con la financiaci\u00f3n del <strong>Plan Complementario de Biodiversidad Andaluz<\/strong> (Uni\u00f3n Europea \u2013 NextGenerationEU \u2013 PRTR \u2013 Junta de Andaluc\u00eda).<\/p>\n<p>Al acto asistieron representantes de la comunidad cient\u00edfica y de la Universidad, entre ellos <strong>Juan Carlos Moreno Saiz<\/strong>, presidente de SEBOT; <strong>Rosa P\u00e9rez Badia, <\/strong>secretaria de SEBOT; <strong>Modesto Luce\u00f1o<\/strong>, catedr\u00e1tico de Bot\u00e1nica de la UPO; <strong>Luis Villagarc\u00eda Saiz<\/strong>, director del CEI Cambio; <strong>Paco Fern\u00e1ndez<\/strong>, coordinador de Pol\u00edtica Ambiental de la UPO; <strong>Mayte Toledano Cu\u00e9llar<\/strong> del CEI Cambio y <strong>Santiago Mart\u00edn Bravo<\/strong>, profesor de la UPO y miembro del comit\u00e9 organizador del congreso.<\/p>\n<p>La instalaci\u00f3n de esta carteler\u00eda es el primer paso de una serie de paneles que se colocar\u00e1n en distintos puntos del campus, con el objetivo de divulgar y sensibilizar sobre la <strong>biodiversidad bot\u00e1nica<\/strong> y el valor de las praderas de la UPO como ecosistemas clave.<\/p>\n","protected":false},"excerpt":{"rendered":"<p>Esta ma\u00f1ana se ha inaugurado en el Pasaje de la Ilustraci\u00f3n de la Universidad Pablo de Olavide la nueva carteler\u00eda interpretativa sobre las praderas del campus y su biodiversidad bot\u00e1nica. Esta iniciativa busca poner en valor la riqueza natural de la UPO y acercar a la comunidad universitaria la importancia ecol\u00f3gica de estos espacios y de las especies que albergan.<\/p>\n","protected":false},"author":4,"featured_media":30888059,"comment_status":"closed","ping_status":"open","sticky":false,"template":"","format":"standard","meta":{"_monsterinsights_skip_tracking":false,"_monsterinsights_sitenote_active":false,"_monsterinsights_sitenote_note":"","_monsterinsights_sitenote_category":0,"footnotes":""},"categories":[5842],"tags":[814,902,5613,9289,224,9288,9287],"class_list":["post-30888058","post","type-post","status-publish","format-standard","has-post-thumbnail","hentry","category-comunidad","tag-biodiversidad","tag-botanica","tag-campus-upo","tag-carteleria","tag-cei-cambio","tag-congreso-sebot","tag-praderas"],"_links":{"self":[{"href":"https:\/\/www.upo.es\/diario\/wp-json\/wp\/v2\/posts\/30888058","targetHints":{"allow":["GET"]}}],"collection":[{"href":"https:\/\/www.upo.es\/diario\/wp-json\/wp\/v2\/posts"}],"about":[{"href":"https:\/\/www.upo.es\/diario\/wp-json\/wp\/v2\/types\/post"}],"author":[{"embeddable":true,"href":"https:\/\/www.upo.es\/diario\/wp-json\/wp\/v2\/users\/4"}],"replies":[{"embeddable":true,"href":"https:\/\/www.upo.es\/diario\/wp-json\/wp\/v2\/comments?post=30888058"}],"version-history":[{"count":7,"href":"https:\/\/www.upo.es\/diario\/wp-json\/wp\/v2\/posts\/30888058\/revisions"}],"predecessor-version":[{"id":30888075,"href":"https:\/\/www.upo.es\/diario\/wp-json\/wp\/v2\/posts\/30888058\/revisions\/30888075"}],"wp:featuredmedia":[{"embeddable":true,"href":"https:\/\/www.upo.es\/diario\/wp-json\/wp\/v2\/media\/30888059"}],"wp:attachment":[{"href":"https:\/\/www.upo.es\/diario\/wp-json\/wp\/v2\/media?parent=30888058"}],"wp:term":[{"taxonomy":"category","embeddable":true,"href":"https:\/\/www.upo.es\/diario\/wp-json\/wp\/v2\/categories?post=30888058"},{"taxonomy":"post_tag","embeddable":true,"href":"https:\/\/www.upo.es\/diario\/wp-json\/wp\/v2\/tags?post=30888058"}],"curies":[{"name":"wp","href":"https:\/\/api.w.org\/{rel}","templated":true}]}}