{"id":30888080,"date":"2025-09-24T15:37:38","date_gmt":"2025-09-24T13:37:38","guid":{"rendered":"https:\/\/www.upo.es\/diario\/?p=30888080"},"modified":"2025-10-02T11:43:35","modified_gmt":"2025-10-02T09:43:35","slug":"un-manual-imprescindible-para-comprender-el-trabajo-social-como-profesion-y-como-disciplina-cientifica","status":"publish","type":"post","link":"https:\/\/www.upo.es\/diario\/docencia-formacion\/2025\/09\/un-manual-imprescindible-para-comprender-el-trabajo-social-como-profesion-y-como-disciplina-cientifica\/","title":{"rendered":"Un manual imprescindible para comprender el Trabajo Social como profesi\u00f3n y como disciplina cient\u00edfica"},"content":{"rendered":"<figure id=\"attachment_30888082\" aria-describedby=\"caption-attachment-30888082\" style=\"width: 750px\" class=\"wp-caption aligncenter\"><a href=\"https:\/\/www.upo.es\/diario\/wp-content\/uploads\/2025\/09\/24092025-Fundamentos-TS-9786-scaled.jpg\"><img loading=\"lazy\" decoding=\"async\" class=\"size-large wp-image-30888082\" src=\"https:\/\/www.upo.es\/diario\/wp-content\/uploads\/2025\/09\/24092025-Fundamentos-TS-9786-750x422.jpg\" alt=\"Evaristo Barrera, Antonio I\u00e1\u00f1ez, Auxiliadora Gonz\u00e1lez y Juan Miguel G\u00f3mez en la presentaci\u00f3n del libro\" width=\"750\" height=\"422\" srcset=\"https:\/\/www.upo.es\/diario\/wp-content\/uploads\/2025\/09\/24092025-Fundamentos-TS-9786-750x422.jpg 750w, https:\/\/www.upo.es\/diario\/wp-content\/uploads\/2025\/09\/24092025-Fundamentos-TS-9786-420x236.jpg 420w, https:\/\/www.upo.es\/diario\/wp-content\/uploads\/2025\/09\/24092025-Fundamentos-TS-9786-768x432.jpg 768w, https:\/\/www.upo.es\/diario\/wp-content\/uploads\/2025\/09\/24092025-Fundamentos-TS-9786-1536x864.jpg 1536w, https:\/\/www.upo.es\/diario\/wp-content\/uploads\/2025\/09\/24092025-Fundamentos-TS-9786-2048x1152.jpg 2048w, https:\/\/www.upo.es\/diario\/wp-content\/uploads\/2025\/09\/24092025-Fundamentos-TS-9786-1320x743.jpg 1320w\" sizes=\"auto, (max-width: 750px) 100vw, 750px\" \/><\/a><figcaption id=\"caption-attachment-30888082\" class=\"wp-caption-text\">Evaristo Barrera, Antonio I\u00e1\u00f1ez, Auxiliadora Gonz\u00e1lez y Juan Miguel G\u00f3mez en la presentaci\u00f3n del libro<\/figcaption><\/figure>\n<p>La Editorial Tecnos acaba de publicar <strong><em>Fundamentos del Trabajo Social: introducci\u00f3n a una disciplina cient\u00edfica y una profesi\u00f3n<\/em><\/strong>, una obra coordinada por <strong>Antonio I\u00e1\u00f1ez Dom\u00ednguez y Auxiliadora Gonz\u00e1lez<\/strong>, profesores de la Universidad Pablo de Olavide, que re\u00fane las aportaciones y la experiencia docente del equipo que imparte esta asignatura de primero del Grado en Trabajo Social. El libro constituye un manual que ofrece una visi\u00f3n completa de los principios, la evoluci\u00f3n hist\u00f3rica y las metodolog\u00edas de una disciplina que hoy resulta clave para afrontar los retos de las sociedades contempor\u00e1neas.<\/p>\n<p>Estructurado en tres grandes bloques, el volumen aborda desde los conceptos b\u00e1sicos del Trabajo Social, hasta el recorrido hist\u00f3rico de la profesi\u00f3n y una introducci\u00f3n a las herramientas metodol\u00f3gicas y t\u00e9cnicas m\u00e1s utilizadas. Figuras pioneras como Mary Ellen Richmond o Jane Addams aparecen como referentes de un campo que, desde sus inicios, ha combinado conocimiento acad\u00e9mico con compromiso social.<\/p>\n<p><strong><a href=\"https:\/\/www.upo.es\/diario\/wp-content\/uploads\/2025\/09\/24092025-Fundamentos-TS-9758-scaled.jpg\"><img loading=\"lazy\" decoding=\"async\" class=\"alignleft size-medium wp-image-30888083\" src=\"https:\/\/www.upo.es\/diario\/wp-content\/uploads\/2025\/09\/24092025-Fundamentos-TS-9758-420x236.jpg\" alt=\"Presentaci\u00f3n del libro Fundamentos del Trabajo Social: introducci\u00f3n a una disciplina cient\u00edfica y una profesi\u00f3n en la upo a cargo de sus coordinadores y autores\" width=\"420\" height=\"236\" srcset=\"https:\/\/www.upo.es\/diario\/wp-content\/uploads\/2025\/09\/24092025-Fundamentos-TS-9758-420x236.jpg 420w, https:\/\/www.upo.es\/diario\/wp-content\/uploads\/2025\/09\/24092025-Fundamentos-TS-9758-750x422.jpg 750w, https:\/\/www.upo.es\/diario\/wp-content\/uploads\/2025\/09\/24092025-Fundamentos-TS-9758-768x432.jpg 768w, https:\/\/www.upo.es\/diario\/wp-content\/uploads\/2025\/09\/24092025-Fundamentos-TS-9758-1536x864.jpg 1536w, https:\/\/www.upo.es\/diario\/wp-content\/uploads\/2025\/09\/24092025-Fundamentos-TS-9758-2048x1152.jpg 2048w, https:\/\/www.upo.es\/diario\/wp-content\/uploads\/2025\/09\/24092025-Fundamentos-TS-9758-1320x743.jpg 1320w\" sizes=\"auto, (max-width: 420px) 100vw, 420px\" \/><\/a>Evaristo Barrera<\/strong>, director del Departamento de Trabajo Social y Servicios Sociales, que ha apoyado con financiaci\u00f3n la publicaci\u00f3n del libro y firma el pr\u00f3logo, <strong>ha destacado su estructura pedag\u00f3gica que \u00abpermite dar con seguridad los primeros pasos en la formaci\u00f3n en Trabajo Social\u00bb<\/strong>. Adem\u00e1s de referencias bibliogr\u00e1ficas, el manual incluye actividades pr\u00e1cticas y ejercicios de autoevaluaci\u00f3n dise\u00f1ados para los estudiantes de la disciplina.<\/p>\n<p><strong>\u00abEsperamos que este libro facilite la labor docente. Es una puerta a la carrera\u00bb, ha se\u00f1alado Auxiliadora Gonz\u00e1lez, coordinadora del libro junto a Antonio I\u00e1\u00f1ez<\/strong> y autora del primer cap\u00edtulo. Gonz\u00e1lez Portillo ha subrayado la importancia de una asignatura en la que los docentes \u00abtenemos el reto de motivar e ilusionar al estudiante\u00bb.<\/p>\n<p><strong>El decano de la Facultad de Ciencias Sociales ha destacado la aportaci\u00f3n para la docencia del libro<\/strong> <strong>y ha felicitado al equipo que lo ha hecho posible<\/strong>. \u00abEs fruto del compromiso que ten\u00e9is con la docencia y con proporcionar al alumnado la mejor formaci\u00f3n posible\u00bb, ha afirmado Juan Miguel G\u00f3mez Espino. Han participado en el libro como autores: Antonio I\u00e1\u00f1ez Dom\u00ednguez, Mar\u00eda Auxiliadora Gonz\u00e1lez Portillo, Juan Blanco L\u00f3pez, Rosa Mar\u00eda D\u00edaz Jim\u00e9nez, Maximiliano Garc\u00eda Carmona, Paloma Garrido Reina, Mar\u00eda Rosa Herrera Guti\u00e9rrez, Mar\u00eda del Carmen Maguilla G\u00f3mez, Jos\u00e9 Mar\u00eda Mor\u00e1n Carrillo, Gracia Moreno Amador, M.\u00aa \u00c1ngeles Quesada Cubo y Mar\u00eda Dolores Yerga M\u00edguez.<\/p>\n<p><strong><a href=\"https:\/\/www.upo.es\/diario\/wp-content\/uploads\/2025\/09\/fundamentos-del-trabajo-social_portada.jpg\"><img loading=\"lazy\" decoding=\"async\" class=\"alignleft wp-image-30888085\" src=\"https:\/\/www.upo.es\/diario\/wp-content\/uploads\/2025\/09\/fundamentos-del-trabajo-social_portada-297x420.jpg\" alt=\"Fundamentos del Trabajo Social: introducci\u00f3n a una disciplina cient\u00edfica y una profesi\u00f3n (portada)\" width=\"146\" height=\"206\" srcset=\"https:\/\/www.upo.es\/diario\/wp-content\/uploads\/2025\/09\/fundamentos-del-trabajo-social_portada-297x420.jpg 297w, https:\/\/www.upo.es\/diario\/wp-content\/uploads\/2025\/09\/fundamentos-del-trabajo-social_portada-372x525.jpg 372w, https:\/\/www.upo.es\/diario\/wp-content\/uploads\/2025\/09\/fundamentos-del-trabajo-social_portada-768x1084.jpg 768w, https:\/\/www.upo.es\/diario\/wp-content\/uploads\/2025\/09\/fundamentos-del-trabajo-social_portada.jpg 1000w\" sizes=\"auto, (max-width: 146px) 100vw, 146px\" \/><\/a>Referencia:<br \/>\n<\/strong>I\u00e1\u00f1ez Rodr\u00edguez, A., &amp; Gonz\u00e1lez Portillo, A. (coords.) (2025). <strong><em>Fundamentos del trabajo social: introducci\u00f3n a una disciplina cient\u00edfica y una profesi\u00f3n<\/em><\/strong>. Tecnos. <a href=\"https:\/\/www.tecnos.es\/libro\/biblioteca-universitaria-de-editorial-tecnos\/fundamentos-del-trabajo-social-antonio-ianez-dominguez-9788430992935\/\">www.tecnos.es\/libro\/biblioteca-universitaria-de-editorial-tecnos\/fundamentos-del-trabajo-social-antonio-ianez-dominguez-9788430992935\/<\/a><\/p>\n<p><a href=\"https:\/\/www.upo.es\/diario\/wp-content\/uploads\/2025\/09\/24092025-Fundamentos-TS-9791-scaled.jpg\"><img loading=\"lazy\" decoding=\"async\" class=\"aligncenter size-large wp-image-30888084\" src=\"https:\/\/www.upo.es\/diario\/wp-content\/uploads\/2025\/09\/24092025-Fundamentos-TS-9791-750x422.jpg\" alt=\"Foto de familia de los autores del libro 'Fundamentos del Trabajo Social: introducci\u00f3n a una disciplina cient\u00edfica y una profesi\u00f3n'\" width=\"750\" height=\"422\" srcset=\"https:\/\/www.upo.es\/diario\/wp-content\/uploads\/2025\/09\/24092025-Fundamentos-TS-9791-750x422.jpg 750w, https:\/\/www.upo.es\/diario\/wp-content\/uploads\/2025\/09\/24092025-Fundamentos-TS-9791-420x236.jpg 420w, https:\/\/www.upo.es\/diario\/wp-content\/uploads\/2025\/09\/24092025-Fundamentos-TS-9791-768x432.jpg 768w, https:\/\/www.upo.es\/diario\/wp-content\/uploads\/2025\/09\/24092025-Fundamentos-TS-9791-1536x864.jpg 1536w, https:\/\/www.upo.es\/diario\/wp-content\/uploads\/2025\/09\/24092025-Fundamentos-TS-9791-2048x1152.jpg 2048w, https:\/\/www.upo.es\/diario\/wp-content\/uploads\/2025\/09\/24092025-Fundamentos-TS-9791-1320x743.jpg 1320w\" sizes=\"auto, (max-width: 750px) 100vw, 750px\" \/><\/a><\/p>\n<p>&nbsp;<\/p>\n","protected":false},"excerpt":{"rendered":"<p>La Editorial Tecnos acaba de publicar Fundamentos del Trabajo Social: introducci\u00f3n a una disciplina cient\u00edfica y una profesi\u00f3n, una obra coordinada por Antonio I\u00e1\u00f1ez Dom\u00ednguez y Auxiliadora Gonz\u00e1lez, profesores de la Universidad Pablo de Olavide, que re\u00fane las aportaciones y la experiencia docente del equipo que imparte esta asignatura de primero del Grado en Trabajo Social. El libro constituye un<a class=\"read-more\" href=\"https:\/\/www.upo.es\/diario\/docencia-formacion\/2025\/09\/un-manual-imprescindible-para-comprender-el-trabajo-social-como-profesion-y-como-disciplina-cientifica\/\">[Read More&#8230;]<\/a><\/p>\n","protected":false},"author":6,"featured_media":30888082,"comment_status":"closed","ping_status":"open","sticky":false,"template":"","format":"standard","meta":{"_monsterinsights_skip_tracking":false,"_monsterinsights_sitenote_active":false,"_monsterinsights_sitenote_note":"","_monsterinsights_sitenote_category":0,"footnotes":""},"categories":[2779],"tags":[3405,1973,487,1457,333,103],"class_list":["post-30888080","post","type-post","status-publish","format-standard","has-post-thumbnail","hentry","category-docencia-formacion","tag-departamento-de-trabajo-social-y-servicios-sociales","tag-docencia","tag-facultad-ciencias-sociales","tag-grado-en-trabajo-social","tag-libro","tag-trabajo-social"],"_links":{"self":[{"href":"https:\/\/www.upo.es\/diario\/wp-json\/wp\/v2\/posts\/30888080","targetHints":{"allow":["GET"]}}],"collection":[{"href":"https:\/\/www.upo.es\/diario\/wp-json\/wp\/v2\/posts"}],"about":[{"href":"https:\/\/www.upo.es\/diario\/wp-json\/wp\/v2\/types\/post"}],"author":[{"embeddable":true,"href":"https:\/\/www.upo.es\/diario\/wp-json\/wp\/v2\/users\/6"}],"replies":[{"embeddable":true,"href":"https:\/\/www.upo.es\/diario\/wp-json\/wp\/v2\/comments?post=30888080"}],"version-history":[{"count":6,"href":"https:\/\/www.upo.es\/diario\/wp-json\/wp\/v2\/posts\/30888080\/revisions"}],"predecessor-version":[{"id":30888090,"href":"https:\/\/www.upo.es\/diario\/wp-json\/wp\/v2\/posts\/30888080\/revisions\/30888090"}],"wp:featuredmedia":[{"embeddable":true,"href":"https:\/\/www.upo.es\/diario\/wp-json\/wp\/v2\/media\/30888082"}],"wp:attachment":[{"href":"https:\/\/www.upo.es\/diario\/wp-json\/wp\/v2\/media?parent=30888080"}],"wp:term":[{"taxonomy":"category","embeddable":true,"href":"https:\/\/www.upo.es\/diario\/wp-json\/wp\/v2\/categories?post=30888080"},{"taxonomy":"post_tag","embeddable":true,"href":"https:\/\/www.upo.es\/diario\/wp-json\/wp\/v2\/tags?post=30888080"}],"curies":[{"name":"wp","href":"https:\/\/api.w.org\/{rel}","templated":true}]}}