{"id":30888096,"date":"2025-09-25T12:43:40","date_gmt":"2025-09-25T10:43:40","guid":{"rendered":"https:\/\/www.upo.es\/diario\/?p=30888096"},"modified":"2025-10-02T14:25:56","modified_gmt":"2025-10-02T12:25:56","slug":"noveno-congreso-economia-feminista-capitaloceno","status":"publish","type":"post","link":"https:\/\/www.upo.es\/diario\/docencia-formacion\/2025\/09\/noveno-congreso-economia-feminista-capitaloceno\/","title":{"rendered":"La Universidad Pablo de Olavide acoge el IX Congreso de Econom\u00eda Feminista bajo el lema \u2018Las econom\u00edas feministas ante el capitaloceno\u2019"},"content":{"rendered":"<p><a href=\"https:\/\/congresoeconomiafeminista.org\/\"><img loading=\"lazy\" decoding=\"async\" class=\"aligncenter size-large wp-image-30888098\" src=\"https:\/\/www.upo.es\/diario\/wp-content\/uploads\/2025\/09\/Congreso-Ecofeminista-scaled-1-750x321.jpg\" alt=\"IX Congreso de Econom\u00eda Feminista - Del 2 al 4 de octubre en la Universidad Pablo de Olavide (Sevilla)\" width=\"750\" height=\"321\" srcset=\"https:\/\/www.upo.es\/diario\/wp-content\/uploads\/2025\/09\/Congreso-Ecofeminista-scaled-1-750x321.jpg 750w, https:\/\/www.upo.es\/diario\/wp-content\/uploads\/2025\/09\/Congreso-Ecofeminista-scaled-1-420x180.jpg 420w, https:\/\/www.upo.es\/diario\/wp-content\/uploads\/2025\/09\/Congreso-Ecofeminista-scaled-1-768x329.jpg 768w, https:\/\/www.upo.es\/diario\/wp-content\/uploads\/2025\/09\/Congreso-Ecofeminista-scaled-1-1536x658.jpg 1536w, https:\/\/www.upo.es\/diario\/wp-content\/uploads\/2025\/09\/Congreso-Ecofeminista-scaled-1-2048x878.jpg 2048w, https:\/\/www.upo.es\/diario\/wp-content\/uploads\/2025\/09\/Congreso-Ecofeminista-scaled-1-1320x566.jpg 1320w\" sizes=\"auto, (max-width: 750px) 100vw, 750px\" \/><\/a>La Universidad Pablo de Olavide ser\u00e1 la pr\u00f3xima semana la sede del <a href=\"https:\/\/congresoeconomiafeminista.org\/\">IX Congreso de Econom\u00eda Feminista<\/a>, que se celebrar\u00e1 <strong>entre los d\u00edas 2 y 4 de octubre de 2025<\/strong>. El encuentro reunir\u00e1 a investigadoras, docentes, activistas, entidades sociales y organizaciones feministas en torno a un tema central: \u2018<strong>Las econom\u00edas feministas ante el capitaloceno: an\u00e1lisis y alternativas<\/strong>\u2019.<\/p>\n<p>El t\u00e9rmino <em>capitaloceno<\/em> se plantea como cr\u00edtica al concepto de antropoceno. Mientras este \u00faltimo atribuye a toda la humanidad la responsabilidad de los cambios ambientales, el <em>capitaloceno<\/em> pone de relieve que dichos cambios est\u00e1n principalmente impulsados por el sistema capitalista global. Desde perspectivas feministas, este congreso pretende reflexionar sobre c\u00f3mo las crisis sociales y ambientales actuales revelan que la l\u00f3gica de crecimiento capitalista destruye las bases biof\u00edsicas de la vida. En su IX edici\u00f3n el Congreso de Econom\u00eda Feminista prestar\u00e1 especial atenci\u00f3n a las interacciones entre opresiones de clase, etnicidad y g\u00e9nero en distintos territorios urbanos y rurales del norte y el sur global.<\/p>\n<p>El programa del congreso se organiza en torno a <a href=\"https:\/\/congresoeconomiafeminista.org\/ix-congreso-economia-feminista\/ejes-tematicos\/\">catorce ejes tem\u00e1ticos<\/a> en los que se visibilizar\u00e1n alternativas feministas a esta realidad econ\u00f3mica. As\u00ed, a lo largo de tres d\u00edas, el congreso abordar\u00e1 cuestiones clave en torno a la econom\u00eda feminista mediante conferencias, talleres, sesiones paralelas y actividades culturales. Entre los ejes tem\u00e1ticos destacan los cuidados, la ecofeminismo y la agroecolog\u00eda, la econom\u00eda popular y solidaria, la cr\u00edtica a la <em>financiarizaci\u00f3n<\/em>, las tecnolog\u00edas digitales, las pol\u00edticas p\u00fablicas y fiscales, la econom\u00eda pol\u00edtica global y el desarrollo o el an\u00e1lisis de las violencias machistas desde una perspectiva econ\u00f3mica.<\/p>\n<p><strong>La organizaci\u00f3n del IX Congreso de Econom\u00eda Feminista corre a cargo de profesorado del Departamento de Econom\u00eda, M\u00e9todos cuantitativos e Historia Econ\u00f3mica<\/strong> de la Universidad Pablo de Olavide, junto con la Universidad de Sevilla y redes de investigaci\u00f3n y acci\u00f3n feminista como EcoEcoFem, GEP&amp;DO y CINEF, con el apoyo de distintas entidades sociales y acad\u00e9micas.<\/p>\n<p>El encuentro incluir\u00e1 tambi\u00e9n propuestas culturales y de participaci\u00f3n social, como el concierto por el 20\u00ba aniversario de los congresos en el Centro de Iniciativas Culturales de la Universidad de Sevilla (CICUS), la ruta cultural \u2018Sevilla Negra\u2019 y un evento conjunto con las Jornadas Alianzas Rebeldes.<\/p>\n<h3><strong>Veinte a\u00f1os de congresos de Econom\u00eda Feminista<\/strong><\/h3>\n<p>Los congresos de Econom\u00eda Feminista (CEF) se celebran desde 2005, promovidos por la Red de Econom\u00eda Feminista de \u00e1mbito estatal. Se trata de un foro bienal de referencia internacional en el que confluyen la investigaci\u00f3n acad\u00e9mica y el compromiso de los movimientos sociales. Desde la primera edici\u00f3n en Bilbao, estos encuentros han pasado por ciudades como Zaragoza, Carmona, Madrid, Vic, Valencia o Barcelona, con una creciente participaci\u00f3n que en la \u00faltima edici\u00f3n alcanz\u00f3 las 500 personas de distintos pa\u00edses.<\/p>\n<p>La <strong>inauguraci\u00f3n<\/strong> de la IX edici\u00f3n tendr\u00e1 lugar el<strong> jueves 2 de octubre, a las 9:00 horas en el Paraninfo<\/strong> de la UPO, con una presentaci\u00f3n institucional encabezada por el rector <strong>Francisco Oliva<\/strong> junto a <strong>Rosa Casado<\/strong>, directora de la Unidad de Igualdad de la Universidad de Sevilla y <strong>Astrid Agenjo<\/strong>, profesora de la Universidad Pablo de Olavide y coordinadora del comit\u00e9 organizador.<\/p>\n<p><strong>M\u00e1s informaci\u00f3n y programa completo<\/strong> en: <a href=\"https:\/\/congresoeconomiafeminista.org\/\">congresoeconomiafeminista.org<\/a>.<\/p>\n<p>&nbsp;<\/p>\n","protected":false},"excerpt":{"rendered":"<p>La Universidad Pablo de Olavide ser\u00e1 la pr\u00f3xima semana la sede del IX Congreso de Econom\u00eda Feminista, que se celebrar\u00e1 entre los d\u00edas 2 y 4 de octubre de 2025. El encuentro reunir\u00e1 a investigadoras, docentes, activistas, entidades sociales y organizaciones feministas en torno a un tema central: \u2018Las econom\u00edas feministas ante el capitaloceno: an\u00e1lisis y alternativas\u2019.<\/p>\n","protected":false},"author":6,"featured_media":30888098,"comment_status":"closed","ping_status":"open","sticky":false,"template":"","format":"standard","meta":{"_monsterinsights_skip_tracking":false,"_monsterinsights_sitenote_active":false,"_monsterinsights_sitenote_note":"","_monsterinsights_sitenote_category":0,"footnotes":""},"categories":[2779],"tags":[8041,354,5270,3007,194,63,890,2349,5883,3282,1024,1163],"class_list":["post-30888096","post","type-post","status-publish","format-standard","has-post-thumbnail","hentry","category-docencia-formacion","tag-cinef","tag-congreso","tag-departamento-de-economia-metodos-cuantitativos-e-historia-economica","tag-desarrollo-sostenible","tag-ecologia","tag-economia","tag-feminismo","tag-genero-e-igualdad","tag-igualdad-de-genero","tag-justicia-social","tag-solidaridad","tag-universidad-de-sevilla"],"_links":{"self":[{"href":"https:\/\/www.upo.es\/diario\/wp-json\/wp\/v2\/posts\/30888096","targetHints":{"allow":["GET"]}}],"collection":[{"href":"https:\/\/www.upo.es\/diario\/wp-json\/wp\/v2\/posts"}],"about":[{"href":"https:\/\/www.upo.es\/diario\/wp-json\/wp\/v2\/types\/post"}],"author":[{"embeddable":true,"href":"https:\/\/www.upo.es\/diario\/wp-json\/wp\/v2\/users\/6"}],"replies":[{"embeddable":true,"href":"https:\/\/www.upo.es\/diario\/wp-json\/wp\/v2\/comments?post=30888096"}],"version-history":[{"count":3,"href":"https:\/\/www.upo.es\/diario\/wp-json\/wp\/v2\/posts\/30888096\/revisions"}],"predecessor-version":[{"id":30888100,"href":"https:\/\/www.upo.es\/diario\/wp-json\/wp\/v2\/posts\/30888096\/revisions\/30888100"}],"wp:featuredmedia":[{"embeddable":true,"href":"https:\/\/www.upo.es\/diario\/wp-json\/wp\/v2\/media\/30888098"}],"wp:attachment":[{"href":"https:\/\/www.upo.es\/diario\/wp-json\/wp\/v2\/media?parent=30888096"}],"wp:term":[{"taxonomy":"category","embeddable":true,"href":"https:\/\/www.upo.es\/diario\/wp-json\/wp\/v2\/categories?post=30888096"},{"taxonomy":"post_tag","embeddable":true,"href":"https:\/\/www.upo.es\/diario\/wp-json\/wp\/v2\/tags?post=30888096"}],"curies":[{"name":"wp","href":"https:\/\/api.w.org\/{rel}","templated":true}]}}