{"id":30888104,"date":"2025-09-25T14:11:57","date_gmt":"2025-09-25T12:11:57","guid":{"rendered":"https:\/\/www.upo.es\/diario\/?p=30888104"},"modified":"2025-09-25T14:51:01","modified_gmt":"2025-09-25T12:51:01","slug":"una-nueva-generacion-de-profesores-de-derecho-se-presenta-en-audita-parte","status":"publish","type":"post","link":"https:\/\/www.upo.es\/diario\/podcast\/2025\/09\/una-nueva-generacion-de-profesores-de-derecho-se-presenta-en-audita-parte\/","title":{"rendered":"Una nueva generaci\u00f3n de profesores de Derecho se presenta en &#8216;Audita Parte&#8217;"},"content":{"rendered":"<p><iframe loading=\"lazy\" id=\"pumukitiframe\" src=\"https:\/\/upotv.upo.es\/iframe\/68ca7362abe3c6ce688b4567\" width=\"560\" height=\"315\" frameborder=\"0\" allowfullscreen=\"allowfullscreen\"><\/iframe><\/p>\n<p>El curso acad\u00e9mico 2025\/2026 comienza con una importante renovaci\u00f3n en el claustro de profesores de Derecho de la Universidad Pablo de Olavide. <strong>Se han cubierto nueve plazas de Profesorado Ayudante Doctor en los departamentos de Derecho Privado y de Derecho P\u00fablico<\/strong>, se incorpora as\u00ed a la academia de la Olavide una nueva generaci\u00f3n de docentes e investigadores. Este profesorado representa el primer escal\u00f3n dentro de la carrera acad\u00e9mica, una de las posibles salidas profesionales para quienes finalizan el Grado en Derecho.<\/p>\n<p>En este episodio de <em>Audita Parte<\/em>, se presenta una visi\u00f3n detallada sobre la carrera acad\u00e9mica y las oportunidades que esta brinda. Asimismo, se ofrecen perfiles de tres nuevos Profesores Ayudante Doctor que se incorporan a la Universidad Pablo de Olavide: <strong>Pedro Barea<\/strong>, especialista en Derecho Administrativo;<strong> Pablo Cruz<\/strong>, experto en Derecho Constitucional; y <strong>Sergio de la Herraz<\/strong>, especializado en Derecho Penal. Estos nuevos miembros del claustro universitario cuentan con un destacado curr\u00edculum y una s\u00f3lida trayectoria en investigaci\u00f3n y docencia, que sin duda contribuir\u00e1n al fortalecimiento acad\u00e9mico y cient\u00edfico de la UPO.<\/p>\n<figure id=\"attachment_30888105\" aria-describedby=\"caption-attachment-30888105\" style=\"width: 420px\" class=\"wp-caption alignleft\"><img loading=\"lazy\" decoding=\"async\" class=\"size-medium wp-image-30888105\" src=\"https:\/\/www.upo.es\/diario\/wp-content\/uploads\/2025\/09\/Audita-Parte_RadiOlavide_nuevo-PDI-420x315.jpg\" alt=\"Mar\u00eda Dolores Rego con Pedro Barea, Pablo Cruz y Sergio de la Herraz\" width=\"420\" height=\"315\" srcset=\"https:\/\/www.upo.es\/diario\/wp-content\/uploads\/2025\/09\/Audita-Parte_RadiOlavide_nuevo-PDI-420x315.jpg 420w, https:\/\/www.upo.es\/diario\/wp-content\/uploads\/2025\/09\/Audita-Parte_RadiOlavide_nuevo-PDI-700x525.jpg 700w, https:\/\/www.upo.es\/diario\/wp-content\/uploads\/2025\/09\/Audita-Parte_RadiOlavide_nuevo-PDI-768x576.jpg 768w, https:\/\/www.upo.es\/diario\/wp-content\/uploads\/2025\/09\/Audita-Parte_RadiOlavide_nuevo-PDI-1320x991.jpg 1320w, https:\/\/www.upo.es\/diario\/wp-content\/uploads\/2025\/09\/Audita-Parte_RadiOlavide_nuevo-PDI.jpg 1483w\" sizes=\"auto, (max-width: 420px) 100vw, 420px\" \/><figcaption id=\"caption-attachment-30888105\" class=\"wp-caption-text\">Mar\u00eda Dolores Rego con Pedro Barea, Pablo Cruz y Sergio de la Herraz<\/figcaption><\/figure>\n<p><strong>Cr\u00e9ditos:<\/strong><\/p>\n<p>Presenta: Mar\u00eda Dolores Rego Blanco<\/p>\n<p>Realizaci\u00f3n y edici\u00f3n: Fernando Cordero \u00c1lvarez<\/p>\n<hr \/>\n<h3>M\u00e1s estrenos en RadiOlavide:<\/h3>\n<p>Sociolog\u00eda para el d\u00eda a d\u00eda. De la academia a la pr\u00e1ctica cotidiana &#8216;<strong><em>\u00bfRedes sociales que unen o que vac\u00edan?<\/em><\/strong>&#8216;<br \/>\n<a href=\"https:\/\/upotv.upo.es\/video\/68d11c48abe3c623b48b456e\">https:\/\/upotv.upo.es\/video\/68d11c48abe3c623b48b456e<\/a><\/p>\n<p>Stand Up: <em><strong>El mecanismo perverso: el ciclo de la deuda externa<\/strong><\/em>:<br \/>\n<a href=\"https:\/\/upotv.upo.es\/video\/68c7e7f6abe3c62d488b456a\">https:\/\/upotv.upo.es\/video\/68c7e7f6abe3c62d488b456a<\/a><\/p>\n<p>Sociolog\u00eda para el d\u00eda a d\u00eda. De la academia a la pr\u00e1ctica cotidiana &#8216;<strong><em>Entre el privilegio y la superaci\u00f3n<\/em><\/strong>&#8216;:<br \/>\n<a href=\"https:\/\/upotv.upo.es\/video\/68b6c368abe3c65a848b4569\">https:\/\/upotv.upo.es\/video\/68b6c368abe3c65a848b4569<\/a><\/p>\n","protected":false},"excerpt":{"rendered":"<p>El curso acad\u00e9mico 2025\/2026 comienza con una importante renovaci\u00f3n en el claustro de profesores de Derecho de la Universidad Pablo de Olavide. Se han cubierto nueve plazas de Profesorado Ayudante Doctor en los departamentos de Derecho Privado y de Derecho P\u00fablico, se incorpora as\u00ed a la academia de la Olavide una nueva generaci\u00f3n de docentes e investigadores. Este profesorado representa el primer escal\u00f3n dentro de la carrera acad\u00e9mica, una de las posibles salidas profesionales para quienes finalizan el Grado en Derecho.<\/p>\n","protected":false},"author":6,"featured_media":30888105,"comment_status":"closed","ping_status":"open","sticky":false,"template":"","format":"video","meta":{"_monsterinsights_skip_tracking":false,"_monsterinsights_sitenote_active":false,"_monsterinsights_sitenote_note":"","_monsterinsights_sitenote_category":0,"footnotes":""},"categories":[8145],"tags":[2294,4801,81,199,8855,3784],"class_list":["post-30888104","post","type-post","status-publish","format-video","has-post-thumbnail","hentry","category-podcast","tag-departamento-de-derecho-privado","tag-departamento-de-derecho-publico","tag-facultad-de-derecho","tag-profesorado","tag-profesorado-ayudante-doctor","tag-radiolavide","post_format-post-format-video"],"_links":{"self":[{"href":"https:\/\/www.upo.es\/diario\/wp-json\/wp\/v2\/posts\/30888104","targetHints":{"allow":["GET"]}}],"collection":[{"href":"https:\/\/www.upo.es\/diario\/wp-json\/wp\/v2\/posts"}],"about":[{"href":"https:\/\/www.upo.es\/diario\/wp-json\/wp\/v2\/types\/post"}],"author":[{"embeddable":true,"href":"https:\/\/www.upo.es\/diario\/wp-json\/wp\/v2\/users\/6"}],"replies":[{"embeddable":true,"href":"https:\/\/www.upo.es\/diario\/wp-json\/wp\/v2\/comments?post=30888104"}],"version-history":[{"count":1,"href":"https:\/\/www.upo.es\/diario\/wp-json\/wp\/v2\/posts\/30888104\/revisions"}],"predecessor-version":[{"id":30888106,"href":"https:\/\/www.upo.es\/diario\/wp-json\/wp\/v2\/posts\/30888104\/revisions\/30888106"}],"wp:featuredmedia":[{"embeddable":true,"href":"https:\/\/www.upo.es\/diario\/wp-json\/wp\/v2\/media\/30888105"}],"wp:attachment":[{"href":"https:\/\/www.upo.es\/diario\/wp-json\/wp\/v2\/media?parent=30888104"}],"wp:term":[{"taxonomy":"category","embeddable":true,"href":"https:\/\/www.upo.es\/diario\/wp-json\/wp\/v2\/categories?post=30888104"},{"taxonomy":"post_tag","embeddable":true,"href":"https:\/\/www.upo.es\/diario\/wp-json\/wp\/v2\/tags?post=30888104"}],"curies":[{"name":"wp","href":"https:\/\/api.w.org\/{rel}","templated":true}]}}