{"id":30888117,"date":"2025-09-26T14:11:56","date_gmt":"2025-09-26T12:11:56","guid":{"rendered":"https:\/\/www.upo.es\/diario\/?p=30888117"},"modified":"2025-10-01T13:56:03","modified_gmt":"2025-10-01T11:56:03","slug":"pacientes-y-ciencia-unidos-en-las-ii-jornadas-sobre-enfermedades-raras-en-la-upo","status":"publish","type":"post","link":"https:\/\/www.upo.es\/diario\/docencia-formacion\/2025\/09\/pacientes-y-ciencia-unidos-en-las-ii-jornadas-sobre-enfermedades-raras-en-la-upo\/","title":{"rendered":"Pacientes y ciencia, unidos en las II Jornadas sobre Enfermedades Raras en la UPO"},"content":{"rendered":"<figure id=\"attachment_30888122\" aria-describedby=\"caption-attachment-30888122\" style=\"width: 750px\" class=\"wp-caption aligncenter\"><a href=\"https:\/\/www.upo.es\/diario\/wp-content\/uploads\/2025\/09\/Jorn-Enfermedades-Raras_20250926-scaled.jpg\"><img loading=\"lazy\" decoding=\"async\" class=\"size-large wp-image-30888122\" src=\"https:\/\/www.upo.es\/diario\/wp-content\/uploads\/2025\/09\/Jorn-Enfermedades-Raras_20250926-750x422.jpg\" alt=\"Juan Ram\u00f3n Mart\u00ednez, Francisco Oliva, Peter Askjaer y Jos\u00e9 M\u00aa Mill\u00e1n\" width=\"750\" height=\"422\" srcset=\"https:\/\/www.upo.es\/diario\/wp-content\/uploads\/2025\/09\/Jorn-Enfermedades-Raras_20250926-750x422.jpg 750w, https:\/\/www.upo.es\/diario\/wp-content\/uploads\/2025\/09\/Jorn-Enfermedades-Raras_20250926-420x236.jpg 420w, https:\/\/www.upo.es\/diario\/wp-content\/uploads\/2025\/09\/Jorn-Enfermedades-Raras_20250926-768x432.jpg 768w, https:\/\/www.upo.es\/diario\/wp-content\/uploads\/2025\/09\/Jorn-Enfermedades-Raras_20250926-1536x864.jpg 1536w, https:\/\/www.upo.es\/diario\/wp-content\/uploads\/2025\/09\/Jorn-Enfermedades-Raras_20250926-2048x1152.jpg 2048w, https:\/\/www.upo.es\/diario\/wp-content\/uploads\/2025\/09\/Jorn-Enfermedades-Raras_20250926-1320x742.jpg 1320w\" sizes=\"auto, (max-width: 750px) 100vw, 750px\" \/><\/a><figcaption id=\"caption-attachment-30888122\" class=\"wp-caption-text\">Juan Ram\u00f3n Mart\u00ednez, Francisco Oliva, Peter Askjaer y Jos\u00e9 M\u00aa Mill\u00e1n<\/figcaption><\/figure>\n<p>Organizadas por la Universidad Pablo de Olavide, el Centro Andaluz de Biolog\u00eda del Desarrollo (CABD) y el Centro de Investigaci\u00f3n Biom\u00e9dica en Red de Enfermedades Raras (CIBERER),<strong> las Jornadas &#8216;Pacientes protagonistas: impulsando la investigaci\u00f3n cl\u00ednica en Enfermedades Raras&#8217; han reunido esta ma\u00f1ana en el sal\u00f3n Rosalind Franklin del CABD a investigadores, cl\u00ednicos, familias y asociaciones de pacientes con el objetivo de reforzar la investigaci\u00f3n traslacional y destacar el papel activo de los afectados en el avance cient\u00edfico<\/strong>.<\/p>\n<figure id=\"attachment_30888123\" aria-describedby=\"caption-attachment-30888123\" style=\"width: 420px\" class=\"wp-caption alignright\"><a href=\"https:\/\/www.upo.es\/diario\/wp-content\/uploads\/2025\/09\/Jorn-Enfermedades-Raras_20250926-2-scaled.jpg\"><img loading=\"lazy\" decoding=\"async\" class=\"size-medium wp-image-30888123\" src=\"https:\/\/www.upo.es\/diario\/wp-content\/uploads\/2025\/09\/Jorn-Enfermedades-Raras_20250926-2-420x236.jpg\" alt=\"Carlos Santos Oca\u00f1a en las Jornadas\" width=\"420\" height=\"236\" srcset=\"https:\/\/www.upo.es\/diario\/wp-content\/uploads\/2025\/09\/Jorn-Enfermedades-Raras_20250926-2-420x236.jpg 420w, https:\/\/www.upo.es\/diario\/wp-content\/uploads\/2025\/09\/Jorn-Enfermedades-Raras_20250926-2-750x422.jpg 750w, https:\/\/www.upo.es\/diario\/wp-content\/uploads\/2025\/09\/Jorn-Enfermedades-Raras_20250926-2-768x432.jpg 768w, https:\/\/www.upo.es\/diario\/wp-content\/uploads\/2025\/09\/Jorn-Enfermedades-Raras_20250926-2-1536x864.jpg 1536w, https:\/\/www.upo.es\/diario\/wp-content\/uploads\/2025\/09\/Jorn-Enfermedades-Raras_20250926-2-2048x1152.jpg 2048w, https:\/\/www.upo.es\/diario\/wp-content\/uploads\/2025\/09\/Jorn-Enfermedades-Raras_20250926-2-1320x742.jpg 1320w\" sizes=\"auto, (max-width: 420px) 100vw, 420px\" \/><\/a><figcaption id=\"caption-attachment-30888123\" class=\"wp-caption-text\">Carlos Santos Oca\u00f1a<\/figcaption><\/figure>\n<p>El <a href=\"https:\/\/eventos.upo.es\/event_detail\/139658\/detail\/ii-jornadas-sobre-enfermedades-raras.html\">programa<\/a> incluy\u00f3 ponencias sobre gen\u00e9tica ocular, encefalopat\u00edas poco frecuentes, el s\u00edndrome de Schaaf-Yang y terapias g\u00e9nicas para la retinosis pigmentaria, as\u00ed como una mesa redonda dedicada a debatir el papel de los pacientes en la investigaci\u00f3n biom\u00e9dica, moderada por el profesor <strong>Carlos Santos Oca\u00f1a<\/strong>. Representantes de asociaciones como AEPMI, Cure KARS-Laia Foundation y FEDER compartieron reflexiones con investigadores del CABD y responsables del CIBERER. El debate puso de relieve la necesidad de que la investigaci\u00f3n no solo se realice para los pacientes, sino tambi\u00e9n con los pacientes.<\/p>\n<p>La sesi\u00f3n inaugural cont\u00f3 con la participaci\u00f3n de <strong>Francisco Oliva<\/strong>, rector de la UPO; <strong>Jos\u00e9 Mar\u00eda Mill\u00e1n<\/strong>, director cient\u00edfico del CIBERER; <strong>Peter Askjaer<\/strong>, director del CABD; y <strong>Juan Ram\u00f3n Mart\u00ednez Morales<\/strong>, director cient\u00edfico de la Unidad de Excelencia Mar\u00eda de Maeztu en el CABD.<\/p>\n<p><strong>Peter Askjaer subray\u00f3 la relaci\u00f3n entre la Biolog\u00eda del Desarrollo y las enfermedades raras<\/strong> y por ello \u00abexisten en el CABD ocho grupos que investigan en este \u00e1mbito; tres trabajan en las bases moleculares de las enfermedades raras y cinco grupos desarrollan los modelos animales y celulares que ayudan a diagnosticar y tratar estas enfermedades\u00bb. \u00abReunir a m\u00e9dicos, cient\u00edficos e investigadores y pacientes nos ayudar\u00e1 mucho a avanzar\u00bb, se\u00f1al\u00f3 el director del CABD.<\/p>\n<p>Por su parte, el rector de la Universidad Pablo de Olavide ha recordado que, aunque de baja prevalencia, las enfermedades raras afectan a m\u00e1s de tres millones de personas en Espa\u00f1a. <strong>\u00abPor ello la investigaci\u00f3n en este \u00e1mbito es esencial y las universidades p\u00fablicas asumimos ese compromiso\u00bb, ha afirmado Francisco Oliva<\/strong>, al tiempo que ha reclamado mayor financiaci\u00f3n para la ciencia en Espa\u00f1a y en Andaluc\u00eda. El rector ha resaltado el acierto de unas jornadas que empoderan al paciente y, junto a la investigaci\u00f3n, ha subrayado la importancia de contar tambi\u00e9n con una buena formaci\u00f3n. En este sentido, anunci\u00f3 que el calendario de implantaci\u00f3n del<strong> M\u00e1ster en Experimentaci\u00f3n en Enfermedades Raras de la Universidad Pablo de Olavide ha sido publicado este viernes y, seg\u00fan el mismo, ser\u00e1 una realidad para el curso 2027\/2028<\/strong>.<\/p>\n<p>Las II Jornadas sobre Enfermedades Raras han contado con el patrocinio de la <strong>Unidad de Excelencia Mar\u00eda de Maeztu<\/strong> y la <strong>Fundaci\u00f3n Instituto Biomol<\/strong>.<\/p>\n","protected":false},"excerpt":{"rendered":"<p>Organizadas por la Universidad Pablo de Olavide, el Centro Andaluz de Biolog\u00eda del Desarrollo (CABD) y el Centro de Investigaci\u00f3n Biom\u00e9dica en Red de Enfermedades Raras (CIBERER), las Jornadas &#8216;Pacientes protagonistas: impulsando la investigaci\u00f3n cl\u00ednica en Enfermedades Raras&#8217; han reunido esta ma\u00f1ana en el sal\u00f3n Rosalind Franklin del CABD a investigadores, cl\u00ednicos, familias y asociaciones de pacientes con el objetivo de reforzar la investigaci\u00f3n traslacional y destacar el papel activo de los afectados en el avance cient\u00edfico.<\/p>\n","protected":false},"author":6,"featured_media":30888122,"comment_status":"closed","ping_status":"open","sticky":false,"template":"","format":"standard","meta":{"_monsterinsights_skip_tracking":false,"_monsterinsights_sitenote_active":false,"_monsterinsights_sitenote_note":"","_monsterinsights_sitenote_category":0,"footnotes":""},"categories":[2779],"tags":[43,1096,7841,5734,4021,84,2199,6300],"class_list":["post-30888117","post","type-post","status-publish","format-standard","has-post-thumbnail","hentry","category-docencia-formacion","tag-cabd","tag-ciberer","tag-enfermedad-mitocondrial","tag-enfermedad-rara","tag-francisco-oliva-blazquez","tag-jornadas","tag-peter-askjaer","tag-terapias"],"_links":{"self":[{"href":"https:\/\/www.upo.es\/diario\/wp-json\/wp\/v2\/posts\/30888117","targetHints":{"allow":["GET"]}}],"collection":[{"href":"https:\/\/www.upo.es\/diario\/wp-json\/wp\/v2\/posts"}],"about":[{"href":"https:\/\/www.upo.es\/diario\/wp-json\/wp\/v2\/types\/post"}],"author":[{"embeddable":true,"href":"https:\/\/www.upo.es\/diario\/wp-json\/wp\/v2\/users\/6"}],"replies":[{"embeddable":true,"href":"https:\/\/www.upo.es\/diario\/wp-json\/wp\/v2\/comments?post=30888117"}],"version-history":[{"count":7,"href":"https:\/\/www.upo.es\/diario\/wp-json\/wp\/v2\/posts\/30888117\/revisions"}],"predecessor-version":[{"id":30888127,"href":"https:\/\/www.upo.es\/diario\/wp-json\/wp\/v2\/posts\/30888117\/revisions\/30888127"}],"wp:featuredmedia":[{"embeddable":true,"href":"https:\/\/www.upo.es\/diario\/wp-json\/wp\/v2\/media\/30888122"}],"wp:attachment":[{"href":"https:\/\/www.upo.es\/diario\/wp-json\/wp\/v2\/media?parent=30888117"}],"wp:term":[{"taxonomy":"category","embeddable":true,"href":"https:\/\/www.upo.es\/diario\/wp-json\/wp\/v2\/categories?post=30888117"},{"taxonomy":"post_tag","embeddable":true,"href":"https:\/\/www.upo.es\/diario\/wp-json\/wp\/v2\/tags?post=30888117"}],"curies":[{"name":"wp","href":"https:\/\/api.w.org\/{rel}","templated":true}]}}