{"id":30888252,"date":"2025-10-07T13:40:44","date_gmt":"2025-10-07T11:40:44","guid":{"rendered":"https:\/\/www.upo.es\/diario\/?p=30888252"},"modified":"2025-10-09T09:26:04","modified_gmt":"2025-10-09T07:26:04","slug":"la-universidad-pablo-de-olavide-acoge-este-miercoles-la-celebracion-de-la-ii-edicion-del-dia-de-las-nuevas-poblaciones","status":"publish","type":"post","link":"https:\/\/www.upo.es\/diario\/institucional\/2025\/10\/la-universidad-pablo-de-olavide-acoge-este-miercoles-la-celebracion-de-la-ii-edicion-del-dia-de-las-nuevas-poblaciones\/","title":{"rendered":"La Universidad Pablo de Olavide acoge este mi\u00e9rcoles la celebraci\u00f3n de la II edici\u00f3n del D\u00eda de las Nuevas Poblaciones"},"content":{"rendered":"<p><a href=\"https:\/\/www.upo.es\/diario\/wp-content\/uploads\/2025\/10\/Dia-Nuevas-Poblaciones-Olavide_cartel.png\"><img loading=\"lazy\" decoding=\"async\" class=\"size-large wp-image-30888254 alignright\" src=\"https:\/\/www.upo.es\/diario\/wp-content\/uploads\/2025\/10\/Dia-Nuevas-Poblaciones-Olavide_cartel-371x525.png\" alt=\"D\u00eda de la Fundaci\u00f3n de Municipios\" width=\"371\" height=\"525\" srcset=\"https:\/\/www.upo.es\/diario\/wp-content\/uploads\/2025\/10\/Dia-Nuevas-Poblaciones-Olavide_cartel-371x525.png 371w, https:\/\/www.upo.es\/diario\/wp-content\/uploads\/2025\/10\/Dia-Nuevas-Poblaciones-Olavide_cartel-297x420.png 297w, https:\/\/www.upo.es\/diario\/wp-content\/uploads\/2025\/10\/Dia-Nuevas-Poblaciones-Olavide_cartel-768x1086.png 768w, https:\/\/www.upo.es\/diario\/wp-content\/uploads\/2025\/10\/Dia-Nuevas-Poblaciones-Olavide_cartel-1086x1536.png 1086w, https:\/\/www.upo.es\/diario\/wp-content\/uploads\/2025\/10\/Dia-Nuevas-Poblaciones-Olavide_cartel-1448x2048.png 1448w, https:\/\/www.upo.es\/diario\/wp-content\/uploads\/2025\/10\/Dia-Nuevas-Poblaciones-Olavide_cartel-1320x1867.png 1320w, https:\/\/www.upo.es\/diario\/wp-content\/uploads\/2025\/10\/Dia-Nuevas-Poblaciones-Olavide_cartel.png 1786w\" sizes=\"auto, (max-width: 371px) 100vw, 371px\" \/><\/a>La <strong>Fundaci\u00f3n de Municipios Pablo de Olavide<\/strong>, instituci\u00f3n universitaria de \u00edndole cultural y social, celebrar\u00e1 este mi\u00e9rcoles 8 de octubre, la II edici\u00f3n del <strong>D\u00eda de las Nuevas Poblaciones<\/strong> en el campus de la Universidad Pablo de Olavide. Este evento adquiere este a\u00f1o una relevancia especial al enmarcarse en la <strong>conmemoraci\u00f3n del tricentenario del nacimiento del ilustrado peruano Don Pablo de Olavide y J\u00e1uregui<\/strong>.<\/p>\n<p>La jornada completa se desarrollar\u00e1 de 10:30 a 19:00 horas alrededor de la plaza de Am\u00e9rica de la UPO. El evento busca <strong>fomentar el v\u00ednculo entre la comunidad universitaria y los municipios fundados por Olavide en las provincias andaluzas de C\u00e1diz, Sevilla, C\u00f3rdoba y Ja\u00e9n<\/strong>, adem\u00e1s de promocionar su figura y pensamiento. Los municipios integrantes de la Fundaci\u00f3n son los siguientes: Aldeaquemada, Arquillos, Baeza, Ca\u00f1ada Rosal, Carboneros, Dos Hermanas, Fuente Carreteros, Fuente Palmera, Guarrom\u00e1n, La Carlota, La Carolina, La Luisiana, Montiz\u00f3n, Prado del Rey, Santa Elena, San Sebasti\u00e1n de los Ballesteros y Sevilla.<\/p>\n<p>El epicentro de la celebraci\u00f3n ser\u00e1 el Pasaje de la Ilustraci\u00f3n, donde los Ayuntamientos instalar\u00e1n stands para exponer y acercar su riqueza artesanal, tur\u00edstica y gastron\u00f3mica a la comunidad universitaria.<\/p>\n<p><a href=\"https:\/\/www.upo.es\/diario\/wp-content\/uploads\/2025\/10\/Cartel-presentacion-libro.png\"><img loading=\"lazy\" decoding=\"async\" class=\"alignright wp-image-30888255 size-thumbnail\" src=\"https:\/\/www.upo.es\/diario\/wp-content\/uploads\/2025\/10\/Cartel-presentacion-libro-300x300.png\" alt=\"presentaci\u00f3n del libro \u201cPablo de Olavide (1725-1803). El ilustrado\u201d, a cargo de su autor, Luis Perdices de Blas (sal\u00f3n de grados del edificio 7)\" width=\"300\" height=\"300\" srcset=\"https:\/\/www.upo.es\/diario\/wp-content\/uploads\/2025\/10\/Cartel-presentacion-libro-300x300.png 300w, https:\/\/www.upo.es\/diario\/wp-content\/uploads\/2025\/10\/Cartel-presentacion-libro-420x420.png 420w, https:\/\/www.upo.es\/diario\/wp-content\/uploads\/2025\/10\/Cartel-presentacion-libro-525x525.png 525w, https:\/\/www.upo.es\/diario\/wp-content\/uploads\/2025\/10\/Cartel-presentacion-libro-768x768.png 768w, https:\/\/www.upo.es\/diario\/wp-content\/uploads\/2025\/10\/Cartel-presentacion-libro.png 1080w\" sizes=\"auto, (max-width: 300px) 100vw, 300px\" \/><\/a>Por otro lado, la programaci\u00f3n acad\u00e9mica y cultural ser\u00e1 uno de los pilares de la jornada. Las actividades incluyen, a las 11:30 horas, la <strong>presentaci\u00f3n del libro &#8216;Pablo de Olavide (1725-1803). El ilustrado&#8217;<\/strong>, a cargo de su autor, Luis Perdices de Blas (sal\u00f3n de grados del edificio 7). Adem\u00e1s, estudiantes de la UPO ofrecer\u00e1n visitas guiadas por las instalaciones de la universidad a los vecinos de los municipios que estar\u00e1n presentes en este evento.<\/p>\n<p>Por la tarde, a las 17:00 horas, el Paraninfo acoger\u00e1 la representaci\u00f3n de la <strong>obra de teatro hist\u00f3rica &#8216;\u00bfQui\u00e9n va, \u00bfqui\u00e9n vive? \u00a1Con ustedes el gran Olavide!&#8217;<\/strong>, a cargo del grupo de teatro Cambalache, de la asociaci\u00f3n cultural Ram\u00f3n de Be\u00f1a, de la localidad de Fuente Palmera.<\/p>\n<p>Asimismo, uno de los atractivos principales ser\u00e1 la <strong>degustaci\u00f3n de platos y guisos t\u00edpicos de estas localidades<\/strong> en los soportales del Rectorado. Gracias a la participaci\u00f3n de la Escuela Superior de Hosteler\u00eda de Sevilla, se cocinar\u00e1n y servir\u00e1n guisos y platos tradicionales de las Nuevas Poblaciones. El almuerzo estar\u00e1 amenizado por m\u00fasica de en directo, fomentando un ambiente festivo y de convivencia.<\/p>\n<p>Este II D\u00eda de las Nuevas Poblaciones servir\u00e1 para poner de manifiesto la<strong> vigencia del legado de Pablo de Olavide<\/strong> y su empe\u00f1o en la fundaci\u00f3n de estas localidades bajo el Fuero de las Nuevas Poblaciones, marcando una cita fundamental en la conmemoraci\u00f3n del tricentenario de su nacimiento en este 2025 y fomentando el encuentro entre la vida universitaria y la esencia de estos municipios.<\/p>\n<p>&nbsp;<\/p>\n<p>Fuente: Fundaci\u00f3n Universidad Pablo de Olavide<\/p>\n","protected":false},"excerpt":{"rendered":"<p>Este evento, que se celebrar\u00e1 en el pasaje de la Ilustraci\u00f3n de la UPO, contar\u00e1 con una zona gastron\u00f3mica para degustar recetas t\u00edpicas de estos pueblos.<\/p>\n","protected":false},"author":6,"featured_media":30888257,"comment_status":"closed","ping_status":"open","sticky":false,"template":"","format":"standard","meta":{"_monsterinsights_skip_tracking":false,"_monsterinsights_sitenote_active":false,"_monsterinsights_sitenote_note":"","_monsterinsights_sitenote_category":0,"footnotes":""},"categories":[6],"tags":[548,3621,892,1008,2911,8611,8672,161],"class_list":["post-30888252","post","type-post","status-publish","format-standard","has-post-thumbnail","hentry","category-institucional","tag-cordoba","tag-fundacion-de-municipios-pablo-de-olavide","tag-gastronomia","tag-jaen","tag-la-ilustracion","tag-nuevas-poblaciones","tag-pablo-de-olavide-y-jauregui","tag-sevilla"],"_links":{"self":[{"href":"https:\/\/www.upo.es\/diario\/wp-json\/wp\/v2\/posts\/30888252","targetHints":{"allow":["GET"]}}],"collection":[{"href":"https:\/\/www.upo.es\/diario\/wp-json\/wp\/v2\/posts"}],"about":[{"href":"https:\/\/www.upo.es\/diario\/wp-json\/wp\/v2\/types\/post"}],"author":[{"embeddable":true,"href":"https:\/\/www.upo.es\/diario\/wp-json\/wp\/v2\/users\/6"}],"replies":[{"embeddable":true,"href":"https:\/\/www.upo.es\/diario\/wp-json\/wp\/v2\/comments?post=30888252"}],"version-history":[{"count":2,"href":"https:\/\/www.upo.es\/diario\/wp-json\/wp\/v2\/posts\/30888252\/revisions"}],"predecessor-version":[{"id":30888256,"href":"https:\/\/www.upo.es\/diario\/wp-json\/wp\/v2\/posts\/30888252\/revisions\/30888256"}],"wp:featuredmedia":[{"embeddable":true,"href":"https:\/\/www.upo.es\/diario\/wp-json\/wp\/v2\/media\/30888257"}],"wp:attachment":[{"href":"https:\/\/www.upo.es\/diario\/wp-json\/wp\/v2\/media?parent=30888252"}],"wp:term":[{"taxonomy":"category","embeddable":true,"href":"https:\/\/www.upo.es\/diario\/wp-json\/wp\/v2\/categories?post=30888252"},{"taxonomy":"post_tag","embeddable":true,"href":"https:\/\/www.upo.es\/diario\/wp-json\/wp\/v2\/tags?post=30888252"}],"curies":[{"name":"wp","href":"https:\/\/api.w.org\/{rel}","templated":true}]}}