{"id":30888258,"date":"2025-10-07T15:57:03","date_gmt":"2025-10-07T13:57:03","guid":{"rendered":"https:\/\/www.upo.es\/diario\/?p=30888258"},"modified":"2025-10-08T10:00:40","modified_gmt":"2025-10-08T08:00:40","slug":"la-catedra-prodetur-inicia-sus-actividades-de-analisis-y-estudio-de-la-empleabilidad-universitaria-en-sevilla","status":"publish","type":"post","link":"https:\/\/www.upo.es\/diario\/docencia-formacion\/2025\/10\/la-catedra-prodetur-inicia-sus-actividades-de-analisis-y-estudio-de-la-empleabilidad-universitaria-en-sevilla\/","title":{"rendered":"La C\u00e1tedra Prodetur inicia sus actividades de an\u00e1lisis y estudio de la empleabilidad universitaria en Sevilla"},"content":{"rendered":"<figure id=\"attachment_30888268\" aria-describedby=\"caption-attachment-30888268\" style=\"width: 750px\" class=\"wp-caption aligncenter\"><a href=\"https:\/\/www.upo.es\/diario\/wp-content\/uploads\/2025\/10\/07102025-Dialogos-Ed-Superior-Empleo-0190-scaled.jpg\"><img loading=\"lazy\" decoding=\"async\" class=\"wp-image-30888268 size-large\" src=\"https:\/\/www.upo.es\/diario\/wp-content\/uploads\/2025\/10\/07102025-Dialogos-Ed-Superior-Empleo-0190-750x422.jpg\" alt=\"Rafael Merinero, Laura L\u00f3pez y M. \u00c1ngels Huete en la presentaci\u00f3n de las Jornadas\" width=\"750\" height=\"422\" srcset=\"https:\/\/www.upo.es\/diario\/wp-content\/uploads\/2025\/10\/07102025-Dialogos-Ed-Superior-Empleo-0190-750x422.jpg 750w, https:\/\/www.upo.es\/diario\/wp-content\/uploads\/2025\/10\/07102025-Dialogos-Ed-Superior-Empleo-0190-420x236.jpg 420w, https:\/\/www.upo.es\/diario\/wp-content\/uploads\/2025\/10\/07102025-Dialogos-Ed-Superior-Empleo-0190-768x432.jpg 768w, https:\/\/www.upo.es\/diario\/wp-content\/uploads\/2025\/10\/07102025-Dialogos-Ed-Superior-Empleo-0190-1536x864.jpg 1536w, https:\/\/www.upo.es\/diario\/wp-content\/uploads\/2025\/10\/07102025-Dialogos-Ed-Superior-Empleo-0190-2048x1152.jpg 2048w, https:\/\/www.upo.es\/diario\/wp-content\/uploads\/2025\/10\/07102025-Dialogos-Ed-Superior-Empleo-0190-1320x743.jpg 1320w\" sizes=\"auto, (max-width: 750px) 100vw, 750px\" \/><\/a><figcaption id=\"caption-attachment-30888268\" class=\"wp-caption-text\">Rafael Merinero, Laura L\u00f3pez y M. \u00c1ngeles Huete en la presentaci\u00f3n de las Jornadas<\/figcaption><\/figure>\n<p>Las jornadas <strong>&#8216;Di\u00e1logos: Educaci\u00f3n Superior y Empleo&#8217;<\/strong> han dado inicio esta ma\u00f1ana a las actividades p\u00fablicas de la <a href=\"https:\/\/www.upo.es\/diario\/institucional\/2025\/02\/diputacion-upo-impulsaran-agenda-urbana-area-metropolitana-sevilla\/\">C\u00e1tedra Prodetur de desarrollo socioecon\u00f3mico de la provincia de Sevilla<\/a>. \u00a0<strong>Mar\u00eda \u00c1ngeles Huete y Rafael Merinero<\/strong>, codirectores de la C\u00e1tedra, junto a <strong>Laura L\u00f3pez de la Cruz<\/strong>, vicerrectora de Relaciones Institucionales, Formaci\u00f3n Permanente y Fundaciones, han presentado un programa centrado en la metodolog\u00eda necesaria para realizar el seguimiento de la empleabilidad de los universitarios y en c\u00f3mo mejorarla.<\/p>\n<p>\u00abGenerar conocimiento y actuaciones que permitan una mayor empleabilidad de los estudiantes es uno de los objetivos de la C\u00e1tedra Prodetur\u00bb, ha se\u00f1alado Mar\u00eda \u00c1ngeles Huete, que ha recordado que buena parte de los alumnos y alumnas de la Olavide provienen del \u00e1rea metropolitana y de la provincia de Sevilla.<\/p>\n<p>Por su parte, Laura L\u00f3pez de la Cruz ha destacado el papel que tienen las entidades p\u00fablicas y privadas \u00abpara desarrollar proyectos desde la Universidad que redunden en acciones reales que mejoran la sociedad\u00bb, en referencia a su papel clave a trav\u00e9s de las c\u00e1tedras y de la formaci\u00f3n continua con microcredenciales universitarias.<\/p>\n<p>El programa de &#8216;Di\u00e1logos: Educaci\u00f3n Superior y Empleo&#8217; ha comenzado con una mesa redonda dedicada al <strong>proyecto EUROGRADUATE<\/strong> \u2014en cuya pr\u00f3xima edici\u00f3n prevista para 2026 participar\u00e1 Espa\u00f1a\u2014 y a las metodolog\u00edas que se utilizan, combinando registros y encuestas tanto a nivel europeo como territorial y en los campus, en el an\u00e1lisis de la empleabilidad universitaria.<\/p>\n<p><a href=\"https:\/\/www.upo.es\/diario\/wp-content\/uploads\/2025\/10\/07102025-Dialogos-Ed-Superior-Empleo-0207-scaled.jpg\"><img loading=\"lazy\" decoding=\"async\" class=\"alignleft size-medium wp-image-30888269\" src=\"https:\/\/www.upo.es\/diario\/wp-content\/uploads\/2025\/10\/07102025-Dialogos-Ed-Superior-Empleo-0207-420x236.jpg\" alt=\"Mesa redonda EUROGRADUATE\" width=\"420\" height=\"236\" srcset=\"https:\/\/www.upo.es\/diario\/wp-content\/uploads\/2025\/10\/07102025-Dialogos-Ed-Superior-Empleo-0207-420x236.jpg 420w, https:\/\/www.upo.es\/diario\/wp-content\/uploads\/2025\/10\/07102025-Dialogos-Ed-Superior-Empleo-0207-750x422.jpg 750w, https:\/\/www.upo.es\/diario\/wp-content\/uploads\/2025\/10\/07102025-Dialogos-Ed-Superior-Empleo-0207-768x432.jpg 768w, https:\/\/www.upo.es\/diario\/wp-content\/uploads\/2025\/10\/07102025-Dialogos-Ed-Superior-Empleo-0207-1536x864.jpg 1536w, https:\/\/www.upo.es\/diario\/wp-content\/uploads\/2025\/10\/07102025-Dialogos-Ed-Superior-Empleo-0207-2048x1152.jpg 2048w, https:\/\/www.upo.es\/diario\/wp-content\/uploads\/2025\/10\/07102025-Dialogos-Ed-Superior-Empleo-0207-1320x743.jpg 1320w\" sizes=\"auto, (max-width: 420px) 100vw, 420px\" \/><\/a>\u00abNunca sobra formaci\u00f3n, cada vez es m\u00e1s necesaria, luego no debemos hablar de sobrecualificaci\u00f3n\u00bb, ha subrayado <strong>Amapola Povedano<\/strong>, directora general de Empleabilidad y Emprendimiento de la UPO, quien ha recordado que los j\u00f3venes que se grad\u00faan en la universidad tienen \u00abm\u00e1s y mejor empleabilidad\u00bb . Povedano D\u00edaz ha presentado a las personas que han participado en la mesa: <strong>Sandra Fachelli<\/strong>, directora acad\u00e9mica del Observatorio de Empleo de la Olavide; <strong>Juan Antonio Hern\u00e1ndez<\/strong>, del Instituto de Estad\u00edstica y Cartograf\u00eda de Andaluc\u00eda; y <strong>Beatriz Dacosta<\/strong>, del Instituto Nacional de Estad\u00edstica.<\/p>\n<p>Sandra Fachelli describi\u00f3 el trabajo desarrollado en el Observatorio de Empleo para adecuar a la UPO, tanto en la traducci\u00f3n de los conceptos como en la adaptaci\u00f3n cultural, la encuesta EUROGRADUATE, que estar\u00e1 coordinada en 2026 por el <em>European Higher Education Sector Observatory<\/em> (EHESO) . As\u00ed, dio a conocer que en el proyecto piloto para la Olavide se han introducido innovaciones en cuanto al origen social y a la perspectiva de G\u00e9nero. Fachelli hizo un llamamiento a la colaboraci\u00f3n entre instituciones de distintos \u00e1mbitos territoriales ya que \u00abla ampliaci\u00f3n de muestras de encuestas nacionales e internacionales tiene un grand\u00edsimo potencial para el estudio de la empleabilidad en las universidades\u00bb.<\/p>\n<p>Las jornadas contin\u00faan esta tarde con la mesa redonda &#8216;La inserci\u00f3n laboral: empleadores y la importancia de las pr\u00e1cticas universitarias&#8217;. La C\u00e1tedra Prodetur est\u00e1 financiada por la <strong>Diputaci\u00f3n de Sevilla<\/strong> y las jornadas cuentan con el apoyo del proyecto europeo <a href=\"https:\/\/webs.uab.cat\/incasi\/\">INCASI<\/a>, International Network for Comparative Analysis of Social Inequalities.<\/p>\n<p><a href=\"https:\/\/www.upo.es\/diario\/wp-content\/uploads\/2025\/10\/07102025-Dialogos-Ed-Superior-Empleo-0187-scaled.jpg\"><img loading=\"lazy\" decoding=\"async\" class=\"aligncenter size-large wp-image-30888270\" src=\"https:\/\/www.upo.es\/diario\/wp-content\/uploads\/2025\/10\/07102025-Dialogos-Ed-Superior-Empleo-0187-750x422.jpg\" alt=\"Cartel de las Jornadas Di\u00e1logos: Educaci\u00f3n Superior y Empleo\" width=\"750\" height=\"422\" srcset=\"https:\/\/www.upo.es\/diario\/wp-content\/uploads\/2025\/10\/07102025-Dialogos-Ed-Superior-Empleo-0187-750x422.jpg 750w, https:\/\/www.upo.es\/diario\/wp-content\/uploads\/2025\/10\/07102025-Dialogos-Ed-Superior-Empleo-0187-420x236.jpg 420w, https:\/\/www.upo.es\/diario\/wp-content\/uploads\/2025\/10\/07102025-Dialogos-Ed-Superior-Empleo-0187-768x432.jpg 768w, https:\/\/www.upo.es\/diario\/wp-content\/uploads\/2025\/10\/07102025-Dialogos-Ed-Superior-Empleo-0187-1536x864.jpg 1536w, https:\/\/www.upo.es\/diario\/wp-content\/uploads\/2025\/10\/07102025-Dialogos-Ed-Superior-Empleo-0187-2048x1152.jpg 2048w, https:\/\/www.upo.es\/diario\/wp-content\/uploads\/2025\/10\/07102025-Dialogos-Ed-Superior-Empleo-0187-1320x743.jpg 1320w\" sizes=\"auto, (max-width: 750px) 100vw, 750px\" \/><\/a><\/p>\n","protected":false},"excerpt":{"rendered":"<p>Las jornadas &#8216;Di\u00e1logos: Educaci\u00f3n Superior y Empleo&#8217; han dado inicio esta ma\u00f1ana a las actividades p\u00fablicas de la C\u00e1tedra Prodetur de desarrollo socioecon\u00f3mico de la provincia de Sevilla. \u00a0Mar\u00eda \u00c1ngeles Huete y Rafael Merinero, codirectores de la C\u00e1tedra, junto a Laura L\u00f3pez de la Cruz, vicerrectora de Relaciones Institucionales, Formaci\u00f3n Permanente y Fundaciones, han presentado un programa centrado en la metodolog\u00eda necesaria para realizar el seguimiento de la empleabilidad de los universitarios y en c\u00f3mo mejorarla.<\/p>\n","protected":false},"author":6,"featured_media":30888270,"comment_status":"closed","ping_status":"open","sticky":false,"template":"","format":"standard","meta":{"_monsterinsights_skip_tracking":false,"_monsterinsights_sitenote_active":false,"_monsterinsights_sitenote_note":"","_monsterinsights_sitenote_category":0,"footnotes":""},"categories":[2779],"tags":[8779,358,3690,3989,9298,1648,7698,6510],"class_list":["post-30888258","post","type-post","status-publish","format-standard","has-post-thumbnail","hentry","category-docencia-formacion","tag-amapola-povedano","tag-catedra","tag-diputacion-de-sevilla","tag-empleabilidad","tag-eurograduate","tag-laura-lopez-de-la-cruz","tag-observatorio-empleo","tag-prodetur"],"_links":{"self":[{"href":"https:\/\/www.upo.es\/diario\/wp-json\/wp\/v2\/posts\/30888258","targetHints":{"allow":["GET"]}}],"collection":[{"href":"https:\/\/www.upo.es\/diario\/wp-json\/wp\/v2\/posts"}],"about":[{"href":"https:\/\/www.upo.es\/diario\/wp-json\/wp\/v2\/types\/post"}],"author":[{"embeddable":true,"href":"https:\/\/www.upo.es\/diario\/wp-json\/wp\/v2\/users\/6"}],"replies":[{"embeddable":true,"href":"https:\/\/www.upo.es\/diario\/wp-json\/wp\/v2\/comments?post=30888258"}],"version-history":[{"count":13,"href":"https:\/\/www.upo.es\/diario\/wp-json\/wp\/v2\/posts\/30888258\/revisions"}],"predecessor-version":[{"id":30888274,"href":"https:\/\/www.upo.es\/diario\/wp-json\/wp\/v2\/posts\/30888258\/revisions\/30888274"}],"wp:featuredmedia":[{"embeddable":true,"href":"https:\/\/www.upo.es\/diario\/wp-json\/wp\/v2\/media\/30888270"}],"wp:attachment":[{"href":"https:\/\/www.upo.es\/diario\/wp-json\/wp\/v2\/media?parent=30888258"}],"wp:term":[{"taxonomy":"category","embeddable":true,"href":"https:\/\/www.upo.es\/diario\/wp-json\/wp\/v2\/categories?post=30888258"},{"taxonomy":"post_tag","embeddable":true,"href":"https:\/\/www.upo.es\/diario\/wp-json\/wp\/v2\/tags?post=30888258"}],"curies":[{"name":"wp","href":"https:\/\/api.w.org\/{rel}","templated":true}]}}