{"id":30888282,"date":"2025-10-08T13:07:20","date_gmt":"2025-10-08T11:07:20","guid":{"rendered":"https:\/\/www.upo.es\/diario\/?p=30888282"},"modified":"2025-10-20T12:56:48","modified_gmt":"2025-10-20T10:56:48","slug":"la-upo-pone-el-foco-en-la-proteccion-de-la-infancia-frente-a-la-violencia-sexual-en-las-ii-jornadas-de-victimologia","status":"publish","type":"post","link":"https:\/\/www.upo.es\/diario\/docencia-formacion\/2025\/10\/la-upo-pone-el-foco-en-la-proteccion-de-la-infancia-frente-a-la-violencia-sexual-en-las-ii-jornadas-de-victimologia\/","title":{"rendered":"La UPO pone el foco en la protecci\u00f3n de la infancia frente a la violencia sexual en las II Jornadas de Victimolog\u00eda"},"content":{"rendered":"<p><a href=\"https:\/\/www.upo.es\/diario\/wp-content\/uploads\/2025\/10\/07102025-Jorn-Victimologia-0234-scaled.jpg\"><img loading=\"lazy\" decoding=\"async\" class=\"aligncenter wp-image-30888284 size-large\" src=\"https:\/\/www.upo.es\/diario\/wp-content\/uploads\/2025\/10\/07102025-Jorn-Victimologia-0234-750x422.jpg\" alt=\"II Jornadas de Victimolog\u00eda, acto inaugural en la UPO\" width=\"750\" height=\"422\" srcset=\"https:\/\/www.upo.es\/diario\/wp-content\/uploads\/2025\/10\/07102025-Jorn-Victimologia-0234-750x422.jpg 750w, https:\/\/www.upo.es\/diario\/wp-content\/uploads\/2025\/10\/07102025-Jorn-Victimologia-0234-420x236.jpg 420w, https:\/\/www.upo.es\/diario\/wp-content\/uploads\/2025\/10\/07102025-Jorn-Victimologia-0234-768x432.jpg 768w, https:\/\/www.upo.es\/diario\/wp-content\/uploads\/2025\/10\/07102025-Jorn-Victimologia-0234-1536x864.jpg 1536w, https:\/\/www.upo.es\/diario\/wp-content\/uploads\/2025\/10\/07102025-Jorn-Victimologia-0234-2048x1152.jpg 2048w, https:\/\/www.upo.es\/diario\/wp-content\/uploads\/2025\/10\/07102025-Jorn-Victimologia-0234-1320x743.jpg 1320w\" sizes=\"auto, (max-width: 750px) 100vw, 750px\" \/><\/a>La Universidad Pablo de Olavide celebra los d\u00edas 7 y 8 de octubre de 2025 las <a href=\"https:\/\/eventos.upo.es\/138658\/detail\/ii-jornadas-de-victimologia-proteccion-a-la-infancia-victima-de-violencia-sexual-ante-el-sistema-de.html\">II Jornadas de Victimolog\u00eda: Protecci\u00f3n a la infancia v\u00edctima de violencia sexual ante el sistema de justicia penal<\/a>, dirigidas por <strong>Manuel Jos\u00e9 Garc\u00eda Rodr\u00edguez<\/strong>, profesor de Derecho Penal y Criminolog\u00eda en la UPO. Las sesiones, en el Sal\u00f3n de Grados del Edificio 7 y en la Biblioteca, fueron presentadas este martes por la tarde en un acto que cont\u00f3 con la presencia de <strong>Jes\u00fas Maeztu, Defensor de la Infancia y Adolescencia de Andaluc\u00eda<\/strong>.<\/p>\n<p>El programa comenz\u00f3 tras un acto inaugural presidido por <strong>Laura G\u00f3mez Ru\u00edz<\/strong>, vicerrectora de Cultura y Pol\u00edticas Sociales de la UPO; <strong>C\u00e9sar Hornero<\/strong>, decano de la Facultad de Derecho; <strong>Pastora Garc\u00eda \u00c1lvarez<\/strong>, directora del Grupo Interuniversitario e Interdisciplinario de Investigaciones sobre la Criminalidad; junto al director de las Jornadas y Maeztu que ofreci\u00f3 a continuaci\u00f3n la primera ponencia titulada &#8216;Garant\u00eda de los derechos de la infancia y adolescencia v\u00edctima de violencia en Andaluc\u00eda desde la perspectiva del Defensor en el marco legal vigente&#8217;.<\/p>\n<figure id=\"attachment_30888290\" aria-describedby=\"caption-attachment-30888290\" style=\"width: 420px\" class=\"wp-caption alignright\"><a href=\"https:\/\/www.upo.es\/diario\/wp-content\/uploads\/2025\/10\/07102025-Jorn-Victimologia-0269.jpg\"><img loading=\"lazy\" decoding=\"async\" class=\"wp-image-30888290 size-medium\" src=\"https:\/\/www.upo.es\/diario\/wp-content\/uploads\/2025\/10\/07102025-Jorn-Victimologia-0269-420x280.jpg\" alt=\"Jes\u00fas Maeztu durante su intervenci\u00f3n en las Jornadas de Victimolog\u00eda\" width=\"420\" height=\"280\" srcset=\"https:\/\/www.upo.es\/diario\/wp-content\/uploads\/2025\/10\/07102025-Jorn-Victimologia-0269-420x280.jpg 420w, https:\/\/www.upo.es\/diario\/wp-content\/uploads\/2025\/10\/07102025-Jorn-Victimologia-0269-750x500.jpg 750w, https:\/\/www.upo.es\/diario\/wp-content\/uploads\/2025\/10\/07102025-Jorn-Victimologia-0269-768x512.jpg 768w, https:\/\/www.upo.es\/diario\/wp-content\/uploads\/2025\/10\/07102025-Jorn-Victimologia-0269-1536x1024.jpg 1536w, https:\/\/www.upo.es\/diario\/wp-content\/uploads\/2025\/10\/07102025-Jorn-Victimologia-0269-2048x1365.jpg 2048w, https:\/\/www.upo.es\/diario\/wp-content\/uploads\/2025\/10\/07102025-Jorn-Victimologia-0269-165x109.jpg 165w, https:\/\/www.upo.es\/diario\/wp-content\/uploads\/2025\/10\/07102025-Jorn-Victimologia-0269-1320x880.jpg 1320w\" sizes=\"auto, (max-width: 420px) 100vw, 420px\" \/><\/a><figcaption id=\"caption-attachment-30888290\" class=\"wp-caption-text\">Jes\u00fas Maeztu durante su intervenci\u00f3n en las II Jornadas de Victimolog\u00eda<\/figcaption><\/figure>\n<p><strong>\u00abFrente a la violencia sexual en la infancia, no hemos hecho todo lo que deb\u00edamos para prevenirla\u00bb, afirm\u00f3 Jes\u00fas Maeztu<\/strong>, quien destac\u00f3 que, a pesar de que Espa\u00f1a cuenta \u00abcon un marco legal de calado contra la violencia hacia los ni\u00f1os, de nada sirve si no est\u00e1 acompa\u00f1ado de un compromiso de toda la sociedad\u00bb. \u00abToda violencia sobre la infancia representa un fracaso de la sociedad por no poder protegerla\u00bb, a\u00f1adi\u00f3.<\/p>\n<p><strong>El Defensor de la Infancia y Adolescencia de Andaluc\u00eda afirm\u00f3 que la violencia que sufren los ni\u00f1os y adolescentes \u00abes mucho mayor de la que imaginamos, y con consecuencias terribles<\/strong>, porque entornos que deb\u00edan de ser seguros para ellos \u2014la familia y la escuela\u2014 no lo son\u00bb. En este sentido, Maeztu explic\u00f3 que el abuso sexual es la violencia m\u00e1s invisible y \u00abse produce en entornos muy cercanos a los ni\u00f1os, que pasan a convertirse en entornos de agresi\u00f3n\u00bb. Insisti\u00f3 en la necesidad de visibilizarla \u00abpara as\u00ed poner medios para evitarla\u00bb y sobre los procesos judiciales afirm\u00f3 que \u00ablo que deber\u00eda ser un camino de reparaci\u00f3n se convierte en una senda de dolor, con causas que duran hasta cinco a\u00f1os\u00bb.<\/p>\n<p>Las II Jornadas de Victimolog\u00eda re\u00fanen a <strong>profesorado y profesionales del derecho, servicios sociales y atenci\u00f3n psicol\u00f3gica para alinear est\u00e1ndares internacionales y europeos con la pr\u00e1ctica procesal espa\u00f1ola, y para avanzar hacia el modelo Barnahus<\/strong> de atenci\u00f3n integral y prueba preconstituida, con especial atenci\u00f3n a evitar la victimizaci\u00f3n secundaria; han sido organizadas por el Grupo Interuniversitario e Interdisciplinario de Investigaciones sobre la Criminalidad\u00a0 y por el Proyecto I+D+i &#8216;Victimizaci\u00f3n sexual y proceso penal: percepci\u00f3n, protecci\u00f3n, participaci\u00f3n y reparaci\u00f3n (2024-2027)&#8217;.<\/p>\n","protected":false},"excerpt":{"rendered":"<p>La Universidad Pablo de Olavide celebra los d\u00edas 7 y 8 de octubre de 2025 las II Jornadas de Victimolog\u00eda: Protecci\u00f3n a la infancia v\u00edctima de violencia sexual ante el sistema de justicia penal, dirigidas por Manuel Jos\u00e9 Garc\u00eda Rodr\u00edguez, profesor de Derecho Penal y Criminolog\u00eda. Las sesiones, en el Sal\u00f3n de Grados del Edificio 7 y en la Biblioteca, fueron presentadas este martes por la tarde en un acto que cont\u00f3 con la presencia de Jes\u00fas Maeztu, Defensor de la Infancia y Adolescencia de Andaluc\u00eda.<\/p>\n","protected":false},"author":6,"featured_media":30888290,"comment_status":"closed","ping_status":"open","sticky":false,"template":"","format":"standard","meta":{"_monsterinsights_skip_tracking":false,"_monsterinsights_sitenote_active":false,"_monsterinsights_sitenote_note":"","_monsterinsights_sitenote_category":0,"footnotes":""},"categories":[2779],"tags":[1141,4518,2544,842,81,451,84,9299],"class_list":["post-30888282","post","type-post","status-publish","format-standard","has-post-thumbnail","hentry","category-docencia-formacion","tag-adolescencia","tag-area-de-derecho-procesal","tag-defensor-del-pueblo-andaluz","tag-derecho-penal","tag-facultad-de-derecho","tag-infancia","tag-jornadas","tag-victimologia"],"_links":{"self":[{"href":"https:\/\/www.upo.es\/diario\/wp-json\/wp\/v2\/posts\/30888282","targetHints":{"allow":["GET"]}}],"collection":[{"href":"https:\/\/www.upo.es\/diario\/wp-json\/wp\/v2\/posts"}],"about":[{"href":"https:\/\/www.upo.es\/diario\/wp-json\/wp\/v2\/types\/post"}],"author":[{"embeddable":true,"href":"https:\/\/www.upo.es\/diario\/wp-json\/wp\/v2\/users\/6"}],"replies":[{"embeddable":true,"href":"https:\/\/www.upo.es\/diario\/wp-json\/wp\/v2\/comments?post=30888282"}],"version-history":[{"count":10,"href":"https:\/\/www.upo.es\/diario\/wp-json\/wp\/v2\/posts\/30888282\/revisions"}],"predecessor-version":[{"id":30888319,"href":"https:\/\/www.upo.es\/diario\/wp-json\/wp\/v2\/posts\/30888282\/revisions\/30888319"}],"wp:featuredmedia":[{"embeddable":true,"href":"https:\/\/www.upo.es\/diario\/wp-json\/wp\/v2\/media\/30888290"}],"wp:attachment":[{"href":"https:\/\/www.upo.es\/diario\/wp-json\/wp\/v2\/media?parent=30888282"}],"wp:term":[{"taxonomy":"category","embeddable":true,"href":"https:\/\/www.upo.es\/diario\/wp-json\/wp\/v2\/categories?post=30888282"},{"taxonomy":"post_tag","embeddable":true,"href":"https:\/\/www.upo.es\/diario\/wp-json\/wp\/v2\/tags?post=30888282"}],"curies":[{"name":"wp","href":"https:\/\/api.w.org\/{rel}","templated":true}]}}