{"id":30888322,"date":"2025-10-09T13:42:53","date_gmt":"2025-10-09T11:42:53","guid":{"rendered":"https:\/\/www.upo.es\/diario\/?p=30888322"},"modified":"2025-10-09T13:46:35","modified_gmt":"2025-10-09T11:46:35","slug":"formacion-voluntariado-curso-2025-2026","status":"publish","type":"post","link":"https:\/\/www.upo.es\/diario\/cultura-social\/2025\/10\/formacion-voluntariado-curso-2025-2026\/","title":{"rendered":"Arranca la formaci\u00f3n en materia de voluntariado del curso 2025\/2026"},"content":{"rendered":"<figure id=\"attachment_30888323\" aria-describedby=\"caption-attachment-30888323\" style=\"width: 750px\" class=\"wp-caption aligncenter\"><a href=\"https:\/\/www.upo.es\/diario\/wp-content\/uploads\/2025\/10\/IMG_1078-scaled.jpg\"><img loading=\"lazy\" decoding=\"async\" class=\"size-large wp-image-30888323\" src=\"https:\/\/www.upo.es\/diario\/wp-content\/uploads\/2025\/10\/IMG_1078-750x500.jpg\" alt=\"\" width=\"750\" height=\"500\" srcset=\"https:\/\/www.upo.es\/diario\/wp-content\/uploads\/2025\/10\/IMG_1078-750x500.jpg 750w, https:\/\/www.upo.es\/diario\/wp-content\/uploads\/2025\/10\/IMG_1078-420x280.jpg 420w, https:\/\/www.upo.es\/diario\/wp-content\/uploads\/2025\/10\/IMG_1078-768x512.jpg 768w, https:\/\/www.upo.es\/diario\/wp-content\/uploads\/2025\/10\/IMG_1078-1536x1024.jpg 1536w, https:\/\/www.upo.es\/diario\/wp-content\/uploads\/2025\/10\/IMG_1078-2048x1365.jpg 2048w, https:\/\/www.upo.es\/diario\/wp-content\/uploads\/2025\/10\/IMG_1078-165x109.jpg 165w, https:\/\/www.upo.es\/diario\/wp-content\/uploads\/2025\/10\/IMG_1078-1320x880.jpg 1320w\" sizes=\"auto, (max-width: 750px) 100vw, 750px\" \/><\/a><figcaption id=\"caption-attachment-30888323\" class=\"wp-caption-text\">La vicerrectora de Cultura y Pol\u00edticas Sociales, Laura G\u00f3mez (tercera por la izquierda) ha dado la bienvenida a las personas voluntarias que comienzan su formaci\u00f3n.<\/figcaption><\/figure>\n<p>El Vicerrectorado de Cultura y Pol\u00edticas Sociales, a trav\u00e9s de la Oficina de Voluntariado y Compromiso Social, ha iniciado la formaci\u00f3n para personas voluntarias incluida dentro del <strong>Programa de Voluntariado Universitario de la UPO<\/strong> para el curso acad\u00e9mico 2025\/2026. Una actividad financiada gracias a las subvenciones destinadas a la realizaci\u00f3n de programas de voluntariado universitario de la Consejer\u00eda de Inclusi\u00f3n Social, Juventud, Familias e Igualdad.<\/p>\n<p>La vicerrectora de Cultura y Pol\u00edticas Sociales, Laura G\u00f3mez Ruiz, ha sido la encargada de dar la bienvenida a las m\u00e1s de 90 personas que participan en esta primera sesi\u00f3n formativa que tiene como objetivo proporcionar unas nociones b\u00e1sicas sobre los distintos \u00e1mbitos de actuaci\u00f3n, a la vez que introduce a las personas que en este curso se inician en el voluntariado y en c\u00f3mo pueden comenzar a colaborar con las distintas entidades. La formaci\u00f3n ha estado impartida por Cosette Franco Mu\u00f1oz, doctora en Ciencias Sociales, pedagoga y antrop\u00f3loga, con gran experiencia en el \u00e1mbito social y del voluntariado.<\/p>\n<p>Esta actividad, esencial para poder realizar una buena colaboraci\u00f3n, contar\u00e1 con otra segunda sesi\u00f3n el pr\u00f3ximo jueves 16 de octubre en horario de 16,00 a 20,00 horas. Adem\u00e1s, desde la Universidad Pablo de Olavide, se apuesta por estas jornadas de sensibilizaci\u00f3n como v\u00eda para que el alumnado pueda optar a desarrollar su voluntariado en cualquier momento del curso.<\/p>\n<p>La Oficina de Voluntariado y Compromiso Social, creada en el a\u00f1o 1999, es referente en materia de voluntariado universitario en Andaluc\u00eda y fue la primera entidad universitaria en apoyar la sensibilizaci\u00f3n y formaci\u00f3n en esta materia. A lo largo de los m\u00e1s de 25 a\u00f1os de vida de la oficina se ha convertido en un punto de encuentro entre las asociaciones y la comunidad universitaria, y ha acogido a m\u00e1s de 5000 personas voluntarias en las m\u00e1s de 300 actividades, programas y proyectos realizados.<\/p>\n<p>M\u00e1s informaci\u00f3n: <a href=\"https:\/\/www.upo.es\/upsc\/voluntariado\/sensibilizacion-y-formacion\/jornadas-y-cursos\/\">Programa de voluntariado universitario<\/a><\/p>\n<p>Fuente: Fundaci\u00f3n Universidad Pablo de Olavide<\/p>\n","protected":false},"excerpt":{"rendered":"<p>El Vicerrectorado de Cultura y Pol\u00edticas Sociales, a trav\u00e9s de la Oficina de Voluntariado y Compromiso Social, ha iniciado la formaci\u00f3n para personas voluntarias incluida dentro del Programa de Voluntariado Universitario de la UPO para el curso acad\u00e9mico 2025\/2026.<\/p>\n","protected":false},"author":4,"featured_media":30888323,"comment_status":"closed","ping_status":"open","sticky":false,"template":"","format":"standard","meta":{"_monsterinsights_skip_tracking":false,"_monsterinsights_sitenote_active":false,"_monsterinsights_sitenote_note":"","_monsterinsights_sitenote_category":0,"footnotes":""},"categories":[5843],"tags":[7484,7194,86],"class_list":["post-30888322","post","type-post","status-publish","format-standard","has-post-thumbnail","hentry","category-cultura-social","tag-oficina-de-voluntariado-y-compromiso-social","tag-vicerrectorado-de-cultura-y-politicas-sociales","tag-voluntariado"],"_links":{"self":[{"href":"https:\/\/www.upo.es\/diario\/wp-json\/wp\/v2\/posts\/30888322","targetHints":{"allow":["GET"]}}],"collection":[{"href":"https:\/\/www.upo.es\/diario\/wp-json\/wp\/v2\/posts"}],"about":[{"href":"https:\/\/www.upo.es\/diario\/wp-json\/wp\/v2\/types\/post"}],"author":[{"embeddable":true,"href":"https:\/\/www.upo.es\/diario\/wp-json\/wp\/v2\/users\/4"}],"replies":[{"embeddable":true,"href":"https:\/\/www.upo.es\/diario\/wp-json\/wp\/v2\/comments?post=30888322"}],"version-history":[{"count":1,"href":"https:\/\/www.upo.es\/diario\/wp-json\/wp\/v2\/posts\/30888322\/revisions"}],"predecessor-version":[{"id":30888325,"href":"https:\/\/www.upo.es\/diario\/wp-json\/wp\/v2\/posts\/30888322\/revisions\/30888325"}],"wp:featuredmedia":[{"embeddable":true,"href":"https:\/\/www.upo.es\/diario\/wp-json\/wp\/v2\/media\/30888323"}],"wp:attachment":[{"href":"https:\/\/www.upo.es\/diario\/wp-json\/wp\/v2\/media?parent=30888322"}],"wp:term":[{"taxonomy":"category","embeddable":true,"href":"https:\/\/www.upo.es\/diario\/wp-json\/wp\/v2\/categories?post=30888322"},{"taxonomy":"post_tag","embeddable":true,"href":"https:\/\/www.upo.es\/diario\/wp-json\/wp\/v2\/tags?post=30888322"}],"curies":[{"name":"wp","href":"https:\/\/api.w.org\/{rel}","templated":true}]}}