{"id":30888331,"date":"2025-10-10T13:02:07","date_gmt":"2025-10-10T11:02:07","guid":{"rendered":"https:\/\/www.upo.es\/diario\/?p=30888331"},"modified":"2025-10-20T12:56:28","modified_gmt":"2025-10-20T10:56:28","slug":"proyectos-investigacion-upo-premiados-programa-daciu-altas-capacidades","status":"publish","type":"post","link":"https:\/\/www.upo.es\/diario\/comunidad\/2025\/10\/proyectos-investigacion-upo-premiados-programa-daciu-altas-capacidades\/","title":{"rendered":"Dos proyectos de investigaci\u00f3n de la UPO, premiados en el concurso nacional del Programa DACIU de Altas Capacidades"},"content":{"rendered":"<figure id=\"attachment_30888332\" aria-describedby=\"caption-attachment-30888332\" style=\"width: 750px\" class=\"wp-caption aligncenter\"><a href=\"https:\/\/www.upo.es\/diario\/wp-content\/uploads\/2025\/10\/Premio-DACIU-2.png\"><img loading=\"lazy\" decoding=\"async\" class=\"size-large wp-image-30888332\" src=\"https:\/\/www.upo.es\/diario\/wp-content\/uploads\/2025\/10\/Premio-DACIU-2-750x499.png\" alt=\"\" width=\"750\" height=\"499\" srcset=\"https:\/\/www.upo.es\/diario\/wp-content\/uploads\/2025\/10\/Premio-DACIU-2-750x499.png 750w, https:\/\/www.upo.es\/diario\/wp-content\/uploads\/2025\/10\/Premio-DACIU-2-420x280.png 420w, https:\/\/www.upo.es\/diario\/wp-content\/uploads\/2025\/10\/Premio-DACIU-2-768x511.png 768w, https:\/\/www.upo.es\/diario\/wp-content\/uploads\/2025\/10\/Premio-DACIU-2-165x109.png 165w, https:\/\/www.upo.es\/diario\/wp-content\/uploads\/2025\/10\/Premio-DACIU-2.png 850w\" sizes=\"auto, (max-width: 750px) 100vw, 750px\" \/><\/a><figcaption id=\"caption-attachment-30888332\" class=\"wp-caption-text\">Daniel Jurado y M\u00aa Jes\u00fas S\u00e1nchez Exp\u00f3sito (primera fila) y Nicol\u00e1s Dabrio y M\u00aa Jes\u00fas Blanco (segunda fila)<\/figcaption><\/figure>\n<p>Los estudiantes de la Universidad Pablo de Olavide <strong>Daniel Jurado Conejo y Nicol\u00e1s Dabrio D\u00edaz<\/strong>, pertenecientes al <a href=\"https:\/\/daciu.com\/\">programa de excelencia \u2018Desarrollo de las Altas Capacidades Intelectuales en la Universidad\u2019 (DACIU)<\/a>, promovido por la Fundaci\u00f3n Avanza, han sido premiados por sus proyectos de investigaci\u00f3n, junto a sus tutoras, en el <strong>concurso nacional del Programa DACIU<\/strong>, que promueve la investigaci\u00f3n y el talento joven en colaboraci\u00f3n con el profesorado universitario.<\/p>\n<p>El trabajo titulado <strong>\u2018La influencia del g\u00e9nero en las preferencias de incentivos y conciliaci\u00f3n laboral\u2019 <\/strong>realizado por <strong>Daniel Jurado Conejo<\/strong>, alumno del Doble Grado en Trabajo Social y Sociolog\u00eda de la UPO, y tutorizado por la profesora <strong>Mar\u00eda Jes\u00fas S\u00e1nchez Exp\u00f3sito<\/strong> del \u00c1rea de Econom\u00eda Financiera y Contabilidad, ha obtenido <strong>el segundo premio nacional<\/strong>. Este estudio exploratorio analiza las preferencias de incentivos laborales entre hombres y mujeres, analizando c\u00f3mo el g\u00e9nero interact\u00faa con otros factores demogr\u00e1ficos y socioecon\u00f3micos para influir en las decisiones relacionadas con el empleo. El objetivo principal es proporcionar una comprensi\u00f3n m\u00e1s profunda de los factores que motivan a hombres y mujeres en el \u00e1mbito laboral, con el fin de desarrollar estrategias de recursos humanos m\u00e1s equitativas y efectivas.<\/p>\n<p>Por su parte, el <strong>tercer premio nacional<\/strong> ha sido concedido al trabajo <strong>\u2018Luces y sombras en la realidad pr\u00e1ctica del RGPD\u2019<\/strong>, realizado por <strong>Nicol\u00e1s Dabrio D\u00edaz<\/strong>, estudiante del Doble Grado en Derecho y Relaciones Laborales y Recursos Humanos de la UPO, y supervisado por<strong> Mar\u00eda Jes\u00fas Blanco S\u00e1nchez<\/strong>, profesora del \u00c1rea de Derecho Mercantil. Esta investigaci\u00f3n analiza la influencia del Reglamento General de Protecci\u00f3n de Datos (RGPD) en la nueva era de la informaci\u00f3n, caracterizada por la creciente preocupaci\u00f3n por la privacidad y la mercantilizaci\u00f3n de datos personales como herramienta de an\u00e1lisis de mercados.<\/p>\n<p><strong>Programa DACIU<\/strong><strong>\u00a0<\/strong><\/p>\n<p>Los <a href=\"https:\/\/daciu.com\/colabora-con-los-premios-daciu-2025-y-apoya-el-talento-investigador\/\"><strong>Premios DACIU<\/strong><\/a> son un\u00a0certamen acad\u00e9mico para reconocer y dar visibilidad a trabajos de investigaci\u00f3n de estudiantes con altas capacidades intelectuales, promovido por la Universidad Pablo de Olavide y la Fundaci\u00f3n Avanza.\u00a0Los tres equipos m\u00e1s votados reciben premios econ\u00f3micos.<\/p>\n<p>El <strong>programa DACIU<\/strong> busca ir m\u00e1s all\u00e1 de los planes de estudios reglados de las universidades para brindar oportunidades de desarrollo personalizado a los estudiantes con altas capacidades intelectuales. Con este fin, la Fundaci\u00f3n Avanza ha desarrollado un plan de excelencia que se adapta a las necesidades de estos estudiantes, ofreci\u00e9ndoles un conjunto de actividades espec\u00edficas que les permiten desarrollar todo su potencial. Su planteamiento se basa en la personalizaci\u00f3n de la atenci\u00f3n al alumnado, con un ritmo de aprendizaje personal y con igualdad de oportunidades.<\/p>\n<p>El programa DACIU tiene como objetivo no solo potenciar el talento de los estudiantes universitarios con altas capacidades intelectuales, sino tambi\u00e9n contribuir al desarrollo de la sociedad en su conjunto a trav\u00e9s de la generaci\u00f3n de conocimiento, la investigaci\u00f3n y la innovaci\u00f3n.<\/p>\n<p>&nbsp;<\/p>\n<p>&nbsp;<\/p>\n","protected":false},"excerpt":{"rendered":"<p>Los estudiantes de la Universidad Pablo de Olavide Daniel Jurado Conejo y Nicol\u00e1s Dabrio D\u00edaz, pertenecientes al programa de excelencia \u2018Desarrollo de las Altas Capacidades Intelectuales en la Universidad\u2019 (DACIU), promovido por la Fundaci\u00f3n Avanza, han sido premiados por sus proyectos de investigaci\u00f3n, junto a sus tutoras, en el concurso nacional del Programa DACIU, que promueve la investigaci\u00f3n y el<a class=\"read-more\" href=\"https:\/\/www.upo.es\/diario\/comunidad\/2025\/10\/proyectos-investigacion-upo-premiados-programa-daciu-altas-capacidades\/\">[Read More&#8230;]<\/a><\/p>\n","protected":false},"author":4,"featured_media":30888332,"comment_status":"closed","ping_status":"open","sticky":false,"template":"","format":"standard","meta":{"_monsterinsights_skip_tracking":false,"_monsterinsights_sitenote_active":false,"_monsterinsights_sitenote_note":"","_monsterinsights_sitenote_category":0,"footnotes":""},"categories":[5842],"tags":[8460,8462,21,1030],"class_list":["post-30888331","post","type-post","status-publish","format-standard","has-post-thumbnail","hentry","category-comunidad","tag-altas-capacidades","tag-daciu","tag-estudiantes","tag-premios"],"_links":{"self":[{"href":"https:\/\/www.upo.es\/diario\/wp-json\/wp\/v2\/posts\/30888331","targetHints":{"allow":["GET"]}}],"collection":[{"href":"https:\/\/www.upo.es\/diario\/wp-json\/wp\/v2\/posts"}],"about":[{"href":"https:\/\/www.upo.es\/diario\/wp-json\/wp\/v2\/types\/post"}],"author":[{"embeddable":true,"href":"https:\/\/www.upo.es\/diario\/wp-json\/wp\/v2\/users\/4"}],"replies":[{"embeddable":true,"href":"https:\/\/www.upo.es\/diario\/wp-json\/wp\/v2\/comments?post=30888331"}],"version-history":[{"count":3,"href":"https:\/\/www.upo.es\/diario\/wp-json\/wp\/v2\/posts\/30888331\/revisions"}],"predecessor-version":[{"id":30888341,"href":"https:\/\/www.upo.es\/diario\/wp-json\/wp\/v2\/posts\/30888331\/revisions\/30888341"}],"wp:featuredmedia":[{"embeddable":true,"href":"https:\/\/www.upo.es\/diario\/wp-json\/wp\/v2\/media\/30888332"}],"wp:attachment":[{"href":"https:\/\/www.upo.es\/diario\/wp-json\/wp\/v2\/media?parent=30888331"}],"wp:term":[{"taxonomy":"category","embeddable":true,"href":"https:\/\/www.upo.es\/diario\/wp-json\/wp\/v2\/categories?post=30888331"},{"taxonomy":"post_tag","embeddable":true,"href":"https:\/\/www.upo.es\/diario\/wp-json\/wp\/v2\/tags?post=30888331"}],"curies":[{"name":"wp","href":"https:\/\/api.w.org\/{rel}","templated":true}]}}