{"id":30888354,"date":"2025-10-14T12:57:07","date_gmt":"2025-10-14T10:57:07","guid":{"rendered":"https:\/\/www.upo.es\/diario\/?p=30888354"},"modified":"2025-10-14T12:57:07","modified_gmt":"2025-10-14T10:57:07","slug":"comienza-el-iv-ciclo-de-conferencias-rosario-valpuesta-sobre-investigaciones-feministas","status":"publish","type":"post","link":"https:\/\/www.upo.es\/diario\/docencia-formacion\/2025\/10\/comienza-el-iv-ciclo-de-conferencias-rosario-valpuesta-sobre-investigaciones-feministas\/","title":{"rendered":"Comienza el IV Ciclo de Conferencias Rosario Valpuesta sobre investigaciones feministas"},"content":{"rendered":"<p>&nbsp;<\/p>\n<figure id=\"attachment_30888357\" aria-describedby=\"caption-attachment-30888357\" style=\"width: 750px\" class=\"wp-caption aligncenter\"><a href=\"https:\/\/www.upo.es\/diario\/wp-content\/uploads\/2025\/10\/Conf-RV1.jpg\"><img loading=\"lazy\" decoding=\"async\" class=\"size-large wp-image-30888357\" src=\"https:\/\/www.upo.es\/diario\/wp-content\/uploads\/2025\/10\/Conf-RV1-750x500.jpg\" alt=\"\" width=\"750\" height=\"500\" srcset=\"https:\/\/www.upo.es\/diario\/wp-content\/uploads\/2025\/10\/Conf-RV1-750x500.jpg 750w, https:\/\/www.upo.es\/diario\/wp-content\/uploads\/2025\/10\/Conf-RV1-420x280.jpg 420w, https:\/\/www.upo.es\/diario\/wp-content\/uploads\/2025\/10\/Conf-RV1-768x512.jpg 768w, https:\/\/www.upo.es\/diario\/wp-content\/uploads\/2025\/10\/Conf-RV1-1536x1024.jpg 1536w, https:\/\/www.upo.es\/diario\/wp-content\/uploads\/2025\/10\/Conf-RV1-2048x1366.jpg 2048w, https:\/\/www.upo.es\/diario\/wp-content\/uploads\/2025\/10\/Conf-RV1-165x109.jpg 165w, https:\/\/www.upo.es\/diario\/wp-content\/uploads\/2025\/10\/Conf-RV1-1320x880.jpg 1320w\" sizes=\"auto, (max-width: 750px) 100vw, 750px\" \/><\/a><figcaption id=\"caption-attachment-30888357\" class=\"wp-caption-text\">Ana Romero, Mora Vinokur y Paula Rodr\u00edguez.<\/figcaption><\/figure>\n<p>Hoy martes 14 de octubre ha comenzado la <strong>IV edici\u00f3n del Ciclo de Conferencias Rosario Valpuesta \u2018Investigaciones feministas desde la pr\u00e1ctica reflexiva\u2019<\/strong> que, con una periodicidad mensual, contar\u00e1 con nueve conferencias hasta el mes de junio y podr\u00e1n seguirse presencialmente y <em>online.<\/em><\/p>\n<p>El ciclo, organizado por el <strong><a href=\"https:\/\/www.upo.es\/cinef\/\">Centro Interdisciplinar de Estudios Feministas, de las Mujeres y de G\u00e9nero (CINEF)<\/a><\/strong> de la Universidad Pablo de Olavide, ha sido presentado por Paula Rodr\u00edguez Modro\u00f1o, directora del CINEF, y por la coordinadora del ciclo Ana Romero Abrio, profesora del \u00c1rea de Psicolog\u00eda Social de la UPO y colaboradora del CINEF.<\/p>\n<figure id=\"attachment_30888358\" aria-describedby=\"caption-attachment-30888358\" style=\"width: 280px\" class=\"wp-caption alignright\"><a href=\"https:\/\/www.upo.es\/diario\/wp-content\/uploads\/2025\/10\/Conf-RV2.jpg\"><img loading=\"lazy\" decoding=\"async\" class=\"size-medium wp-image-30888358\" src=\"https:\/\/www.upo.es\/diario\/wp-content\/uploads\/2025\/10\/Conf-RV2-280x420.jpg\" alt=\"\" width=\"280\" height=\"420\" srcset=\"https:\/\/www.upo.es\/diario\/wp-content\/uploads\/2025\/10\/Conf-RV2-280x420.jpg 280w, https:\/\/www.upo.es\/diario\/wp-content\/uploads\/2025\/10\/Conf-RV2-350x525.jpg 350w, https:\/\/www.upo.es\/diario\/wp-content\/uploads\/2025\/10\/Conf-RV2-768x1152.jpg 768w, https:\/\/www.upo.es\/diario\/wp-content\/uploads\/2025\/10\/Conf-RV2-1024x1536.jpg 1024w, https:\/\/www.upo.es\/diario\/wp-content\/uploads\/2025\/10\/Conf-RV2-1366x2048.jpg 1366w, https:\/\/www.upo.es\/diario\/wp-content\/uploads\/2025\/10\/Conf-RV2-1320x1980.jpg 1320w, https:\/\/www.upo.es\/diario\/wp-content\/uploads\/2025\/10\/Conf-RV2.jpg 1667w\" sizes=\"auto, (max-width: 280px) 100vw, 280px\" \/><\/a><figcaption id=\"caption-attachment-30888358\" class=\"wp-caption-text\">Mora Vinokur<\/figcaption><\/figure>\n<p>La primera ponencia con la que ha abierto el ciclo ha sido sobre <strong>\u2018Tiempo y cuidados. La canasta de crianza, una herramienta del Estado en Argentina para traducir en dinero los cuidados en la infancia\u2019<\/strong> impartido por <strong>Mora Vinokur<\/strong>, profesora de la Facultad de Ciencias Sociales de la Universidad de Argentina y becaria interna doctoral del Consejo Nacional de Investigaciones Cient\u00edficas y T\u00e9cnicas (CONICET).<\/p>\n<p>El IV Ciclo de Conferencias Rosario Valpuesta abordar\u00e1, a trav\u00e9s de nuevas ponencias, diferentes tem\u00e1ticas relacionadas con investigaciones feministas como el tiempo y los cuidados; las politicidades cuidadosas; mujeres migrantes; el feminismo e igualdad jur\u00eddica entre mujeres y hombres; la representaci\u00f3n pol\u00edtica de hombres y mujeres en programas electorales; c\u00f3mo superar las \u2018vidas trabajo\u2019; el movimiento <em>Black Lives Matter<\/em>; proyecto <em>UNTWIST<\/em>, y discapacidad visual y g\u00e9nero en la construcci\u00f3n de una sociedad inclusiva.<\/p>\n<p>El <strong>CINEF<\/strong> es un centro propio de investigaci\u00f3n de la UPO, creado para promover, potenciar y coordinar actividades sobre investigaci\u00f3n interdisciplinar y transferencia de conocimiento en materia de g\u00e9nero. El Ciclo Rosario Valpuesta, una de las actividades que impulsa, trata de abrir un espacio de debate sobre los \u00faltimos estudios en feminismo e igualdad de g\u00e9nero, uno de los principales temas a los que dedic\u00f3 su carrera acad\u00e9mica quien fuera primera rectora de la Universidad Pablo de Olavide.<\/p>\n<p><a href=\"https:\/\/www.upo.es\/diario\/wp-content\/uploads\/2025\/10\/IV-CCRV_25-26.pdf\">Programa completo aqu\u00ed<\/a><\/p>\n<p>&nbsp;<\/p>\n","protected":false},"excerpt":{"rendered":"<p>Ha comenzado la IV edici\u00f3n del Ciclo de Conferencias Rosario Valpuesta \u2018Investigaciones feministas desde la pr\u00e1ctica reflexiva\u2019 que, con una periodicidad mensual, contar\u00e1 con nueve conferencias hasta el mes de junio y podr\u00e1n seguirse presencialmente y online. El ciclo est\u00e1 organizado por el Centro Interdisciplinar de Estudios Feministas, de las Mujeres y de G\u00e9nero (CINEF) de la Universidad Pablo de Olavide.<\/p>\n","protected":false},"author":4,"featured_media":30888357,"comment_status":"closed","ping_status":"open","sticky":false,"template":"","format":"standard","meta":{"_monsterinsights_skip_tracking":false,"_monsterinsights_sitenote_active":false,"_monsterinsights_sitenote_note":"","_monsterinsights_sitenote_category":0,"footnotes":""},"categories":[2779],"tags":[1110,8041,890,336,5883,56,6244,536],"class_list":["post-30888354","post","type-post","status-publish","format-standard","has-post-thumbnail","hentry","category-docencia-formacion","tag-ciclo-de-conferencias","tag-cinef","tag-feminismo","tag-genero","tag-igualdad-de-genero","tag-investigacion","tag-perspectiva-de-genero","tag-rosario-valpuesta"],"_links":{"self":[{"href":"https:\/\/www.upo.es\/diario\/wp-json\/wp\/v2\/posts\/30888354","targetHints":{"allow":["GET"]}}],"collection":[{"href":"https:\/\/www.upo.es\/diario\/wp-json\/wp\/v2\/posts"}],"about":[{"href":"https:\/\/www.upo.es\/diario\/wp-json\/wp\/v2\/types\/post"}],"author":[{"embeddable":true,"href":"https:\/\/www.upo.es\/diario\/wp-json\/wp\/v2\/users\/4"}],"replies":[{"embeddable":true,"href":"https:\/\/www.upo.es\/diario\/wp-json\/wp\/v2\/comments?post=30888354"}],"version-history":[{"count":1,"href":"https:\/\/www.upo.es\/diario\/wp-json\/wp\/v2\/posts\/30888354\/revisions"}],"predecessor-version":[{"id":30888359,"href":"https:\/\/www.upo.es\/diario\/wp-json\/wp\/v2\/posts\/30888354\/revisions\/30888359"}],"wp:featuredmedia":[{"embeddable":true,"href":"https:\/\/www.upo.es\/diario\/wp-json\/wp\/v2\/media\/30888357"}],"wp:attachment":[{"href":"https:\/\/www.upo.es\/diario\/wp-json\/wp\/v2\/media?parent=30888354"}],"wp:term":[{"taxonomy":"category","embeddable":true,"href":"https:\/\/www.upo.es\/diario\/wp-json\/wp\/v2\/categories?post=30888354"},{"taxonomy":"post_tag","embeddable":true,"href":"https:\/\/www.upo.es\/diario\/wp-json\/wp\/v2\/tags?post=30888354"}],"curies":[{"name":"wp","href":"https:\/\/api.w.org\/{rel}","templated":true}]}}