{"id":30888380,"date":"2025-10-15T13:18:35","date_gmt":"2025-10-15T11:18:35","guid":{"rendered":"https:\/\/www.upo.es\/diario\/?p=30888380"},"modified":"2025-10-28T13:53:12","modified_gmt":"2025-10-28T12:53:12","slug":"la-universidad-pablo-de-olavide-incorpora-ocho-nuevas-entidades-a-su-programa-de-voluntariado-universitario","status":"publish","type":"post","link":"https:\/\/www.upo.es\/diario\/cultura-social\/2025\/10\/la-universidad-pablo-de-olavide-incorpora-ocho-nuevas-entidades-a-su-programa-de-voluntariado-universitario\/","title":{"rendered":"La Universidad Pablo de Olavide incorpora ocho nuevas entidades a su Programa de Voluntariado Universitario"},"content":{"rendered":"<p><a href=\"https:\/\/www.upo.es\/diario\/wp-content\/uploads\/2025\/10\/IMG_1212-scaled.jpg\"><img loading=\"lazy\" decoding=\"async\" class=\"aligncenter size-large wp-image-30888381\" src=\"https:\/\/www.upo.es\/diario\/wp-content\/uploads\/2025\/10\/IMG_1212-750x500.jpg\" alt=\"Representantes de Grupo Scout Spoletinum 725, Fundaci\u00f3n Centro Girasol, Amigos de los Mayores, Fundaci\u00f3n Cudeca, Down Sevilla, Fundaci\u00f3n Jos\u00e9 Manuel Lara, Asociaci\u00f3n Engloba y Asociaci\u00f3n de Enfermos y Familiares con Hipertensi\u00f3n Intracraneal Idiop\u00e1tica Pseudotumor Cerebri, con la vicerrectora de Cultura y Pol\u00edticas Sociales de la UPO\" width=\"750\" height=\"500\" srcset=\"https:\/\/www.upo.es\/diario\/wp-content\/uploads\/2025\/10\/IMG_1212-750x500.jpg 750w, https:\/\/www.upo.es\/diario\/wp-content\/uploads\/2025\/10\/IMG_1212-420x280.jpg 420w, https:\/\/www.upo.es\/diario\/wp-content\/uploads\/2025\/10\/IMG_1212-768x512.jpg 768w, https:\/\/www.upo.es\/diario\/wp-content\/uploads\/2025\/10\/IMG_1212-1536x1024.jpg 1536w, https:\/\/www.upo.es\/diario\/wp-content\/uploads\/2025\/10\/IMG_1212-2048x1365.jpg 2048w, https:\/\/www.upo.es\/diario\/wp-content\/uploads\/2025\/10\/IMG_1212-165x109.jpg 165w, https:\/\/www.upo.es\/diario\/wp-content\/uploads\/2025\/10\/IMG_1212-1320x880.jpg 1320w\" sizes=\"auto, (max-width: 750px) 100vw, 750px\" \/><\/a>La Oficina de Voluntariado y Compromiso Social, dependiente del Vicerrectorado de Cultura y Pol\u00edticas Sociales, ha suscrito ocho nuevos convenios de colaboraci\u00f3n con entidades sociales que <strong>se incorporan al Programa de Voluntariado Universitario de la UPO. Un programa que ofrece a la comunidad universitaria la posibilidad de realizar voluntariado y prestar as\u00ed su tiempo de manera altruista<\/strong>.<\/p>\n<p><a href=\"https:\/\/www.upo.es\/diario\/wp-content\/uploads\/2025\/10\/IMG_1134-scaled-e1760526756124.jpg\"><img loading=\"lazy\" decoding=\"async\" class=\"alignright size-medium wp-image-30888382\" src=\"https:\/\/www.upo.es\/diario\/wp-content\/uploads\/2025\/10\/IMG_1134-scaled-e1760526756124-420x220.jpg\" alt=\"Momento de la firma de los convenios\" width=\"420\" height=\"220\" srcset=\"https:\/\/www.upo.es\/diario\/wp-content\/uploads\/2025\/10\/IMG_1134-scaled-e1760526756124-420x220.jpg 420w, https:\/\/www.upo.es\/diario\/wp-content\/uploads\/2025\/10\/IMG_1134-scaled-e1760526756124-750x393.jpg 750w, https:\/\/www.upo.es\/diario\/wp-content\/uploads\/2025\/10\/IMG_1134-scaled-e1760526756124-768x402.jpg 768w, https:\/\/www.upo.es\/diario\/wp-content\/uploads\/2025\/10\/IMG_1134-scaled-e1760526756124-1536x804.jpg 1536w, https:\/\/www.upo.es\/diario\/wp-content\/uploads\/2025\/10\/IMG_1134-scaled-e1760526756124-2048x1072.jpg 2048w, https:\/\/www.upo.es\/diario\/wp-content\/uploads\/2025\/10\/IMG_1134-scaled-e1760526756124-1320x691.jpg 1320w\" sizes=\"auto, (max-width: 420px) 100vw, 420px\" \/><\/a>En concreto, las entidades que se han incorporado con esta firma al programa de voluntariado son: <strong>Grupo Scout Spoletinum 725, Fundaci\u00f3n Centro Girasol, Amigos de los Mayores, Fundaci\u00f3n Cudeca, Down Sevilla, Fundaci\u00f3n Jos\u00e9 Manuel Lara, Asociaci\u00f3n Engloba y Asociaci\u00f3n de Enfermos y Familiares con Hipertensi\u00f3n Intracraneal Idiop\u00e1tica Pseudotumor Cerebri<\/strong>. La Oficina de Voluntariado y Compromiso Social colabora actualmente con unas 140 asociaciones en actividades solidarias y de ellas unas 70 asociaciones acogen en sus programas a personas voluntarias que tienen la posibilidad de colaborar a lo largo del curso en m\u00e1s de 100 acciones de voluntariado, as\u00ed como en proyectos propios de la Oficina de Voluntariado y Compromiso Social.<\/p>\n<p>Los objetivos que persiguen los convenios firmados son\u00a0<strong>informar, formar y sensibilizar a toda la comunidad universitaria para la defensa y promoci\u00f3n de la participaci\u00f3n social, la solidaridad y los valores humanos<\/strong><strong>.<\/strong> Con estas firmas, se establece un marco jur\u00eddico e institucional para llevar a cabo actividades en materia de voluntariado en el marco del Programa de la Universidad Pablo de Olavide que pueden ser convalidadas por cr\u00e9ditos ECTS.<\/p>\n<figure id=\"attachment_30888383\" aria-describedby=\"caption-attachment-30888383\" style=\"width: 420px\" class=\"wp-caption alignright\"><a href=\"https:\/\/www.upo.es\/diario\/wp-content\/uploads\/2025\/10\/IMG_1153-scaled.jpg\"><img loading=\"lazy\" decoding=\"async\" class=\"wp-image-30888383 size-medium\" src=\"https:\/\/www.upo.es\/diario\/wp-content\/uploads\/2025\/10\/IMG_1153-420x280.jpg\" alt=\"Ra\u00fal \u00c1lvarez y Laura G\u00f3mez Ruiz\" width=\"420\" height=\"280\" srcset=\"https:\/\/www.upo.es\/diario\/wp-content\/uploads\/2025\/10\/IMG_1153-420x280.jpg 420w, https:\/\/www.upo.es\/diario\/wp-content\/uploads\/2025\/10\/IMG_1153-750x500.jpg 750w, https:\/\/www.upo.es\/diario\/wp-content\/uploads\/2025\/10\/IMG_1153-768x512.jpg 768w, https:\/\/www.upo.es\/diario\/wp-content\/uploads\/2025\/10\/IMG_1153-1536x1024.jpg 1536w, https:\/\/www.upo.es\/diario\/wp-content\/uploads\/2025\/10\/IMG_1153-2048x1365.jpg 2048w, https:\/\/www.upo.es\/diario\/wp-content\/uploads\/2025\/10\/IMG_1153-165x109.jpg 165w, https:\/\/www.upo.es\/diario\/wp-content\/uploads\/2025\/10\/IMG_1153-1320x880.jpg 1320w\" sizes=\"auto, (max-width: 420px) 100vw, 420px\" \/><\/a><figcaption id=\"caption-attachment-30888383\" class=\"wp-caption-text\">Ra\u00fal \u00c1lvarez y Laura G\u00f3mez Ruiz<\/figcaption><\/figure>\n<p>La firma de estos convenios, realizadas en nombre de la universidad por la vicerrectora de Cultura y Pol\u00edticas Sociales, <strong>Laura G\u00f3mez Ruiz,<\/strong>\u00a0ha contado con la presencia de miembros del equipo de la Oficina de Voluntariado. Por parte de estas asociaciones han acudido al Rectorado para formalizar los acuerdos Karina Reyes M\u00e1rquez, presidenta de Grupo Scout Spoletinum 725; Consolaci\u00f3n Delgado L\u00f3pez, secretaria de Fundaci\u00f3n Centro Girasol; Pablo Doblado Herrero, t\u00e9cnico social de Amigos de los Mayores; Inmaculada Ruiz Torreras, responsable del programa de voluntariado de Fundaci\u00f3n Cudeca; Mercedes M\u00e1rquez P\u00e9rez, presidenta de Down Sevilla; Pablo Morillo P\u00e9rez, director general de la Fundaci\u00f3n Jos\u00e9 Manuel Lara; Irene Mart\u00edn Garc\u00eda, t\u00e9cnica de la Asociaci\u00f3n Engloba; y Obdulia Quiles P\u00e9rez, presidenta de la Asociaci\u00f3n de Enfermos y Familiares con Hipertensi\u00f3n Intracraneal Idiop\u00e1tica Pseudotumor Cerebri.<\/p>\n<p>Tras el acto de firma, la vicerrectora ha dado la palabra a cada una de las entidades firmantes y ha destacado que \u201ces un orgullo ver que cada a\u00f1o se sumen nuevas entidades del tercer sector a nuestro programa de voluntariado, que ya lleva desde el a\u00f1o 1999 y por el que han pasado ya m\u00e1s de 10.000 estudiantes y 140 entidades\u201d.<\/p>\n<h3><strong>Entidades solidarias que se incorporan al Programa de Voluntariado de la UPO<\/strong><\/h3>\n<p>El <strong>Grupo Scout Spoletinum 725<\/strong> comenz\u00f3 su actividad en diciembre de 2018 en la localidad de Espartinas y ofrece un aprendizaje en valores para ni\u00f1os, ni\u00f1as y j\u00f3venes a trav\u00e9s de todo tipo de actividades atrayentes y con un sistema educativo totalmente estructurado. Este grupo forma parte de un movimiento educativo presente en todo el mundo al que pertenecen m\u00e1s de 40 millones de personas, j\u00f3venes y adultos, en m\u00e1s de un mill\u00f3n grupo de scouts, compartiendo un mismo sistema de valores y con el deseo de construir un mundo mejor.<\/p>\n<p>La <strong>Fundaci\u00f3n Centro Girasol <\/strong>surge como resultado de m\u00e1s de 15 a\u00f1os de experiencia desde la creaci\u00f3n del Centro Girasol en el a\u00f1o 2010. Surge de la experiencia al detectar las necesidades de numerosos menores, personas con discapacidad, diversidad funcional y necesidades educativas especiales en situaciones desfavorecidas y en riesgo de exclusi\u00f3n. En este contexto esta fundaci\u00f3n tiene como principal objetivo gestionar y prestar servicios a estas personas y sus familias, canalizando recursos para cubrir eficazmente sus necesidades y ofrecer un apoyo integral.<\/p>\n<p>Desde 1987, <strong>Amigos de los Mayores <\/strong>trabaja para luchar contra la soledad no deseada y el aislamiento social al que quedan expuestos millones de personas mayores. A trav\u00e9s el voluntariado, la amistad y la sensibilizaci\u00f3n de la ciudadan\u00eda combaten la exclusi\u00f3n social de estas personas. Su actividad principal es poner en contacto a personas voluntarias con personas mayores que se sienten solas para que una vez a la semana puedan conversar, pasear o tomar un caf\u00e9, algo esencial para mejorar la salud emocional de los mayores.<\/p>\n<p><strong>Fundaci\u00f3n Cudeca <\/strong>nace en los a\u00f1os 90 con el prop\u00f3sito esencial de convertir el proceso de morir en un proceso de vida, a trav\u00e9s de su centro de cuidados paliativos, su unidad de hospitalizaci\u00f3n, unidad de d\u00eda y rehabilitaci\u00f3n, y la atenci\u00f3n domiciliaria proveen con altos est\u00e1ndares de calidad cuidados paliativos para pacientes con c\u00e1ncer y otras enfermedades en fase avanzada y terminal. Adem\u00e1s, ofrecen apoyo y consejo a quienes cuidan de este tipo de enfermos durante la enfermedad, despu\u00e9s de esta y en el periodo de duelo.<\/p>\n<p><strong>Down Sevilla<\/strong> es una entidad sin \u00e1nimo de lucro que nace en 1995 atendiendo al movimiento asociativo que inician padres y madres de personas con s\u00edndrome de Down, con el fin de aunar esfuerzos para mejora de este colectivo. Est\u00e1 asociaci\u00f3n est\u00e1 formada por personas con S\u00edndrome de Down y otras discapacidades, as\u00ed como sus familias, profesionales, personas voluntarias, grupos sociales, organismos p\u00fablicos y privados, empresas y personas que desean colaborar de manera altruista para conseguir la plena inclusi\u00f3n familiar, escolar, laboral y social de estas personas, as\u00ed como mejorar su calidad de vida.<\/p>\n<p>La <strong>Fundaci\u00f3n Jos\u00e9 Manuel Lara, <\/strong>con una trayectoria de m\u00e1s de 30 a\u00f1os<strong>, <\/strong>apuesta por el fomento de la lectura y el apoyo a la educaci\u00f3n como grandes motores de transformaci\u00f3n social. A trav\u00e9s de proyectos educativos como Leer+, Mi libro preferido y Ense\u00f1amos a leer apoyan la educaci\u00f3n como un valor universal, b\u00e1sico y estrat\u00e9gico para la formaci\u00f3n y desarrollo de las nuevas generaciones. En todos estos a\u00f1os, se ha contribuido a potenciar el panorama editorial andaluz y el \u00e1mbito art\u00edstico a trav\u00e9s de exposiciones fotogr\u00e1ficas, bibliogr\u00e1ficas o escult\u00f3ricas, del patrocinio de iniciativas musicales o de la edici\u00f3n de gu\u00edas art\u00edsticas.<\/p>\n<p><strong>Asociaci\u00f3n Engloba <\/strong>se dedica al progreso y desarrollo del bienestar com\u00fan, con un enfoque especial en la atenci\u00f3n y mejora de diversos colectivos como la infancia, la juventud y la tercera edad. Su labor abarca la promoci\u00f3n de los derechos de los menores, la formaci\u00f3n educativa, la prevenci\u00f3n del maltrato, el apoyo a las familias y la orientaci\u00f3n e inserci\u00f3n socio-laboral, entre otros. Gracias a su car\u00e1cter sin \u00e1nimo de lucro, la asociaci\u00f3n ha reinvertido sus beneficios en proyectos destinados a mujeres en situaci\u00f3n de alta vulnerabilidad, personas con diversidad funcional y colectivos en riesgo de exclusi\u00f3n, luchando por la igualdad y la protecci\u00f3n de estos grupos.<\/p>\n<p>Por \u00faltimo, la <strong>Asociaci\u00f3n de Enfermos y Familiares con Hipertensi\u00f3n Intracraneal Idiop\u00e1tica Pseudotumor Cerebri <\/strong>es la \u00fanica asociaci\u00f3n en Espa\u00f1a que aglutina a enfermos y familiares de esta enfermedad rara, se fund\u00f3 en 2014 y tiene entre sus objetivos conseguir toda ayuda posible, tanto m\u00e9dica como financiera, para la realizaci\u00f3n de estudios que lleven a conocer las causas de la Hipertensi\u00f3n Intracraneal Idiop\u00e1tica\/ Pseudotumor Cerebri. Adem\u00e1s, trabaja para divulgar la existencia de esta enfermedad, sus causas y para que personas afectadas consigan una mejor atenci\u00f3n y calidad de vida.<\/p>\n<h3><strong>Referente en Andaluc\u00eda del compromiso universitario<\/strong><\/h3>\n<p>Desde la creaci\u00f3n en 1999 de la Oficina de Voluntariado y Compromiso Social, la Universidad Pablo de Olavide es la primera entidad universitaria andaluza en apoyar la sensibilizaci\u00f3n y formaci\u00f3n de la comunidad universitaria en materia de voluntariado, siendo hoy en d\u00eda referente en el \u00e1mbito del voluntariado universitario tanto a nivel regional como nacional.<\/p>\n<p>A lo largo de los m\u00e1s de 25 a\u00f1os de trayectoria, este servicio se ha convertido en punto de encuentro entre las asociaciones y la comunidad universitaria para la promoci\u00f3n y difusi\u00f3n de programas de intervenci\u00f3n, actividades solidarias y todo lo relacionado con la acci\u00f3n voluntaria.<\/p>\n<p>Fuente: Fundaci\u00f3n Universidad Pablo de Olavide<\/p>\n","protected":false},"excerpt":{"rendered":"<p>La Oficina de Voluntariado y Compromiso Social, dependiente del Vicerrectorado de Cultura y Pol\u00edticas Sociales, ha suscrito ocho nuevos convenios de colaboraci\u00f3n con entidades sociales que se incorporan al Programa de Voluntariado Universitario de la UPO. Un programa que ofrece a la comunidad universitaria la posibilidad de realizar voluntariado y prestar as\u00ed su tiempo de manera altruista. En concreto, las<a class=\"read-more\" href=\"https:\/\/www.upo.es\/diario\/cultura-social\/2025\/10\/la-universidad-pablo-de-olavide-incorpora-ocho-nuevas-entidades-a-su-programa-de-voluntariado-universitario\/\">[Read More&#8230;]<\/a><\/p>\n","protected":false},"author":6,"featured_media":30888381,"comment_status":"closed","ping_status":"open","sticky":false,"template":"","format":"standard","meta":{"_monsterinsights_skip_tracking":false,"_monsterinsights_sitenote_active":false,"_monsterinsights_sitenote_note":"","_monsterinsights_sitenote_category":0,"footnotes":""},"categories":[5843],"tags":[4995,7484,5566,7194,86],"class_list":["post-30888380","post","type-post","status-publish","format-standard","has-post-thumbnail","hentry","category-cultura-social","tag-convenios","tag-oficina-de-voluntariado-y-compromiso-social","tag-programa-de-voluntariado-universitario","tag-vicerrectorado-de-cultura-y-politicas-sociales","tag-voluntariado"],"_links":{"self":[{"href":"https:\/\/www.upo.es\/diario\/wp-json\/wp\/v2\/posts\/30888380","targetHints":{"allow":["GET"]}}],"collection":[{"href":"https:\/\/www.upo.es\/diario\/wp-json\/wp\/v2\/posts"}],"about":[{"href":"https:\/\/www.upo.es\/diario\/wp-json\/wp\/v2\/types\/post"}],"author":[{"embeddable":true,"href":"https:\/\/www.upo.es\/diario\/wp-json\/wp\/v2\/users\/6"}],"replies":[{"embeddable":true,"href":"https:\/\/www.upo.es\/diario\/wp-json\/wp\/v2\/comments?post=30888380"}],"version-history":[{"count":1,"href":"https:\/\/www.upo.es\/diario\/wp-json\/wp\/v2\/posts\/30888380\/revisions"}],"predecessor-version":[{"id":30888384,"href":"https:\/\/www.upo.es\/diario\/wp-json\/wp\/v2\/posts\/30888380\/revisions\/30888384"}],"wp:featuredmedia":[{"embeddable":true,"href":"https:\/\/www.upo.es\/diario\/wp-json\/wp\/v2\/media\/30888381"}],"wp:attachment":[{"href":"https:\/\/www.upo.es\/diario\/wp-json\/wp\/v2\/media?parent=30888380"}],"wp:term":[{"taxonomy":"category","embeddable":true,"href":"https:\/\/www.upo.es\/diario\/wp-json\/wp\/v2\/categories?post=30888380"},{"taxonomy":"post_tag","embeddable":true,"href":"https:\/\/www.upo.es\/diario\/wp-json\/wp\/v2\/tags?post=30888380"}],"curies":[{"name":"wp","href":"https:\/\/api.w.org\/{rel}","templated":true}]}}