{"id":30888387,"date":"2025-10-15T15:04:12","date_gmt":"2025-10-15T13:04:12","guid":{"rendered":"https:\/\/www.upo.es\/diario\/?p=30888387"},"modified":"2025-10-15T15:09:58","modified_gmt":"2025-10-15T13:09:58","slug":"la-catedra-olavide-de-flamenco-suma-una-nueva-colaboracion-con-buscadores-flamencos-s-l","status":"publish","type":"post","link":"https:\/\/www.upo.es\/diario\/docencia-formacion\/2025\/10\/la-catedra-olavide-de-flamenco-suma-una-nueva-colaboracion-con-buscadores-flamencos-s-l\/","title":{"rendered":"La C\u00e1tedra Olavide de Flamenco suma una nueva colaboraci\u00f3n con Buscadores Flamencos S.L."},"content":{"rendered":"<figure id=\"attachment_30888392\" aria-describedby=\"caption-attachment-30888392\" style=\"width: 750px\" class=\"wp-caption aligncenter\"><a href=\"https:\/\/www.upo.es\/diario\/wp-content\/uploads\/2025\/10\/CFlamenco-BuscadoresFlamenco12-scaled.jpg\"><img loading=\"lazy\" decoding=\"async\" class=\"size-large wp-image-30888392\" src=\"https:\/\/www.upo.es\/diario\/wp-content\/uploads\/2025\/10\/CFlamenco-BuscadoresFlamenco12-750x500.jpg\" alt=\"\" width=\"750\" height=\"500\" srcset=\"https:\/\/www.upo.es\/diario\/wp-content\/uploads\/2025\/10\/CFlamenco-BuscadoresFlamenco12-750x500.jpg 750w, https:\/\/www.upo.es\/diario\/wp-content\/uploads\/2025\/10\/CFlamenco-BuscadoresFlamenco12-420x280.jpg 420w, https:\/\/www.upo.es\/diario\/wp-content\/uploads\/2025\/10\/CFlamenco-BuscadoresFlamenco12-768x512.jpg 768w, https:\/\/www.upo.es\/diario\/wp-content\/uploads\/2025\/10\/CFlamenco-BuscadoresFlamenco12-1536x1024.jpg 1536w, https:\/\/www.upo.es\/diario\/wp-content\/uploads\/2025\/10\/CFlamenco-BuscadoresFlamenco12-2048x1365.jpg 2048w, https:\/\/www.upo.es\/diario\/wp-content\/uploads\/2025\/10\/CFlamenco-BuscadoresFlamenco12-165x109.jpg 165w, https:\/\/www.upo.es\/diario\/wp-content\/uploads\/2025\/10\/CFlamenco-BuscadoresFlamenco12-1320x880.jpg 1320w\" sizes=\"auto, (max-width: 750px) 100vw, 750px\" \/><\/a><figcaption id=\"caption-attachment-30888392\" class=\"wp-caption-text\">Norberto D\u00edaz D\u00edaz, Encarna Anillo Salazar, Laura G\u00f3mez Ruiz y Andr\u00e9s Pituquete<\/figcaption><\/figure>\n<p>Esta ma\u00f1ana se ha celebrado un encuentro para presentar las l\u00edneas de trabajo conjuntas entre la <strong>C\u00e1tedra Olavide de Flamenco<\/strong> y <strong>Buscadores Flamencos S.L<\/strong>., escuela online de guitarra flamenca.<\/p>\n<p>El acto, que ha contado con la asistencia de la Vicerrectora de Cultura y Pol\u00edticas Sociales, Laura G\u00f3mez Ruiz; el director de la C\u00e1tedra, Norberto D\u00edaz D\u00edaz, y los directores de Buscadores Flamencos S.L., la cantaora Encarna Anillo y el guitarrista Pituquete, quienes han ofrecido una actuaci\u00f3n art\u00edstica durante el acto.<\/p>\n<p>\u201cLa UPO fue la primera Universidad P\u00fablica con una c\u00e1tedra dedicada al flamenco y tiene la caracter\u00edstica de que es la c\u00e1tedra de la provincia. Por eso, la c\u00e1tedra va acompa\u00f1ado de una serie de ayuntamientos que se han ido uniendo a lo largo de este tiempo\u201d ha resaltado la vicerrectora de Cultura y Pol\u00edticas Sociales, Laura G\u00f3mez.<\/p>\n<p>Por su parte, Norberto D\u00edaz, director de la c\u00e1tedra ha destacado \u201cque quieren llegar al p\u00fablico joven y para ello tienen que hablar en otro lenguaje y qu\u00e9 mejor que Buscadores Flamencos que cuentan con m\u00e1s de 500.000 seguidores en diferentes redes sociales\u201d. Asimismo, tambi\u00e9n ha subrayado que \u201cqueremos que la c\u00e1tedra sea un proyecto de provincia porque nos gustar\u00eda que cada uno de los municipios de Sevilla se adhieran a ella\u201d.<\/p>\n<p>Este encuentro tiene como finalidad conocer los objetivos y proyectos estrat\u00e9gicos de la C\u00e1tedra Olavide de Flamenco, una iniciativa integrada en la pol\u00edtica cultural de la Universidad Pablo de Olavide, que apuesta por la promoci\u00f3n, la investigaci\u00f3n y difusi\u00f3n del flamenco como valor identitario y democratizador de nuestra sociedad.<\/p>\n<p>Con esta nueva colaboraci\u00f3n, la C\u00e1tedra Olavide de Flamenco contin\u00faa con su apuesta por consolidar una red estrat\u00e9gica de entidades comprometidas con la difusi\u00f3n y la did\u00e1ctica del flamenco.<\/p>\n<p>La C\u00e1tedra Olavide de Flamenco &#8211; primera c\u00e1tedra universitaria institucional dedicada al estudio y difusi\u00f3n de este arte &#8211; es un proyecto pionero en Andaluc\u00eda en colaboraci\u00f3n con la Agencia Andaluza de Instituciones Culturales a trav\u00e9s del Instituto Andaluz del Flamenco, dependiente de la Consejer\u00eda de Cultura y Deporte. Asimismo, cuenta con la colaboraci\u00f3n de ayuntamientos sevillanos, entidades y profesionales comprometidos con el arte flamenco.<\/p>\n<p>La nueva c\u00e1tedra de la UPO desarrolla actividades de formaci\u00f3n y difusi\u00f3n, y de investigaci\u00f3n y empleabilidad relacionada con el flamenco tales como la microcredencial \u2018Especialista en Gesti\u00f3n Cultural del Flamenco\u2019, el Festival Universitario de Flamenco de la Pablo de Olavide o un curso anual en el marco de los Cursos de Verano de la Olavide en Carmona. La Universidad trata de este modo de facilitar un v\u00ednculo con el arte flamenco y su conocimiento entre la juventud universitaria andaluza.<\/p>\n<figure id=\"attachment_30888393\" aria-describedby=\"caption-attachment-30888393\" style=\"width: 750px\" class=\"wp-caption aligncenter\"><a href=\"https:\/\/www.upo.es\/diario\/wp-content\/uploads\/2025\/10\/CFlamenco-BuscadoresFlamenco8.jpg\"><img loading=\"lazy\" decoding=\"async\" class=\"size-large wp-image-30888393\" src=\"https:\/\/www.upo.es\/diario\/wp-content\/uploads\/2025\/10\/CFlamenco-BuscadoresFlamenco8-750x500.jpg\" alt=\"\" width=\"750\" height=\"500\" srcset=\"https:\/\/www.upo.es\/diario\/wp-content\/uploads\/2025\/10\/CFlamenco-BuscadoresFlamenco8-750x500.jpg 750w, https:\/\/www.upo.es\/diario\/wp-content\/uploads\/2025\/10\/CFlamenco-BuscadoresFlamenco8-420x280.jpg 420w, https:\/\/www.upo.es\/diario\/wp-content\/uploads\/2025\/10\/CFlamenco-BuscadoresFlamenco8-768x512.jpg 768w, https:\/\/www.upo.es\/diario\/wp-content\/uploads\/2025\/10\/CFlamenco-BuscadoresFlamenco8-1536x1024.jpg 1536w, https:\/\/www.upo.es\/diario\/wp-content\/uploads\/2025\/10\/CFlamenco-BuscadoresFlamenco8-2048x1366.jpg 2048w, https:\/\/www.upo.es\/diario\/wp-content\/uploads\/2025\/10\/CFlamenco-BuscadoresFlamenco8-165x109.jpg 165w, https:\/\/www.upo.es\/diario\/wp-content\/uploads\/2025\/10\/CFlamenco-BuscadoresFlamenco8-1320x880.jpg 1320w\" sizes=\"auto, (max-width: 750px) 100vw, 750px\" \/><\/a><figcaption id=\"caption-attachment-30888393\" class=\"wp-caption-text\">Actuaci\u00f3n de Encarna Anillo y Andr\u00e9s Pituquete<\/figcaption><\/figure>\n","protected":false},"excerpt":{"rendered":"<p>Con esta nueva colaboraci\u00f3n, la C\u00e1tedra Olavide de Flamenco contin\u00faa con su apuesta por consolidar una red estrat\u00e9gica de entidades comprometidas con la difusi\u00f3n y la did\u00e1ctica del flamenco.<\/p>\n","protected":false},"author":4,"featured_media":30888394,"comment_status":"closed","ping_status":"open","sticky":false,"template":"","format":"standard","meta":{"_monsterinsights_skip_tracking":false,"_monsterinsights_sitenote_active":false,"_monsterinsights_sitenote_note":"","_monsterinsights_sitenote_category":0,"footnotes":""},"categories":[2779],"tags":[9303,9302,93,3746,2806,7194],"class_list":["post-30888387","post","type-post","status-publish","format-standard","has-post-thumbnail","hentry","category-docencia-formacion","tag-buscadores-flamencos","tag-catedra-olavide-de-flamenco","tag-flamenco","tag-servicio-de-extension-cultural","tag-unidad-de-cultura-y-participacion-social","tag-vicerrectorado-de-cultura-y-politicas-sociales"],"_links":{"self":[{"href":"https:\/\/www.upo.es\/diario\/wp-json\/wp\/v2\/posts\/30888387","targetHints":{"allow":["GET"]}}],"collection":[{"href":"https:\/\/www.upo.es\/diario\/wp-json\/wp\/v2\/posts"}],"about":[{"href":"https:\/\/www.upo.es\/diario\/wp-json\/wp\/v2\/types\/post"}],"author":[{"embeddable":true,"href":"https:\/\/www.upo.es\/diario\/wp-json\/wp\/v2\/users\/4"}],"replies":[{"embeddable":true,"href":"https:\/\/www.upo.es\/diario\/wp-json\/wp\/v2\/comments?post=30888387"}],"version-history":[{"count":3,"href":"https:\/\/www.upo.es\/diario\/wp-json\/wp\/v2\/posts\/30888387\/revisions"}],"predecessor-version":[{"id":30888397,"href":"https:\/\/www.upo.es\/diario\/wp-json\/wp\/v2\/posts\/30888387\/revisions\/30888397"}],"wp:featuredmedia":[{"embeddable":true,"href":"https:\/\/www.upo.es\/diario\/wp-json\/wp\/v2\/media\/30888394"}],"wp:attachment":[{"href":"https:\/\/www.upo.es\/diario\/wp-json\/wp\/v2\/media?parent=30888387"}],"wp:term":[{"taxonomy":"category","embeddable":true,"href":"https:\/\/www.upo.es\/diario\/wp-json\/wp\/v2\/categories?post=30888387"},{"taxonomy":"post_tag","embeddable":true,"href":"https:\/\/www.upo.es\/diario\/wp-json\/wp\/v2\/tags?post=30888387"}],"curies":[{"name":"wp","href":"https:\/\/api.w.org\/{rel}","templated":true}]}}