{"id":30888409,"date":"2025-10-16T17:01:33","date_gmt":"2025-10-16T15:01:33","guid":{"rendered":"https:\/\/www.upo.es\/diario\/?p=30888409"},"modified":"2025-10-16T17:01:33","modified_gmt":"2025-10-16T15:01:33","slug":"el-aula-abierta-de-mayores-comienza-el-curso-2025-2026-con-mas-de-1300-mayores-inscritos","status":"publish","type":"post","link":"https:\/\/www.upo.es\/diario\/institucional\/2025\/10\/el-aula-abierta-de-mayores-comienza-el-curso-2025-2026-con-mas-de-1300-mayores-inscritos\/","title":{"rendered":"El Aula Abierta de Mayores comienza el curso 2025\/2026 con m\u00e1s de 1300 mayores inscritos"},"content":{"rendered":"<p><a href=\"https:\/\/www.upo.es\/diario\/wp-content\/uploads\/2025\/10\/IMG_9044-scaled.jpg\"><img loading=\"lazy\" decoding=\"async\" class=\"aligncenter size-large wp-image-30888411\" src=\"https:\/\/www.upo.es\/diario\/wp-content\/uploads\/2025\/10\/IMG_9044-750x422.jpg\" alt=\"Comienza un nuevo curso del Aula de Mayores de la UPO\" width=\"750\" height=\"422\" srcset=\"https:\/\/www.upo.es\/diario\/wp-content\/uploads\/2025\/10\/IMG_9044-750x422.jpg 750w, https:\/\/www.upo.es\/diario\/wp-content\/uploads\/2025\/10\/IMG_9044-420x236.jpg 420w, https:\/\/www.upo.es\/diario\/wp-content\/uploads\/2025\/10\/IMG_9044-768x432.jpg 768w, https:\/\/www.upo.es\/diario\/wp-content\/uploads\/2025\/10\/IMG_9044-1536x864.jpg 1536w, https:\/\/www.upo.es\/diario\/wp-content\/uploads\/2025\/10\/IMG_9044-2048x1152.jpg 2048w, https:\/\/www.upo.es\/diario\/wp-content\/uploads\/2025\/10\/IMG_9044-1320x743.jpg 1320w\" sizes=\"auto, (max-width: 750px) 100vw, 750px\" \/><\/a>La Universidad Pablo de Olavide ha inaugurado en la ma\u00f1ana de este jueves un nuevo curso del Aula Abierta de Mayores, <strong>un programa formativo que este a\u00f1o inicia su vig\u00e9simo tercera edici\u00f3n y que fomenta la formaci\u00f3n cient\u00edfica, cultural y social de las personas mayores, a la vez que mejora su calidad de vida y fomenta la participaci\u00f3n de este colectivo como dinamizadores y dinamizadoras sociales<\/strong>.<\/p>\n<p>El acto de inauguraci\u00f3n, celebrado en el Paraninfo de la Universidad, ha estado presidido por la vicerrectora de Cultura y Pol\u00edticas Sociales, <strong>Laura G\u00f3mez Ruiz,<\/strong> y ha contado con la participaci\u00f3n de la diputada del \u00c1rea de Cohesi\u00f3n Social e Igualdad de la Diputaci\u00f3n de Sevilla,<strong> Encarnaci\u00f3n Fuentes Herrera<\/strong>; de la directora general de Personas Mayores Participaci\u00f3n Activa y Soledad no deseada de la Consejer\u00eda de Inclusi\u00f3n Social, Juventud, Familias e Igualdad de la Junta de Andaluc\u00eda, <strong>Roc\u00edo Barrag\u00e1n Barrag\u00e1n<\/strong>; de la directora territorial de la Fundaci\u00f3n La Caixa, <strong>Yolanda L\u00f3pez Cosano<\/strong>; y de la directora acad\u00e9mica del Aula Abierta de Mayores de la UPO, <strong>Manuela Dom\u00ednguez Orta<\/strong>.<\/p>\n<p><a href=\"https:\/\/www.upo.es\/diario\/wp-content\/uploads\/2025\/10\/IMG_1274-scaled.jpg\"><img loading=\"lazy\" decoding=\"async\" class=\"alignright size-medium wp-image-30888412\" src=\"https:\/\/www.upo.es\/diario\/wp-content\/uploads\/2025\/10\/IMG_1274-420x280.jpg\" alt=\"Acto de inauguraci\u00f3n del AAM del curso 2025\/26\" width=\"420\" height=\"280\" srcset=\"https:\/\/www.upo.es\/diario\/wp-content\/uploads\/2025\/10\/IMG_1274-420x280.jpg 420w, https:\/\/www.upo.es\/diario\/wp-content\/uploads\/2025\/10\/IMG_1274-750x500.jpg 750w, https:\/\/www.upo.es\/diario\/wp-content\/uploads\/2025\/10\/IMG_1274-768x512.jpg 768w, https:\/\/www.upo.es\/diario\/wp-content\/uploads\/2025\/10\/IMG_1274-1536x1024.jpg 1536w, https:\/\/www.upo.es\/diario\/wp-content\/uploads\/2025\/10\/IMG_1274-2048x1365.jpg 2048w, https:\/\/www.upo.es\/diario\/wp-content\/uploads\/2025\/10\/IMG_1274-165x109.jpg 165w, https:\/\/www.upo.es\/diario\/wp-content\/uploads\/2025\/10\/IMG_1274-1320x880.jpg 1320w\" sizes=\"auto, (max-width: 420px) 100vw, 420px\" \/><\/a>Durante el acto, Laura G\u00f3mez Ruiz ha dado la bienvenida al nuevo curso a los alumnos y alumnas del Aula Abierta de Mayores y ha agradecido a las entidades presentes en el mismo \u201cpor ser parte de una alianza estrat\u00e9gica para proponer y poder desarrollar innovaci\u00f3n social desde la Universidad\u201d. Adem\u00e1s, la vicerrectora ha adelantado que el aula est\u00e1 ya trabajando para ofrecer nuevos proyectos que permitan a los estudiantes de las diferentes sedes municipales participar en actividades desarrolladas en el campus.<\/p>\n<p>Desde las instituciones, por su parte, se ha manifestado el apoyo y el compromiso con el programa Aula Abierta de Mayores, un programa que crea comunidad, fortalece la participaci\u00f3n ciudadana y combate la soledad y el aislamiento de las personas mayores. Tambi\u00e9n se ha hecho alusi\u00f3n al lema del programa \u2018Aprender es vivir, nunca dejes de aprender\u2019 como un referente de los alumnos y alumnas de las diferentes sedes que muestran d\u00eda a d\u00eda el entusiasmo y las ganas por seguir aprendiendo.<\/p>\n<p><a href=\"https:\/\/www.upo.es\/diario\/wp-content\/uploads\/2025\/10\/IMG_1331-scaled.jpg\"><img loading=\"lazy\" decoding=\"async\" class=\"alignright size-medium wp-image-30888413\" src=\"https:\/\/www.upo.es\/diario\/wp-content\/uploads\/2025\/10\/IMG_1331-420x280.jpg\" alt=\"Vista del Paraninfo durante la inauguraci\u00f3n\" width=\"420\" height=\"280\" srcset=\"https:\/\/www.upo.es\/diario\/wp-content\/uploads\/2025\/10\/IMG_1331-420x280.jpg 420w, https:\/\/www.upo.es\/diario\/wp-content\/uploads\/2025\/10\/IMG_1331-750x500.jpg 750w, https:\/\/www.upo.es\/diario\/wp-content\/uploads\/2025\/10\/IMG_1331-768x512.jpg 768w, https:\/\/www.upo.es\/diario\/wp-content\/uploads\/2025\/10\/IMG_1331-1536x1024.jpg 1536w, https:\/\/www.upo.es\/diario\/wp-content\/uploads\/2025\/10\/IMG_1331-2048x1365.jpg 2048w, https:\/\/www.upo.es\/diario\/wp-content\/uploads\/2025\/10\/IMG_1331-165x109.jpg 165w, https:\/\/www.upo.es\/diario\/wp-content\/uploads\/2025\/10\/IMG_1331-1320x880.jpg 1320w\" sizes=\"auto, (max-width: 420px) 100vw, 420px\" \/><\/a>La directora del AAM, Manuel Dom\u00ednguez Orta, ha sido la encargada de presentar la memoria anual del curso 2024\/2025 destacando entre los principales hitos del curso anterior: la celebraci\u00f3n del VII Encuentro Provincial en la en la localidad de Gilena, bajo el lema \u2018Gilena naci\u00f3 del agua\u2019; los seminarios acad\u00e9micos y las jornadas culturales celebradas en el campus de la UPO; o la celebraci\u00f3n de actividades paralelas como talleres de escritura creativa o de digitalizaci\u00f3n y actividades intergeneracionales en las que el alumnado de las diferentes sedes locales han podido compartir espacio con estudiantes de grado de la universidad.<\/p>\n<p>Tras la proyecci\u00f3n del v\u00eddeo resumen de la memoria acad\u00e9mica, el profesor<strong> Jos\u00e9 Mar\u00eda Mor\u00e1n Carrillo ha impartido la lecci\u00f3n inaugural del curso titulada \u2018La Ciencia de la larga vida: secretos para vivir mejor\u2019<\/strong>. El acto ha estado amenizado por el cuarteto \u2018The Quartet Klarinet\u2019.<\/p>\n<p>Durante el curso,<strong> los alumnos y alumnas del Aula Abierta de Mayores compaginan las asignaturas acad\u00e9micas impartidas por profesorado universitario y por docentes colaboradores de cada uno de los municipios con la celebraci\u00f3n de seminarios acad\u00e9micos, jornadas culturales y el encuentro provincial<\/strong>, actividades enmarcadas dentro del Programa de Envejecimiento Activo y Solidaridad Intergeneracional. Este curso 2025\/2026 ser\u00e1 la sede de La Puebla de Cazalla la encargada de mostrar la historia, patrimonio, arte y gastronom\u00eda de su localidad a los compa\u00f1eros y compa\u00f1eras del resto de municipios como anfitriona del VIII Encuentro Provincial.<\/p>\n<p>El programa Aula Abierta de Mayores, <strong>financiado por la Diputaci\u00f3n de Sevilla, la Consejer\u00eda de Inclusi\u00f3n Social, Juventud, Familias e Igualdad de la Junta de Andaluc\u00eda, la Fundaci\u00f3n La Caixa y los ayuntamientos de los municipios que participan en el programa<\/strong>, se inici\u00f3 en el curso acad\u00e9mico 2002\/2003 y se ha convertido en el programa para personas mayores m\u00e1s arraigado geogr\u00e1ficamente de Espa\u00f1a. Cuenta con m\u00e1s de 13.000 estudiantes a lo largo de su trayectoria en los dos ciclos formativos que conforman el programa (B\u00e1sico y De continuidad) y forman parte de \u00e9l los municipios de: <strong>Alcal\u00e1 de Guada\u00edra, Almensilla, Aznalc\u00f3llar, Bollullos de la Mitaci\u00f3n, Bormujos, Casariche, Castilleja de la Cuesta, Dos Hermanas, El Viso del Alcor, Gerena, Gilena, Gines, Herrera, La Algaba, La Puebla de Cazalla, Las Cabezas de San Juan, Lebrija, Mairena del Alcor, Pedrera, Pilas, Salteras, Santiponce y Tomares<\/strong>.<\/p>\n<p>Fuente: Fundaci\u00f3n Universidad Pablo de Olavide<\/p>\n","protected":false},"excerpt":{"rendered":"<p>La Universidad Pablo de Olavide ha inaugurado en la ma\u00f1ana de este jueves un nuevo curso del Aula Abierta de Mayores, un programa formativo que este a\u00f1o inicia su vig\u00e9simo tercera edici\u00f3n y que fomenta la formaci\u00f3n cient\u00edfica, cultural y social de las personas mayores, a la vez que mejora su calidad de vida y fomenta la participaci\u00f3n de este colectivo como dinamizadores y dinamizadoras sociales.<\/p>\n","protected":false},"author":6,"featured_media":30888411,"comment_status":"closed","ping_status":"open","sticky":false,"template":"","format":"standard","meta":{"_monsterinsights_skip_tracking":false,"_monsterinsights_sitenote_active":false,"_monsterinsights_sitenote_note":"","_monsterinsights_sitenote_category":0,"footnotes":""},"categories":[6],"tags":[767,52,3690,234,6971,2474,203,7824,2160,161,7194],"class_list":["post-30888409","post","type-post","status-publish","format-standard","has-post-thumbnail","hentry","category-institucional","tag-alcala-de-guadaira","tag-aula-abierta-de-mayores","tag-diputacion-de-sevilla","tag-dos-hermanas","tag-fundacion-la-caixa","tag-fundacion-universidad-pablo-de-olavide","tag-junta-de-andalucia","tag-laura-gomez-ruiz","tag-personas-mayores","tag-sevilla","tag-vicerrectorado-de-cultura-y-politicas-sociales"],"_links":{"self":[{"href":"https:\/\/www.upo.es\/diario\/wp-json\/wp\/v2\/posts\/30888409","targetHints":{"allow":["GET"]}}],"collection":[{"href":"https:\/\/www.upo.es\/diario\/wp-json\/wp\/v2\/posts"}],"about":[{"href":"https:\/\/www.upo.es\/diario\/wp-json\/wp\/v2\/types\/post"}],"author":[{"embeddable":true,"href":"https:\/\/www.upo.es\/diario\/wp-json\/wp\/v2\/users\/6"}],"replies":[{"embeddable":true,"href":"https:\/\/www.upo.es\/diario\/wp-json\/wp\/v2\/comments?post=30888409"}],"version-history":[{"count":2,"href":"https:\/\/www.upo.es\/diario\/wp-json\/wp\/v2\/posts\/30888409\/revisions"}],"predecessor-version":[{"id":30888414,"href":"https:\/\/www.upo.es\/diario\/wp-json\/wp\/v2\/posts\/30888409\/revisions\/30888414"}],"wp:featuredmedia":[{"embeddable":true,"href":"https:\/\/www.upo.es\/diario\/wp-json\/wp\/v2\/media\/30888411"}],"wp:attachment":[{"href":"https:\/\/www.upo.es\/diario\/wp-json\/wp\/v2\/media?parent=30888409"}],"wp:term":[{"taxonomy":"category","embeddable":true,"href":"https:\/\/www.upo.es\/diario\/wp-json\/wp\/v2\/categories?post=30888409"},{"taxonomy":"post_tag","embeddable":true,"href":"https:\/\/www.upo.es\/diario\/wp-json\/wp\/v2\/tags?post=30888409"}],"curies":[{"name":"wp","href":"https:\/\/api.w.org\/{rel}","templated":true}]}}