{"id":30888441,"date":"2025-10-20T14:58:14","date_gmt":"2025-10-20T12:58:14","guid":{"rendered":"https:\/\/www.upo.es\/diario\/?p=30888441"},"modified":"2025-10-28T13:52:32","modified_gmt":"2025-10-28T12:52:32","slug":"upo-inaugura-exposicion-muestra-obras-ilustradas-donadas-editor-pedro-tabernero","status":"publish","type":"post","link":"https:\/\/www.upo.es\/diario\/docencia-formacion\/2025\/10\/upo-inaugura-exposicion-muestra-obras-ilustradas-donadas-editor-pedro-tabernero\/","title":{"rendered":"La UPO inaugura una exposici\u00f3n con una muestra de obras ilustradas donadas por el editor Pedro Tabernero"},"content":{"rendered":"<figure id=\"attachment_30888443\" aria-describedby=\"caption-attachment-30888443\" style=\"width: 750px\" class=\"wp-caption aligncenter\"><a href=\"https:\/\/www.upo.es\/diario\/wp-content\/uploads\/2025\/10\/Coleccion-Pedro-Tabernero18.jpg\"><img loading=\"lazy\" decoding=\"async\" class=\"wp-image-30888443 size-large\" src=\"https:\/\/www.upo.es\/diario\/wp-content\/uploads\/2025\/10\/Coleccion-Pedro-Tabernero18-750x500.jpg\" alt=\"\" width=\"750\" height=\"500\" srcset=\"https:\/\/www.upo.es\/diario\/wp-content\/uploads\/2025\/10\/Coleccion-Pedro-Tabernero18-750x500.jpg 750w, https:\/\/www.upo.es\/diario\/wp-content\/uploads\/2025\/10\/Coleccion-Pedro-Tabernero18-420x280.jpg 420w, https:\/\/www.upo.es\/diario\/wp-content\/uploads\/2025\/10\/Coleccion-Pedro-Tabernero18-768x512.jpg 768w, https:\/\/www.upo.es\/diario\/wp-content\/uploads\/2025\/10\/Coleccion-Pedro-Tabernero18-1536x1024.jpg 1536w, https:\/\/www.upo.es\/diario\/wp-content\/uploads\/2025\/10\/Coleccion-Pedro-Tabernero18-2048x1366.jpg 2048w, https:\/\/www.upo.es\/diario\/wp-content\/uploads\/2025\/10\/Coleccion-Pedro-Tabernero18-165x109.jpg 165w, https:\/\/www.upo.es\/diario\/wp-content\/uploads\/2025\/10\/Coleccion-Pedro-Tabernero18-1320x880.jpg 1320w\" sizes=\"auto, (max-width: 750px) 100vw, 750px\" \/><\/a><figcaption id=\"caption-attachment-30888443\" class=\"wp-caption-text\">El editor Pedro Tabernero, el rector de la UPO Francisco Oliva y la decana de la Facultad de Humanidades, Mar\u00eda Losada.<\/figcaption><\/figure>\n<p>El rector de la Universidad Pablo de Olavide, Francisco Oliva Bl\u00e1zquez, ha inaugurado esta ma\u00f1ana en la Biblioteca-CRAI de la UPO la <strong>exposici\u00f3n \u2018Colecci\u00f3n Pedro Tabernero\u2019<\/strong>, una selecci\u00f3n de obras donadas por el editor del Grupo Pandora Pedro Tabernero, que podr\u00e1 visitarse <strong>hasta el 20 de noviembre<\/strong>. Un acto en el que ha estado acompa\u00f1ado por la decana de la Facultad de Humanidades de la UPO, Mar\u00eda Losado Friend, y el propio editor de las obras, Pedro Tabernero. Esta iniciativa ha sido organizada por la Facultad de Humanidades en colaboraci\u00f3n con la Biblioteca-CRAI de la Olavide.<\/p>\n<p><a href=\"https:\/\/www.upo.es\/diario\/wp-content\/uploads\/2025\/10\/Coleccion-Pedro-Tabernero20.jpg\"><img loading=\"lazy\" decoding=\"async\" class=\"alignright size-medium wp-image-30888444\" src=\"https:\/\/www.upo.es\/diario\/wp-content\/uploads\/2025\/10\/Coleccion-Pedro-Tabernero20-420x280.jpg\" alt=\"\" width=\"420\" height=\"280\" srcset=\"https:\/\/www.upo.es\/diario\/wp-content\/uploads\/2025\/10\/Coleccion-Pedro-Tabernero20-420x280.jpg 420w, https:\/\/www.upo.es\/diario\/wp-content\/uploads\/2025\/10\/Coleccion-Pedro-Tabernero20-750x500.jpg 750w, https:\/\/www.upo.es\/diario\/wp-content\/uploads\/2025\/10\/Coleccion-Pedro-Tabernero20-768x512.jpg 768w, https:\/\/www.upo.es\/diario\/wp-content\/uploads\/2025\/10\/Coleccion-Pedro-Tabernero20-1536x1024.jpg 1536w, https:\/\/www.upo.es\/diario\/wp-content\/uploads\/2025\/10\/Coleccion-Pedro-Tabernero20-2048x1366.jpg 2048w, https:\/\/www.upo.es\/diario\/wp-content\/uploads\/2025\/10\/Coleccion-Pedro-Tabernero20-165x109.jpg 165w, https:\/\/www.upo.es\/diario\/wp-content\/uploads\/2025\/10\/Coleccion-Pedro-Tabernero20-1320x880.jpg 1320w\" sizes=\"auto, (max-width: 420px) 100vw, 420px\" \/><\/a>\u201cLa cultura es un elemento fundamental en el mundo universitario\u2019 ha destacado el rector de la UPO, Francisco Oliva, que adem\u00e1s ha a\u00f1adido que \u201cahora m\u00e1s que nunca hay que reivindicar la cultura como una de las misiones fundamentales de la universidad. La cultura es un elemento de emancipaci\u00f3n y de construcci\u00f3n del pensamiento y la libertad cr\u00edtica de las personas y ha estado a la vanguardia de los cambios sociales siempre\u201d. \u00a0Para finalizar, ha resaltado que \u201cda igual lo que estudie uno, lo importante es la preocupaci\u00f3n por una visi\u00f3n human\u00edstica de la sociedad\u201d.<\/p>\n<p>La muestra re\u00fane una selecci\u00f3n de las obras m\u00e1s representativas de un total de m\u00e1s de 200 vol\u00famenes, una colecci\u00f3n que refleja la estrecha relaci\u00f3n entre <strong>arte, literatura y dise\u00f1o editorial <\/strong>y se podr\u00e1 disfrutar de ediciones originales e ilustradas a todo color que destacan por su valor art\u00edstico y cultural.<\/p>\n<p>Al acto de inauguraci\u00f3n tambi\u00e9n han estado presente el vicerrector de Transformaci\u00f3n Digital, Ra\u00fal Gir\u00e1ldez Rojo; la directora de la Biblioteca-CRAI de la UPO, Roc\u00edo Fern\u00e1ndez Cordero, y profesorado y estudiantado de la Facultad de Humanidades.<\/p>\n<p><a href=\"https:\/\/www.upo.es\/diario\/wp-content\/uploads\/2025\/10\/Coleccion-Pedro-Tabernero1.jpg\"><img loading=\"lazy\" decoding=\"async\" class=\"alignright size-medium wp-image-30888445\" src=\"https:\/\/www.upo.es\/diario\/wp-content\/uploads\/2025\/10\/Coleccion-Pedro-Tabernero1-420x280.jpg\" alt=\"\" width=\"420\" height=\"280\" srcset=\"https:\/\/www.upo.es\/diario\/wp-content\/uploads\/2025\/10\/Coleccion-Pedro-Tabernero1-420x280.jpg 420w, https:\/\/www.upo.es\/diario\/wp-content\/uploads\/2025\/10\/Coleccion-Pedro-Tabernero1-750x500.jpg 750w, https:\/\/www.upo.es\/diario\/wp-content\/uploads\/2025\/10\/Coleccion-Pedro-Tabernero1-768x512.jpg 768w, https:\/\/www.upo.es\/diario\/wp-content\/uploads\/2025\/10\/Coleccion-Pedro-Tabernero1-1536x1024.jpg 1536w, https:\/\/www.upo.es\/diario\/wp-content\/uploads\/2025\/10\/Coleccion-Pedro-Tabernero1-2048x1366.jpg 2048w, https:\/\/www.upo.es\/diario\/wp-content\/uploads\/2025\/10\/Coleccion-Pedro-Tabernero1-165x109.jpg 165w, https:\/\/www.upo.es\/diario\/wp-content\/uploads\/2025\/10\/Coleccion-Pedro-Tabernero1-1320x880.jpg 1320w\" sizes=\"auto, (max-width: 420px) 100vw, 420px\" \/><\/a>Entre las series expuestas, la colecci\u00f3n \u2018<strong>Poetas y ciudades\u2019<\/strong> une obras de grandes figuras de la literatura como Juan Ram\u00f3n Jim\u00e9nez (<em>Diario de un poeta reci\u00e9n casado<\/em>), Vicente de Aleixandre (<em>Sombra del para\u00edso<\/em>), Jorge Luis Borges (<em>El Fervor de Buenos Aires<\/em>), Pedro Salinas (<em>El Contemplado<\/em>), Luis Cernuda (<em>Ocnos<\/em>), Pablo Neruda (<em>Las Piedras de Chile<\/em>), Octavio Paz (<em>Ladera Este<\/em>), Jos\u00e9 M. Caballero Bonal (<em>Diario de Arg\u00f3nida<\/em>), Antonio Machado (<em>Campos de Castilla<\/em>).<\/p>\n<p>Tambi\u00e9n, se presenta la colecci\u00f3n <strong>\u2018Laboratorio de im\u00e1genes\u2019 <\/strong>dedicada a la ciudad de Sevilla con t\u00edtulos como <em>Sevilla 1992\/2002. Apuntes para la construcci\u00f3n de una nueva imagen gr\u00e1fica de la ciudad<\/em>; <em>Descifrando Sevilla<\/em>, <em>Describiendo Sevilla<\/em>, <em>Descubriendo Sevilla<\/em>, o <em>Guadalquivir. El Gran Sur.<\/em><em>\u00a0<\/em><\/p>\n<p>La exposici\u00f3n incluye adem\u00e1s otras colecciones singulares como <strong>\u2018Relatos del Desertor del Presidio\u2019<\/strong>, <strong>\u2018Open Spaces\u2019<\/strong>, <strong>\u2018Osimbo\u2019<\/strong>, <strong>\u2018Libros de Viaje\u2019<\/strong>, <strong>\u2018Andaluc\u00eda Siete Viajes\u2019<\/strong>, <strong>\u2018Qu\u00e9 Dulce Brutalidad\u2019<\/strong>, <strong>\u2018Un Gozo en mi Pozo\u2019<\/strong>, <strong>\u2018Libros de Artista\u2019<\/strong> o <strong>\u2018A la ya te ver\u00e9\u201d<\/strong>, que ofrecen una amplia panor\u00e1mica del universo creativo y editorial de Pedro Tabernero.<\/p>\n<p><a title=\"Exposici\u00f3n 'Colecci\u00f3n Pedro Tabernero'\" href=\"https:\/\/www.flickr.com\/photos\/pablodeolavide\/albums\/72177720329796003\" data-flickr-embed=\"true\" data-header=\"true\"><img loading=\"lazy\" decoding=\"async\" src=\"https:\/\/live.staticflickr.com\/65535\/54867483545_c5d2de96e5_z.jpg\" alt=\"Exposici\u00f3n 'Colecci\u00f3n Pedro Tabernero'\" width=\"640\" height=\"480\" \/><\/a><script async src=\"\/\/embedr.flickr.com\/assets\/client-code.js\" charset=\"utf-8\"><\/script><\/p>\n","protected":false},"excerpt":{"rendered":"<p>La muestra re\u00fane una selecci\u00f3n de las obras m\u00e1s representativas de un total de m\u00e1s de 200 vol\u00famenes, una colecci\u00f3n que refleja la estrecha relaci\u00f3n entre arte, literatura y dise\u00f1o editorial y se podr\u00e1 disfrutar de ediciones originales e ilustradas a todo color que destacan por su valor art\u00edstico y cultural.<\/p>\n","protected":false},"author":4,"featured_media":30888448,"comment_status":"closed","ping_status":"open","sticky":false,"template":"","format":"standard","meta":{"_monsterinsights_skip_tracking":false,"_monsterinsights_sitenote_active":false,"_monsterinsights_sitenote_note":"","_monsterinsights_sitenote_category":0,"footnotes":""},"categories":[2779],"tags":[9305,96,9307,9306],"class_list":["post-30888441","post","type-post","status-publish","format-standard","has-post-thumbnail","hentry","category-docencia-formacion","tag-coleccion","tag-facultad-de-humanidades","tag-obras-ilustradas","tag-pedro-tabernero"],"_links":{"self":[{"href":"https:\/\/www.upo.es\/diario\/wp-json\/wp\/v2\/posts\/30888441","targetHints":{"allow":["GET"]}}],"collection":[{"href":"https:\/\/www.upo.es\/diario\/wp-json\/wp\/v2\/posts"}],"about":[{"href":"https:\/\/www.upo.es\/diario\/wp-json\/wp\/v2\/types\/post"}],"author":[{"embeddable":true,"href":"https:\/\/www.upo.es\/diario\/wp-json\/wp\/v2\/users\/4"}],"replies":[{"embeddable":true,"href":"https:\/\/www.upo.es\/diario\/wp-json\/wp\/v2\/comments?post=30888441"}],"version-history":[{"count":2,"href":"https:\/\/www.upo.es\/diario\/wp-json\/wp\/v2\/posts\/30888441\/revisions"}],"predecessor-version":[{"id":30888532,"href":"https:\/\/www.upo.es\/diario\/wp-json\/wp\/v2\/posts\/30888441\/revisions\/30888532"}],"wp:featuredmedia":[{"embeddable":true,"href":"https:\/\/www.upo.es\/diario\/wp-json\/wp\/v2\/media\/30888448"}],"wp:attachment":[{"href":"https:\/\/www.upo.es\/diario\/wp-json\/wp\/v2\/media?parent=30888441"}],"wp:term":[{"taxonomy":"category","embeddable":true,"href":"https:\/\/www.upo.es\/diario\/wp-json\/wp\/v2\/categories?post=30888441"},{"taxonomy":"post_tag","embeddable":true,"href":"https:\/\/www.upo.es\/diario\/wp-json\/wp\/v2\/tags?post=30888441"}],"curies":[{"name":"wp","href":"https:\/\/api.w.org\/{rel}","templated":true}]}}