{"id":30888478,"date":"2025-10-22T10:45:14","date_gmt":"2025-10-22T08:45:14","guid":{"rendered":"https:\/\/www.upo.es\/diario\/?p=30888478"},"modified":"2025-10-22T10:45:27","modified_gmt":"2025-10-22T08:45:27","slug":"la-sede-olavide-en-carmona-celebra-el-i-seminario-de-investigacion-romanistica-sobre-la-persona-colectiva-en-la-experiencia-juridica-romana","status":"publish","type":"post","link":"https:\/\/www.upo.es\/diario\/docencia-formacion\/2025\/10\/la-sede-olavide-en-carmona-celebra-el-i-seminario-de-investigacion-romanistica-sobre-la-persona-colectiva-en-la-experiencia-juridica-romana\/","title":{"rendered":"La sede Olavide en Carmona celebra el I Seminario de investigaci\u00f3n roman\u00edstica sobre la persona colectiva en la experiencia jur\u00eddica romana"},"content":{"rendered":"<figure id=\"attachment_30888481\" aria-describedby=\"caption-attachment-30888481\" style=\"width: 420px\" class=\"wp-caption alignright\"><img loading=\"lazy\" decoding=\"async\" class=\"size-medium wp-image-30888481\" src=\"https:\/\/www.upo.es\/diario\/wp-content\/uploads\/2025\/10\/pexels-gilmerdiaz-17824302-420x280.jpg\" alt=\"Forum Romanun\" width=\"420\" height=\"280\" srcset=\"https:\/\/www.upo.es\/diario\/wp-content\/uploads\/2025\/10\/pexels-gilmerdiaz-17824302-420x280.jpg 420w, https:\/\/www.upo.es\/diario\/wp-content\/uploads\/2025\/10\/pexels-gilmerdiaz-17824302-750x500.jpg 750w, https:\/\/www.upo.es\/diario\/wp-content\/uploads\/2025\/10\/pexels-gilmerdiaz-17824302-768x512.jpg 768w, https:\/\/www.upo.es\/diario\/wp-content\/uploads\/2025\/10\/pexels-gilmerdiaz-17824302-1536x1024.jpg 1536w, https:\/\/www.upo.es\/diario\/wp-content\/uploads\/2025\/10\/pexels-gilmerdiaz-17824302-2048x1365.jpg 2048w, https:\/\/www.upo.es\/diario\/wp-content\/uploads\/2025\/10\/pexels-gilmerdiaz-17824302-165x109.jpg 165w, https:\/\/www.upo.es\/diario\/wp-content\/uploads\/2025\/10\/pexels-gilmerdiaz-17824302-1320x880.jpg 1320w\" sizes=\"auto, (max-width: 420px) 100vw, 420px\" \/><figcaption id=\"caption-attachment-30888481\" class=\"wp-caption-text\">Foto: Gilmer Diaz Estela<\/figcaption><\/figure>\n<p>Los pr\u00f3ximos d\u00edas <strong>23, 24 y 25 de octubre<\/strong> se celebrar\u00e1 en la sede Olavide en Carmona \u2013 Rectora Rosario Valpuesta el I Seminario de investigaci\u00f3n roman\u00edstica, con el t\u00edtulo <strong>&#8216;La persona colectiva en la experiencia jur\u00eddica romana&#8217;<\/strong>. Este evento est\u00e1 organizado por el \u00c1rea de Derecho romano de la Universidad Pablo de Olavide y el Grupo de investigaci\u00f3n &#8216;Del Derecho com\u00fan europeo al Derecho civil&#8217; (SEJ-302), y cuenta con la colaboraci\u00f3n de la <strong>Facultad de Derecho de la UPO<\/strong> y del <strong>Ayuntamiento de Carmona<\/strong>.<\/p>\n<p>Este encuentro cient\u00edfico, en el que participar\u00e1n romanistas de diferentes universidades nacionales e internacionales, as\u00ed como otros investigadores de Derecho privado, <strong>abordar\u00e1 la construcci\u00f3n de la personalidad colectiva en el Derecho romano, as\u00ed como los conflictos jur\u00eddicos acaecidos en el seno de las mismas y en su relaci\u00f3n con terceros<\/strong>.<\/p>\n<p>Asimismo, se atender\u00e1n diferentes cuestiones problem\u00e1ticas de las personas jur\u00eddicas, tanto de \u00e1mbito p\u00fablico (<em>populus, municipia, provinciae, fiscus<\/em>) como privado (<em>societates, collegia<\/em>). Puesto que las aportaciones roman\u00edsticas pueden considerarse un punto de partida del proceso de configuraci\u00f3n del concepto de persona jur\u00eddica en la dogm\u00e1tica moderna, se analizar\u00e1 su recepci\u00f3n posterior por el Derecho europeo, en particular, en la definici\u00f3n de las asociaciones, las fundaciones y las sociedades (civiles y mercantiles), y en las personas jur\u00eddicas p\u00fablicas.<\/p>\n<p>El seminario ser\u00e1 inaugurado ma\u00f1ana jueves 23 de octubre por <strong>Francisco Cuena<\/strong>, catedr\u00e1tico de Derecho romano de la Universidad de Cantabria. A lo largo de las sesiones, se abordar\u00e1n temas espec\u00edficos como \u201cLa teor\u00eda de las personas jur\u00eddicas\u201d, por <strong>Tammo Wallinga<\/strong>, profesor de la Universidad Erasmus de Rotterdam; \u201c<em>Urbs, civitas, SPQR<\/em>\u201d, a cargo del profesor de la Universidad Pablo de Olavide <strong>Bernardo Peri\u00f1\u00e1n<\/strong>; \u201c<em>Societates Publicanorum corpus habent<\/em>\u201d, por la profesora de la Universidad de C\u00e1diz Esther Pend\u00f3n o \u201cMujeres y <em>collegia <\/em>a la luz de la <em>lex Iulia\u201d<\/em> por la profesora de la UPO <strong>Aurora L\u00f3pez<\/strong>.<\/p>\n<p>Otros de los temas que se tratar\u00e1n a lo largo del seminario ser\u00e1n \u201cFundaciones y ancianidad en el mundo romano\u201d, por Santiago Cast\u00e1n, profesor de la Universidad Rey Juan Carlos o \u201cEl fiscus, un tema abierto\u201d, cuesti\u00f3n que ser\u00e1 abordada por la profesora de la UPO Anna Karabowicz.<\/p>\n<p>Adem\u00e1s, se analizar\u00e1 la responsabilidad colectiva con ponencias como \u201cLa responsabilidad penal corporativa\u201d, a cargo de la profesora Pilar P\u00e9rez, de la Universidad Aut\u00f3noma de Madrid o \u201cLa responsabilidad colectiva de los habitantes de un municipio seg\u00fan <em>Lex Visigothorum IX,1,21<\/em>\u201d por Edorta C\u00f3rcoles, profesor de la Universidad del Pa\u00eds Vasco, entre otros temas.<\/p>\n<p>La clausura del seminario tendr\u00e1 lugar el viernes 24 de octubre a las 19:30 h. y correr\u00e1 a cargo del profesor Bernardo Peri\u00f1\u00e1n, catedr\u00e1tico de Derecho romano de la UPO y Ram\u00f3n Gavira, delegado de Cultura, Turismo y Patrimonio Hist\u00f3rico del Ayuntamiento de Carmona. A lo largo de estos d\u00edas, los participantes tambi\u00e9n asistir\u00e1n a actividades culturales como las visitas al Museo de la Ciudad o a la Necr\u00f3polis de Carmona.<\/p>\n<p>Fuente: Fundaci\u00f3n Universidad Pablo de Olavide<\/p>\n","protected":false},"excerpt":{"rendered":"<p>Los pr\u00f3ximos d\u00edas 23, 24 y 25 de octubre se celebrar\u00e1 en la sede Olavide en Carmona \u2013 Rectora Rosario Valpuesta el I Seminario de investigaci\u00f3n roman\u00edstica, con el t\u00edtulo \u201cLa persona colectiva en la experiencia jur\u00eddica romana\u201d. Este evento est\u00e1 organizado por el \u00c1rea de Derecho romano de la Universidad Pablo de Olavide y el Grupo de investigaci\u00f3n \u201cDel Derecho com\u00fan europeo al Derecho civil\u201d (SEJ-302), y cuenta con la colaboraci\u00f3n de la Facultad de Derecho de la UPO y del Ayuntamiento de Carmona.<\/p>\n","protected":false},"author":6,"featured_media":30888481,"comment_status":"closed","ping_status":"open","sticky":false,"template":"","format":"standard","meta":{"_monsterinsights_skip_tracking":false,"_monsterinsights_sitenote_active":false,"_monsterinsights_sitenote_note":"","_monsterinsights_sitenote_category":0,"footnotes":""},"categories":[2779],"tags":[],"class_list":["post-30888478","post","type-post","status-publish","format-standard","has-post-thumbnail","hentry","category-docencia-formacion"],"_links":{"self":[{"href":"https:\/\/www.upo.es\/diario\/wp-json\/wp\/v2\/posts\/30888478","targetHints":{"allow":["GET"]}}],"collection":[{"href":"https:\/\/www.upo.es\/diario\/wp-json\/wp\/v2\/posts"}],"about":[{"href":"https:\/\/www.upo.es\/diario\/wp-json\/wp\/v2\/types\/post"}],"author":[{"embeddable":true,"href":"https:\/\/www.upo.es\/diario\/wp-json\/wp\/v2\/users\/6"}],"replies":[{"embeddable":true,"href":"https:\/\/www.upo.es\/diario\/wp-json\/wp\/v2\/comments?post=30888478"}],"version-history":[{"count":4,"href":"https:\/\/www.upo.es\/diario\/wp-json\/wp\/v2\/posts\/30888478\/revisions"}],"predecessor-version":[{"id":30888483,"href":"https:\/\/www.upo.es\/diario\/wp-json\/wp\/v2\/posts\/30888478\/revisions\/30888483"}],"wp:featuredmedia":[{"embeddable":true,"href":"https:\/\/www.upo.es\/diario\/wp-json\/wp\/v2\/media\/30888481"}],"wp:attachment":[{"href":"https:\/\/www.upo.es\/diario\/wp-json\/wp\/v2\/media?parent=30888478"}],"wp:term":[{"taxonomy":"category","embeddable":true,"href":"https:\/\/www.upo.es\/diario\/wp-json\/wp\/v2\/categories?post=30888478"},{"taxonomy":"post_tag","embeddable":true,"href":"https:\/\/www.upo.es\/diario\/wp-json\/wp\/v2\/tags?post=30888478"}],"curies":[{"name":"wp","href":"https:\/\/api.w.org\/{rel}","templated":true}]}}