{"id":30888504,"date":"2025-10-23T13:25:01","date_gmt":"2025-10-23T11:25:01","guid":{"rendered":"https:\/\/www.upo.es\/diario\/?p=30888504"},"modified":"2025-10-31T09:07:59","modified_gmt":"2025-10-31T08:07:59","slug":"la-upo-inicia-sus-titulos-propios-en-medicina-estetica-consultoria-tecnologica-hosteleria-bim-y-big-data","status":"publish","type":"post","link":"https:\/\/www.upo.es\/diario\/institucional\/2025\/10\/la-upo-inicia-sus-titulos-propios-en-medicina-estetica-consultoria-tecnologica-hosteleria-bim-y-big-data\/","title":{"rendered":"La UPO inicia sus t\u00edtulos propios en medicina est\u00e9tica, consultor\u00eda tecnol\u00f3gica, hosteler\u00eda, BIM y Big Data"},"content":{"rendered":"<figure id=\"attachment_30888506\" aria-describedby=\"caption-attachment-30888506\" style=\"width: 750px\" class=\"wp-caption aligncenter\"><a href=\"https:\/\/www.upo.es\/diario\/wp-content\/uploads\/2025\/10\/IMG_1659-scaled.jpg\"><img loading=\"lazy\" decoding=\"async\" class=\"wp-image-30888506 size-large\" src=\"https:\/\/www.upo.es\/diario\/wp-content\/uploads\/2025\/10\/IMG_1659-scaled-e1761218482355-750x406.jpg\" alt=\"Francisco Oliva en la inauguraci\u00f3n del M\u00e1ster en T\u00e9cnicas Avanzadas de Medicina Est\u00e9tica\" width=\"750\" height=\"406\" srcset=\"https:\/\/www.upo.es\/diario\/wp-content\/uploads\/2025\/10\/IMG_1659-scaled-e1761218482355-750x406.jpg 750w, https:\/\/www.upo.es\/diario\/wp-content\/uploads\/2025\/10\/IMG_1659-scaled-e1761218482355-420x228.jpg 420w, https:\/\/www.upo.es\/diario\/wp-content\/uploads\/2025\/10\/IMG_1659-scaled-e1761218482355-768x416.jpg 768w, https:\/\/www.upo.es\/diario\/wp-content\/uploads\/2025\/10\/IMG_1659-scaled-e1761218482355-1536x832.jpg 1536w, https:\/\/www.upo.es\/diario\/wp-content\/uploads\/2025\/10\/IMG_1659-scaled-e1761218482355-2048x1110.jpg 2048w, https:\/\/www.upo.es\/diario\/wp-content\/uploads\/2025\/10\/IMG_1659-scaled-e1761218482355-1320x715.jpg 1320w\" sizes=\"auto, (max-width: 750px) 100vw, 750px\" \/><\/a><figcaption id=\"caption-attachment-30888506\" class=\"wp-caption-text\">Francisco Oliva en la inauguraci\u00f3n del M\u00e1ster en T\u00e9cnicas Avanzadas de Medicina Est\u00e9tica<\/figcaption><\/figure>\n<p>La Universidad Pablo de Olavide ha iniciado en las \u00faltimas semanas algunos de los programas que forman parte de la <a href=\"https:\/\/www.upo.es\/formacionpermanente\/titulos-propios\/\">oferta de t\u00edtulos propios de la universidad para este curso 2025\/2026<\/a>. Los t\u00edtulos propios son programas formativos dise\u00f1ados para profesionales y reci\u00e9n graduados que buscan especializarse y destacar en su sector, y seg\u00fan la carga lectiva pueden ser <strong>M\u00e1ster de Formaci\u00f3n Permanente<\/strong> (60, 90 y 120 cr\u00e9ditos ECTS), <strong>Diplomas de Especializaci\u00f3n<\/strong> (de 30 a 59 ECTS), <strong>Diplomas de Experto<\/strong> (de 15 a 29 ECTS) y <strong>Certificado Universitario<\/strong> (hasta 30 ECTS).<\/p>\n<p><a href=\"https:\/\/www.upo.es\/diario\/wp-content\/uploads\/2025\/10\/IMG_1711-scaled.jpg\"><img loading=\"lazy\" decoding=\"async\" class=\"alignright size-medium wp-image-30888507\" src=\"https:\/\/www.upo.es\/diario\/wp-content\/uploads\/2025\/10\/IMG_1711-420x280.jpg\" alt=\"\" width=\"420\" height=\"280\" srcset=\"https:\/\/www.upo.es\/diario\/wp-content\/uploads\/2025\/10\/IMG_1711-420x280.jpg 420w, https:\/\/www.upo.es\/diario\/wp-content\/uploads\/2025\/10\/IMG_1711-750x500.jpg 750w, https:\/\/www.upo.es\/diario\/wp-content\/uploads\/2025\/10\/IMG_1711-768x512.jpg 768w, https:\/\/www.upo.es\/diario\/wp-content\/uploads\/2025\/10\/IMG_1711-1536x1024.jpg 1536w, https:\/\/www.upo.es\/diario\/wp-content\/uploads\/2025\/10\/IMG_1711-2048x1365.jpg 2048w, https:\/\/www.upo.es\/diario\/wp-content\/uploads\/2025\/10\/IMG_1711-165x109.jpg 165w, https:\/\/www.upo.es\/diario\/wp-content\/uploads\/2025\/10\/IMG_1711-1320x880.jpg 1320w\" sizes=\"auto, (max-width: 420px) 100vw, 420px\" \/><\/a>Entre los t\u00edtulos propios que ya han dado comienzo en la Universidad Pablo de Olavide se encuentra el <a href=\"https:\/\/www.upo.es\/formacionpermanente\/master-formacion-permanente\/tecnicas-avanzadas-en-medicina-estetica-cosmetica-y-regenerativa\/\">\u2018M\u00e1ster de Formaci\u00f3n Permanente en \u2018T\u00e9cnicas Avanzadas en Medicina Est\u00e9tica, Cosm\u00e9tica y Regenerativa\u2019<\/a>, que ha comenzado su s\u00e9ptima edici\u00f3n y cuenta con la colaboraci\u00f3n de la <strong>Cl\u00ednica Roc\u00edo V\u00e1zquez<\/strong> y con el aval de la <strong>Sociedad Espa\u00f1ola de Medicina Est\u00e9tica (SEME)<\/strong>. Un m\u00e1ster dirigido exclusivamente a profesionales de la medicina y es el \u00fanico m\u00e1ster de este tipo en Espa\u00f1a que incluye pr\u00e1cticas anat\u00f3micas con extremidades cef\u00e1licas.<\/p>\n<p>Otro de los programas estrenados es la segunda edici\u00f3n del m\u00e1ster en <a href=\"https:\/\/www.upo.es\/formacionpermanente\/master-formacion-permanente\/consultoria-tecnologica-especializacion-en-microsoft-dynamics\/\">\u2018Consultor\u00eda Tecnol\u00f3gica: Especializaci\u00f3n en Microsoft 365 Business Central\u2019<\/a>, un t\u00edtulo que adem\u00e1s de ofrecer una formaci\u00f3n integral en diversos \u00e1mbitos de la empresa como las finanzas,\u00a0log\u00edstica, proyectos y relaciones empresariales; incorpora <strong>certificaciones en Microsoft Dynamics 365 Business Central y Microsoft Power BI Data Analyst<\/strong>. Este programa, que incorpora la realizaci\u00f3n de pr\u00e1cticas en empresas en su programaci\u00f3n, finaliz\u00f3 su primera edici\u00f3n con una tasa de empleabilidad del 100%.<\/p>\n<p>Tambi\u00e9n han comenzado en los \u00faltimos d\u00edas los programas de m\u00e1ster y certificados universitarios que la Universidad Pablo de Olavide tiene en colaboraci\u00f3n con la<strong> Escuela Superior de Hosteler\u00eda de Sevilla<\/strong>. Se trata de la d\u00e9cimo octava edici\u00f3n del m\u00e1ster en <a href=\"https:\/\/www.upo.es\/formacionpermanente\/master-formacion-permanente\/direccion-y-administracion-de-empresas-hosteleras\/\">\u2018Direcci\u00f3n y Administraci\u00f3n de Empresas Hosteleras\u2019<\/a> y la tercera edici\u00f3n de los certificados del mismo nombre. Estos t\u00edtulos ofrecen a su estudiante un programa de pr\u00e1cticas en empresas, con orientaci\u00f3n y tutela en el desarrollo de la carrera directiva, para preparar el perfil profesional y aumentar las posibilidades de inserci\u00f3n profesional.<\/p>\n<p>Por \u00faltimo, se han iniciado tambi\u00e9n los programas de m\u00e1ster en <a href=\"https:\/\/www.upo.es\/formacionpermanente\/master-formacion-permanente\/analisis-bioinformatico-avanzado\/\">\u2018An\u00e1lisis Bioinform\u00e1tico Avanzado\u2019<\/a>, <a href=\"https:\/\/www.upo.es\/formacionpermanente\/master-formacion-permanente\/international-bim-manager-for-project-management-presencial\/\">\u2018International BIM Manager for Project Management according to ISO 19650: Building Information Modelling (BIM)\u2019<\/a>, tanto en su edici\u00f3n presencial (d\u00e9cima) como <em>online<\/em> (octava); y el m\u00e1ster de <a href=\"https:\/\/www.upo.es\/formacionpermanente\/master-formacion-permanente\/big-data-business-analytics\/\">\u2018Big Data &amp; Business Analytics\u2019<\/a> tres de los programas formativos m\u00e1s consolidados de la oferta actual.<\/p>\n<p>En total, m\u00e1s de 700 estudiantes se han matriculado en un t\u00edtulo propio de la Universidad Pablo de Olavide para el curso acad\u00e9mico 2025-2026, de los cuales m\u00e1s de 200 iniciaran su formaci\u00f3n a lo largo del mes de noviembre, con el inicio de programas como <a href=\"https:\/\/www.upo.es\/formacionpermanente\/master-formacion-permanente\/neuroestimulacion-percutanea-y-acupuntura-medica\/\">\u2018Neuroestimulaci\u00f3n percut\u00e1nea y acupuntura m\u00e9dica\u2019<\/a>, <a href=\"https:\/\/www.upo.es\/formacionpermanente\/master-formacion-permanente\/atencion-y-promocion-de-las-altas-capacidades\/\">\u2018Atenci\u00f3n y promoci\u00f3n de las altas capacidades\u2019<\/a>, \u2018<a href=\"https:\/\/www.upo.es\/formacionpermanente\/master-formacion-permanente\/trabajo-social-sanitario\/\">Trabajo social sanitario\u2019<\/a>, <a href=\"https:\/\/www.upo.es\/formacionpermanente\/master-formacion-permanente\/sistemas-integrados-de-gestion-calidad-y-medio-ambiente\/\">\u2018Sistemas Integrados de Gesti\u00f3n: Calidad y Medio Ambiente\u2019<\/a>, o <a href=\"https:\/\/www.upo.es\/formacionpermanente\/diploma-experto\/sexologia-aplicada-a-la-intervencion-social-y-educativa\/\">\u2018Sexolog\u00eda aplicada a la intervenci\u00f3n social y educativa\u2019<\/a>.<\/p>\n<p>El inicio escalonado de la oferta de t\u00edtulos propios se completar\u00e1 en el primer trimestre de 2026 con el inicio de programas de m\u00e1ster como <a href=\"https:\/\/www.upo.es\/formacionpermanente\/master-formacion-permanente\/atencion-temprana\/\">\u2018Atenci\u00f3n temprana\u2019<\/a>, <a href=\"https:\/\/www.upo.es\/formacionpermanente\/master-formacion-permanente\/musicoterapia-aplicada\/\">\u2018Musicoterapia aplicada\u2019<\/a>; as\u00ed como los certificados \u2018<a href=\"https:\/\/www.upo.es\/formacionpermanente\/certificado-universitario\/formacion-de-formadores-metodologia-presencial-y-e-learning\/\">Formaci\u00f3n de formadores: metodolog\u00eda e-learning\u2019<\/a>, <a href=\"https:\/\/www.upo.es\/formacionpermanente\/certificado-universitario\/organizacion-de-eventos-deportivos\">\u2018Organizaci\u00f3n de eventos deportivos\u2019<\/a>, o <a href=\"https:\/\/www.upo.es\/formacionpermanente\/certificado-universitario\/fundamentos-criticos-los-derechos-humanos-como-procesos-de-lucha-por-la-dignidad\/\">\u2018Fundamentos cr\u00edticos: los Derechoso Humanos como procesos de lucha por la dignidad\u2019<\/a>, entre otros t\u00edtulos.<\/p>\n<h3>Colaboraci\u00f3n de empresas y entidades<\/h3>\n<p>Para la puesta en marcha de todos estos t\u00edtulos de Formaci\u00f3n Permanente que ofrecen una formaci\u00f3n de calidad y actualizada a las \u00faltimas tendencias del mercado laboral, la Universidad Pablo de Olavide cuenta con la colaboraci\u00f3n de numerosas entidades que participan en el dise\u00f1o y la impartici\u00f3n de algunos de estos t\u00edtulos. Para ello existen alianzas clave con asociaciones empresariales, colegios profesionales, administraciones p\u00fablicas y empresas y entidades.<\/p>\n<p>Los T\u00edtulos Propios de la Universidad Pablo de Olavide est\u00e1n dise\u00f1ados bajo las directrices del Vicerrectorado de Relaciones Institucionales, Formaci\u00f3n Permanente y Fundaciones y se gestionan a trav\u00e9s del \u00c1rea de T\u00edtulos Propios de la Fundaci\u00f3n Universidad Pablo de Olavide.<\/p>\n<p>M\u00e1s informaci\u00f3n: <a href=\"https:\/\/www.upo.es\/formacionpermanente\/titulos-propios\/\">https:\/\/www.upo.es\/formacionpermanente\/titulos-propios\/<\/a><\/p>\n<p>Fuente: <strong>\u00a0Fundaci\u00f3n Universidad Pablo de Olavide<\/strong><\/p>\n","protected":false},"excerpt":{"rendered":"<p>La Universidad Pablo de Olavide ha iniciado en las \u00faltimas semanas algunos de los programas que forman parte de la oferta de t\u00edtulos propios de la universidad para este curso 2025\/2026. Los t\u00edtulos propios son programas formativos dise\u00f1ados para profesionales y reci\u00e9n graduados que buscan especializarse y destacar en su sector, y seg\u00fan la carga lectiva pueden ser M\u00e1ster de Formaci\u00f3n Permanente (60, 90 y 120 cr\u00e9ditos ECTS), Diplomas de Especializaci\u00f3n (de 30 a 59 ECTS), Diplomas de Experto (de 15 a 29 ECTS) y Certificado Universitario (hasta 30 ECTS). <\/p>\n","protected":false},"author":6,"featured_media":30888506,"comment_status":"closed","ping_status":"open","sticky":false,"template":"","format":"standard","meta":{"_monsterinsights_skip_tracking":false,"_monsterinsights_sitenote_active":false,"_monsterinsights_sitenote_note":"","_monsterinsights_sitenote_category":0,"footnotes":""},"categories":[6],"tags":[9311,2660,4467,328,2474,118,8598,1320],"class_list":["post-30888504","post","type-post","status-publish","format-standard","has-post-thumbnail","hentry","category-institucional","tag-certificado-universitario","tag-diploma-de-especializacion","tag-diploma-de-experto","tag-formacion-permanente","tag-fundacion-universidad-pablo-de-olavide","tag-master","tag-masteres-de-formacion-permanente","tag-titulos-propios"],"_links":{"self":[{"href":"https:\/\/www.upo.es\/diario\/wp-json\/wp\/v2\/posts\/30888504","targetHints":{"allow":["GET"]}}],"collection":[{"href":"https:\/\/www.upo.es\/diario\/wp-json\/wp\/v2\/posts"}],"about":[{"href":"https:\/\/www.upo.es\/diario\/wp-json\/wp\/v2\/types\/post"}],"author":[{"embeddable":true,"href":"https:\/\/www.upo.es\/diario\/wp-json\/wp\/v2\/users\/6"}],"replies":[{"embeddable":true,"href":"https:\/\/www.upo.es\/diario\/wp-json\/wp\/v2\/comments?post=30888504"}],"version-history":[{"count":4,"href":"https:\/\/www.upo.es\/diario\/wp-json\/wp\/v2\/posts\/30888504\/revisions"}],"predecessor-version":[{"id":30888616,"href":"https:\/\/www.upo.es\/diario\/wp-json\/wp\/v2\/posts\/30888504\/revisions\/30888616"}],"wp:featuredmedia":[{"embeddable":true,"href":"https:\/\/www.upo.es\/diario\/wp-json\/wp\/v2\/media\/30888506"}],"wp:attachment":[{"href":"https:\/\/www.upo.es\/diario\/wp-json\/wp\/v2\/media?parent=30888504"}],"wp:term":[{"taxonomy":"category","embeddable":true,"href":"https:\/\/www.upo.es\/diario\/wp-json\/wp\/v2\/categories?post=30888504"},{"taxonomy":"post_tag","embeddable":true,"href":"https:\/\/www.upo.es\/diario\/wp-json\/wp\/v2\/tags?post=30888504"}],"curies":[{"name":"wp","href":"https:\/\/api.w.org\/{rel}","templated":true}]}}