{"id":30888566,"date":"2025-10-27T07:05:58","date_gmt":"2025-10-27T06:05:58","guid":{"rendered":"https:\/\/www.upo.es\/diario\/?p=30888566"},"modified":"2025-10-28T14:07:31","modified_gmt":"2025-10-28T13:07:31","slug":"orbita-olavide-dedica-su-ultimo-episodio-a-una-entrevista-en-profundidad-con-lucia-munoz-garcia","status":"publish","type":"post","link":"https:\/\/www.upo.es\/diario\/podcast\/2025\/10\/orbita-olavide-dedica-su-ultimo-episodio-a-una-entrevista-en-profundidad-con-lucia-munoz-garcia\/","title":{"rendered":"&#8216;\u00d3rbita Olavide&#8217; dedica su \u00faltimo episodio a una entrevista en profundidad con Luc\u00eda Mu\u00f1oz Garc\u00eda"},"content":{"rendered":"<p><iframe loading=\"lazy\" id=\"pumukitiframe\" src=\"https:\/\/upotv.upo.es\/iframe\/68ff3fd7abe3c6a3958b4568\" width=\"560\" height=\"315\" frameborder=\"0\" allowfullscreen=\"allowfullscreen\"><\/iframe><\/p>\n<p data-start=\"520\" data-end=\"887\">El programa <strong data-start=\"532\" data-end=\"550\"><em>\u00d3rbita Olavide<\/em><\/strong>, espacio de divulgaci\u00f3n universitaria e informativo de <strong data-start=\"592\" data-end=\"607\">RadiOlavide<\/strong>, dedica su nuevo episodio a <strong data-start=\"636\" data-end=\"658\">Luc\u00eda Mu\u00f1oz Garc\u00eda<\/strong>, profesora del Departamento de Trabajo Social y Servicios Sociales de la <strong data-start=\"732\" data-end=\"764\">UPO<\/strong>, doctora en Ciencias Sociales y profesional con una amplia experiencia en el \u00e1mbito de la <strong data-start=\"855\" data-end=\"884\">cooperaci\u00f3n internacional<\/strong>.<\/p>\n<p data-start=\"889\" data-end=\"1385\">A lo largo de la conversaci\u00f3n, Luc\u00eda Mu\u00f1oz repasa su trayectoria profesional y acad\u00e9mica, marcada por su participaci\u00f3n en proyectos desarrollados en <strong data-start=\"1038\" data-end=\"1087\">Bolivia, Per\u00fa, India, Siria o Costa de Marfil<\/strong>, centrados en la <strong data-start=\"1105\" data-end=\"1128\">intervenci\u00f3n social<\/strong>, la <strong data-start=\"1133\" data-end=\"1169\">evaluaci\u00f3n de pol\u00edticas p\u00fablicas<\/strong> y la <strong data-start=\"1175\" data-end=\"1218\">promoci\u00f3n de la resiliencia comunitaria<\/strong>. Tambi\u00e9n aborda temas como las <strong data-start=\"1250\" data-end=\"1275\">desigualdades urbanas<\/strong>, la <strong data-start=\"1280\" data-end=\"1300\">gobernanza local<\/strong> y el <strong data-start=\"1306\" data-end=\"1327\">desarrollo social<\/strong>, ejes que atraviesan su trabajo docente e investigador.<\/p>\n<p data-start=\"1387\" data-end=\"1682\">La profesora comparte adem\u00e1s los detalles del <strong data-start=\"1433\" data-end=\"1477\">regreso del programa <em>Creando Comunidad<\/em>\u00bb<\/strong>, que coordina y que vuelve a <strong data-start=\"1507\" data-end=\"1522\">RadiOlavide<\/strong> con un formato <strong data-start=\"1538\" data-end=\"1581\">renovado, participativo y transformador<\/strong>, reforzando el papel de la universidad como espacio de encuentro, aprendizaje y compromiso social.<\/p>\n<p data-start=\"1684\" data-end=\"1952\">El episodio incluye tambi\u00e9n un reportaje sobre la <strong data-start=\"1734\" data-end=\"1783\">2.\u00aa edici\u00f3n del D\u00eda de las Nuevas Poblaciones<\/strong>, organizada el pasado <strong data-start=\"1806\" data-end=\"1822\">8 de octubre<\/strong> por la <strong data-start=\"1830\" data-end=\"1874\">Fundaci\u00f3n de Municipios Pablo de Olavide<\/strong>, en conmemoraci\u00f3n del <strong data-start=\"1897\" data-end=\"1949\">tricentenario del nacimiento de Pablo de Olavide<\/strong><strong>.<\/strong><\/p>\n<p><strong><a href=\"https:\/\/www.upo.es\/diario\/wp-content\/uploads\/2025\/10\/Orbita-Olavide-octubre-2025.jpg\"><img loading=\"lazy\" decoding=\"async\" class=\"alignleft size-medium wp-image-30888567\" src=\"https:\/\/www.upo.es\/diario\/wp-content\/uploads\/2025\/10\/Orbita-Olavide-octubre-2025-420x323.jpg\" alt=\"\u00d3rbita Olavide\" width=\"420\" height=\"323\" \/><\/a>Cr\u00e9ditos:<\/strong><\/p>\n<p>Presenta: Silvia Estudillo Esp\u00e1rraga y Noelia C\u00e1meron N\u00fa\u00f1ez<\/p>\n<p>Realizaci\u00f3n y edici\u00f3n: Nicol\u00e1s Delgado<\/p>\n<hr \/>\n<h3>M\u00e1s estrenos de RadiOlavide:<\/h3>\n<p><em><strong>Creando Comunidad.<\/strong> <\/em>&#8216;Vivir en la Residencia Flora Trist\u00e1n: barrio, universidad y comunidad en el Pol\u00edgono Sur&#8217;:<br \/>\n<a href=\"https:\/\/upotv.upo.es\/video\/68f8d458abe3c6c55a8b456c\">https:\/\/upotv.upo.es\/video\/68f8d458abe3c6c55a8b456c<\/a><\/p>\n<p><strong><em>Sociolog\u00eda para el d\u00eda a d\u00eda<\/em><em>. De la academia a la pr\u00e1ctica cotidiana.<\/em><\/strong> &#8216;La juventud rural ante el dilema de la movilidad&#8217;:<br \/>\n<a href=\"https:\/\/upotv.upo.es\/video\/68f0c230abe3c69d078b4567\">https:\/\/upotv.upo.es\/video\/68f0c230abe3c69d078b4567<\/a><\/p>\n<p><strong><em>Audita Parte<\/em><\/strong>. &#8216;Trayectorias que abren camino: las nuevas Ayudantes Doctoras en Audita Parte&#8217;:<br \/>\n<a href=\"https:\/\/upotv.upo.es\/video\/68ef7e97abe3c66ffb8b4569\">https:\/\/upotv.upo.es\/video\/68ef7e97abe3c66ffb8b4569<\/a><\/p>\n","protected":false},"excerpt":{"rendered":"<p>El programa \u00d3rbita Olavide, espacio de divulgaci\u00f3n universitaria e informativo de RadiOlavide, dedica su nuevo episodio a Luc\u00eda Mu\u00f1oz Garc\u00eda, profesora del Departamento de Trabajo Social y Servicios Sociales de la UPO, doctora en Ciencias Sociales y profesional con una amplia experiencia en el \u00e1mbito de la cooperaci\u00f3n internacional. A lo largo de la conversaci\u00f3n, Luc\u00eda Mu\u00f1oz repasa su trayectoria<a class=\"read-more\" href=\"https:\/\/www.upo.es\/diario\/podcast\/2025\/10\/orbita-olavide-dedica-su-ultimo-episodio-a-una-entrevista-en-profundidad-con-lucia-munoz-garcia\/\">[Read More&#8230;]<\/a><\/p>\n","protected":false},"author":6,"featured_media":30888567,"comment_status":"closed","ping_status":"open","sticky":false,"template":"","format":"video","meta":{"_monsterinsights_skip_tracking":false,"_monsterinsights_sitenote_active":false,"_monsterinsights_sitenote_note":"","_monsterinsights_sitenote_category":0,"footnotes":""},"categories":[8145],"tags":[],"class_list":["post-30888566","post","type-post","status-publish","format-video","has-post-thumbnail","hentry","category-podcast","post_format-post-format-video"],"_links":{"self":[{"href":"https:\/\/www.upo.es\/diario\/wp-json\/wp\/v2\/posts\/30888566","targetHints":{"allow":["GET"]}}],"collection":[{"href":"https:\/\/www.upo.es\/diario\/wp-json\/wp\/v2\/posts"}],"about":[{"href":"https:\/\/www.upo.es\/diario\/wp-json\/wp\/v2\/types\/post"}],"author":[{"embeddable":true,"href":"https:\/\/www.upo.es\/diario\/wp-json\/wp\/v2\/users\/6"}],"replies":[{"embeddable":true,"href":"https:\/\/www.upo.es\/diario\/wp-json\/wp\/v2\/comments?post=30888566"}],"version-history":[{"count":1,"href":"https:\/\/www.upo.es\/diario\/wp-json\/wp\/v2\/posts\/30888566\/revisions"}],"predecessor-version":[{"id":30888568,"href":"https:\/\/www.upo.es\/diario\/wp-json\/wp\/v2\/posts\/30888566\/revisions\/30888568"}],"wp:featuredmedia":[{"embeddable":true,"href":"https:\/\/www.upo.es\/diario\/wp-json\/wp\/v2\/media\/30888567"}],"wp:attachment":[{"href":"https:\/\/www.upo.es\/diario\/wp-json\/wp\/v2\/media?parent=30888566"}],"wp:term":[{"taxonomy":"category","embeddable":true,"href":"https:\/\/www.upo.es\/diario\/wp-json\/wp\/v2\/categories?post=30888566"},{"taxonomy":"post_tag","embeddable":true,"href":"https:\/\/www.upo.es\/diario\/wp-json\/wp\/v2\/tags?post=30888566"}],"curies":[{"name":"wp","href":"https:\/\/api.w.org\/{rel}","templated":true}]}}