{"id":30888649,"date":"2025-11-03T15:16:17","date_gmt":"2025-11-03T14:16:17","guid":{"rendered":"https:\/\/www.upo.es\/diario\/?p=30888649"},"modified":"2025-11-11T19:31:56","modified_gmt":"2025-11-11T18:31:56","slug":"inauguracion-masteres-universitarios","status":"publish","type":"post","link":"https:\/\/www.upo.es\/diario\/institucional\/2025\/11\/inauguracion-masteres-universitarios\/","title":{"rendered":"David Naranjo: \u00abEstudiar un m\u00e1ster no es acumular conocimiento, sino aprender a mirar con sentido cr\u00edtico\u00bb"},"content":{"rendered":"<figure id=\"attachment_30888650\" aria-describedby=\"caption-attachment-30888650\" style=\"width: 750px\" class=\"wp-caption aligncenter\"><a href=\"https:\/\/www.upo.es\/diario\/wp-content\/uploads\/2025\/11\/Inaug-Masteres-2025-26-5818-scaled.jpg\"><img loading=\"lazy\" decoding=\"async\" class=\"wp-image-30888650 size-large\" src=\"https:\/\/www.upo.es\/diario\/wp-content\/uploads\/2025\/11\/Inaug-Masteres-2025-26-5818-750x500.jpg\" alt=\"Desde la izquierda, Igor P\u00e9rez Tostado, David Naranjo y Roc\u00edo Ruiz\" width=\"750\" height=\"500\" srcset=\"https:\/\/www.upo.es\/diario\/wp-content\/uploads\/2025\/11\/Inaug-Masteres-2025-26-5818-750x500.jpg 750w, https:\/\/www.upo.es\/diario\/wp-content\/uploads\/2025\/11\/Inaug-Masteres-2025-26-5818-420x280.jpg 420w, https:\/\/www.upo.es\/diario\/wp-content\/uploads\/2025\/11\/Inaug-Masteres-2025-26-5818-768x512.jpg 768w, https:\/\/www.upo.es\/diario\/wp-content\/uploads\/2025\/11\/Inaug-Masteres-2025-26-5818-1536x1024.jpg 1536w, https:\/\/www.upo.es\/diario\/wp-content\/uploads\/2025\/11\/Inaug-Masteres-2025-26-5818-2048x1365.jpg 2048w, https:\/\/www.upo.es\/diario\/wp-content\/uploads\/2025\/11\/Inaug-Masteres-2025-26-5818-165x109.jpg 165w, https:\/\/www.upo.es\/diario\/wp-content\/uploads\/2025\/11\/Inaug-Masteres-2025-26-5818-1320x880.jpg 1320w\" sizes=\"auto, (max-width: 750px) 100vw, 750px\" \/><\/a><figcaption id=\"caption-attachment-30888650\" class=\"wp-caption-text\">Desde la izquierda, Igor P\u00e9rez Tostado, David Naranjo y Roc\u00edo Ruiz<\/figcaption><\/figure>\n<p>La Universidad Pablo de Olavide ha celebrado esta ma\u00f1ana el acto inaugural de los programas de <a href=\"https:\/\/www.upo.es\/master\/es\/master\/\">M\u00e1ster Universitario del curso 2025\/2026<\/a>. <strong>M\u00e1s de 1.200 estudiantes comienzan as\u00ed esta semana sus estudios oficiales de postgrado en alguno de los 43 programas que imparte el <a href=\"https:\/\/www.upo.es\/master\/es\/el-centro\/Centro-de-Estudios-de-Postgrado\/\">CEDEP, Centro de Estudios de Postgrado<\/a><\/strong> de la UPO. \u00abCada uno de vosotros y vosotras llega con un bagaje distinto, pero os une la pasi\u00f3n por aprender y construir una sociedad mejor\u00bb, ha se\u00f1alado David Naranjo, vicerrector de Grado y M\u00e1ster, tras dar la bienvenida a la Universidad \u00abuno de los escasos lugares donde a\u00fan podemos hacernos preguntas de verdad, y eso es un privilegio en tiempos dominados por las respuestas r\u00e1pidas\u00bb.<\/p>\n<figure id=\"attachment_30888651\" aria-describedby=\"caption-attachment-30888651\" style=\"width: 420px\" class=\"wp-caption alignright\"><a href=\"https:\/\/www.upo.es\/diario\/wp-content\/uploads\/2025\/11\/Inaug-Masteres-2025-26-5761-scaled.jpg\"><img loading=\"lazy\" decoding=\"async\" class=\"size-medium wp-image-30888651\" src=\"https:\/\/www.upo.es\/diario\/wp-content\/uploads\/2025\/11\/Inaug-Masteres-2025-26-5761-420x280.jpg\" alt=\"Acto inaugural de los M\u00e1steres Universitarios en el Paraninfo\" width=\"420\" height=\"280\" srcset=\"https:\/\/www.upo.es\/diario\/wp-content\/uploads\/2025\/11\/Inaug-Masteres-2025-26-5761-420x280.jpg 420w, https:\/\/www.upo.es\/diario\/wp-content\/uploads\/2025\/11\/Inaug-Masteres-2025-26-5761-750x500.jpg 750w, https:\/\/www.upo.es\/diario\/wp-content\/uploads\/2025\/11\/Inaug-Masteres-2025-26-5761-768x512.jpg 768w, https:\/\/www.upo.es\/diario\/wp-content\/uploads\/2025\/11\/Inaug-Masteres-2025-26-5761-1536x1024.jpg 1536w, https:\/\/www.upo.es\/diario\/wp-content\/uploads\/2025\/11\/Inaug-Masteres-2025-26-5761-2048x1365.jpg 2048w, https:\/\/www.upo.es\/diario\/wp-content\/uploads\/2025\/11\/Inaug-Masteres-2025-26-5761-165x109.jpg 165w, https:\/\/www.upo.es\/diario\/wp-content\/uploads\/2025\/11\/Inaug-Masteres-2025-26-5761-1320x880.jpg 1320w\" sizes=\"auto, (max-width: 420px) 100vw, 420px\" \/><\/a><figcaption id=\"caption-attachment-30888651\" class=\"wp-caption-text\">Acto inaugural de los M\u00e1steres Universitarios en el Paraninfo<\/figcaption><\/figure>\n<p>Naranjo Gil ha destacado que cada m\u00e1ster, pese a profundizar en distintas ramas acad\u00e9micas, \u00abcomparte una misma esencia, la b\u00fasqueda de respuestas que mejoren la vida de las personas\u00bb, en una Universidad \u00aben la que creemos en el poder del conocimiento\u00bb. \u00abLo que investigamos, aprendemos y ense\u00f1amos debe servir para afrontar los grandes retos que afrontamos, pero no desde una disciplina sino sumando perspectivas, uniendo ciencia y humanidades, \u00e9tica y gesti\u00f3n, reflexi\u00f3n y acci\u00f3n\u00bb, afirm\u00f3 el vicerrector de Grado y M\u00e1ster.<\/p>\n<p>Previamente, <strong>Roc\u00edo Ruiz, directora general de M\u00e1ster de la Universidad, resalt\u00f3 la actualizaci\u00f3n de los contenidos y la adaptaci\u00f3n al mercado laboral de los 43 programas que la Olavide imparte este curso<\/strong>, de los que once son interuniversitarios. \u00abGracias al compromiso de las comisiones acad\u00e9micas, en un trabajo de renovaci\u00f3n de los planes formativos para alinearlos con las nuevas tendencias acad\u00e9micas y profesionales\u00bb. Asimismo, puso de relieve que, junto a los setecientos profesores de la Universidad, los m\u00e1steres contar\u00e1n con acad\u00e9micos de prestigiosos campus de Europa y Am\u00e9rica, adem\u00e1s de profesionales de empresas l\u00edderes en sus sectores. Ruiz Ben\u00edtez subray\u00f3 tambi\u00e9n la diversidad del alumnado, procedente de m\u00e1s de treinta pa\u00edses. \u00abDesde hoy, vamos a intentar ofreceros el mejor entorno acad\u00e9mico y humano posible\u00bb, ha concluido.<\/p>\n<h3><strong>Conferencia inaugural de Igor P\u00e9rez Tostado<\/strong><\/h3>\n<figure id=\"attachment_30888652\" aria-describedby=\"caption-attachment-30888652\" style=\"width: 420px\" class=\"wp-caption alignleft\"><a href=\"https:\/\/www.upo.es\/diario\/wp-content\/uploads\/2025\/11\/Inaug-Masteres-2025-26-5797-scaled.jpg\"><img loading=\"lazy\" decoding=\"async\" class=\"size-medium wp-image-30888652\" src=\"https:\/\/www.upo.es\/diario\/wp-content\/uploads\/2025\/11\/Inaug-Masteres-2025-26-5797-420x280.jpg\" alt=\"Igor P\u00e9rez Tostado durante su conferencia\" width=\"420\" height=\"280\" srcset=\"https:\/\/www.upo.es\/diario\/wp-content\/uploads\/2025\/11\/Inaug-Masteres-2025-26-5797-420x280.jpg 420w, https:\/\/www.upo.es\/diario\/wp-content\/uploads\/2025\/11\/Inaug-Masteres-2025-26-5797-750x500.jpg 750w, https:\/\/www.upo.es\/diario\/wp-content\/uploads\/2025\/11\/Inaug-Masteres-2025-26-5797-768x512.jpg 768w, https:\/\/www.upo.es\/diario\/wp-content\/uploads\/2025\/11\/Inaug-Masteres-2025-26-5797-1536x1024.jpg 1536w, https:\/\/www.upo.es\/diario\/wp-content\/uploads\/2025\/11\/Inaug-Masteres-2025-26-5797-2048x1365.jpg 2048w, https:\/\/www.upo.es\/diario\/wp-content\/uploads\/2025\/11\/Inaug-Masteres-2025-26-5797-165x109.jpg 165w, https:\/\/www.upo.es\/diario\/wp-content\/uploads\/2025\/11\/Inaug-Masteres-2025-26-5797-1320x880.jpg 1320w\" sizes=\"auto, (max-width: 420px) 100vw, 420px\" \/><\/a><figcaption id=\"caption-attachment-30888652\" class=\"wp-caption-text\">Igor P\u00e9rez Tostado<\/figcaption><\/figure>\n<p>\u2018<strong><em>Entre archivos y algoritmos: los desaf\u00edos de la investigaci\u00f3n hist\u00f3rica en la era de la inteligencia artificial<\/em><\/strong>\u2019 ha sido el t\u00edtulo de la conferencia con la que Igor P\u00e9rez Tostado ha inaugurado los m\u00e1steres universitarios 2025\/2026. <strong>\u00abEn la investigaci\u00f3n, vivimos uno de los momentos m\u00e1s singulares desde la \u00e9poca de la imprenta\u00bb, ha afirmado el historiador de la Pablo de Olavide<\/strong>, en referencia a los cambios metodol\u00f3gicos por el avance de la tecnolog\u00eda en general, y de la IA en particular. \u00abEs un per\u00edodo de evoluci\u00f3n acelerada, no por un \u00fanico cambio tecnol\u00f3gico, sino por varios que se interconectan y afectan entre s\u00ed. La inteligencia artificial es una metatecnolog\u00eda\u00bb, ha se\u00f1alado. \u00abEsto nos permite, tanto en Historia como en las dem\u00e1s disciplinas, hacer an\u00e1lisis que antes eran imposibles. Si sabemos formular las preguntas adecuadas, las nuevas herramientas nos dar\u00e1n las respuestas\u00bb, P\u00e9rez Tostado ha puesto as\u00ed de relieve el papel central del investigador. \u00abEntre archivos y algoritmos, la investigaci\u00f3n siempre va a ser el arte de comprender lo desconocido\u00bb, ha concluido.<\/p>\n","protected":false},"excerpt":{"rendered":"<p>El vicerrector de Grado y M\u00e1ster da la bienvenida a los m\u00e1s de 1.200 estudiantes que comienzan sus estudios oficiales de postgrado en la Universidad Pablo de Olavide.<\/p>\n","protected":false},"author":6,"featured_media":30888650,"comment_status":"closed","ping_status":"open","sticky":false,"template":"","format":"standard","meta":{"_monsterinsights_skip_tracking":false,"_monsterinsights_sitenote_active":false,"_monsterinsights_sitenote_note":"","_monsterinsights_sitenote_category":0,"footnotes":""},"categories":[6],"tags":[614,3203,9137,4568,609,21,2991,151,1563,82,8857],"class_list":["post-30888649","post","type-post","status-publish","format-standard","has-post-thumbnail","hentry","category-institucional","tag-cedep","tag-centro-de-estudios-de-postgrado","tag-curso-2025-2026","tag-david-naranjo-gil","tag-especializacion","tag-estudiantes","tag-igor-perez-tostado","tag-inteligencia-artificial","tag-masteres-universitarios","tag-postgrado","tag-vicerrectorado-de-grado-y-master"],"_links":{"self":[{"href":"https:\/\/www.upo.es\/diario\/wp-json\/wp\/v2\/posts\/30888649","targetHints":{"allow":["GET"]}}],"collection":[{"href":"https:\/\/www.upo.es\/diario\/wp-json\/wp\/v2\/posts"}],"about":[{"href":"https:\/\/www.upo.es\/diario\/wp-json\/wp\/v2\/types\/post"}],"author":[{"embeddable":true,"href":"https:\/\/www.upo.es\/diario\/wp-json\/wp\/v2\/users\/6"}],"replies":[{"embeddable":true,"href":"https:\/\/www.upo.es\/diario\/wp-json\/wp\/v2\/comments?post=30888649"}],"version-history":[{"count":1,"href":"https:\/\/www.upo.es\/diario\/wp-json\/wp\/v2\/posts\/30888649\/revisions"}],"predecessor-version":[{"id":30888653,"href":"https:\/\/www.upo.es\/diario\/wp-json\/wp\/v2\/posts\/30888649\/revisions\/30888653"}],"wp:featuredmedia":[{"embeddable":true,"href":"https:\/\/www.upo.es\/diario\/wp-json\/wp\/v2\/media\/30888650"}],"wp:attachment":[{"href":"https:\/\/www.upo.es\/diario\/wp-json\/wp\/v2\/media?parent=30888649"}],"wp:term":[{"taxonomy":"category","embeddable":true,"href":"https:\/\/www.upo.es\/diario\/wp-json\/wp\/v2\/categories?post=30888649"},{"taxonomy":"post_tag","embeddable":true,"href":"https:\/\/www.upo.es\/diario\/wp-json\/wp\/v2\/tags?post=30888649"}],"curies":[{"name":"wp","href":"https:\/\/api.w.org\/{rel}","templated":true}]}}