{"id":30888667,"date":"2025-11-04T15:50:38","date_gmt":"2025-11-04T14:50:38","guid":{"rendered":"https:\/\/www.upo.es\/diario\/?p=30888667"},"modified":"2025-11-04T15:51:48","modified_gmt":"2025-11-04T14:51:48","slug":"upo-compromiso-alumnado-dos-programas-becas","status":"publish","type":"post","link":"https:\/\/www.upo.es\/diario\/comunidad\/2025\/11\/upo-compromiso-alumnado-dos-programas-becas\/","title":{"rendered":"La UPO refuerza su compromiso con su alumnado con dos programas de becas"},"content":{"rendered":"<p><a href=\"https:\/\/www.upo.es\/diario\/wp-content\/uploads\/2025\/11\/LaLuna-UPO-3-69-1.jpg\"><img loading=\"lazy\" decoding=\"async\" class=\"alignright size-medium wp-image-30888669\" src=\"https:\/\/www.upo.es\/diario\/wp-content\/uploads\/2025\/11\/LaLuna-UPO-3-69-1-420x280.jpg\" alt=\"\" width=\"420\" height=\"280\" srcset=\"https:\/\/www.upo.es\/diario\/wp-content\/uploads\/2025\/11\/LaLuna-UPO-3-69-1-420x280.jpg 420w, https:\/\/www.upo.es\/diario\/wp-content\/uploads\/2025\/11\/LaLuna-UPO-3-69-1-750x500.jpg 750w, https:\/\/www.upo.es\/diario\/wp-content\/uploads\/2025\/11\/LaLuna-UPO-3-69-1-768x512.jpg 768w, https:\/\/www.upo.es\/diario\/wp-content\/uploads\/2025\/11\/LaLuna-UPO-3-69-1-165x109.jpg 165w, https:\/\/www.upo.es\/diario\/wp-content\/uploads\/2025\/11\/LaLuna-UPO-3-69-1.jpg 1000w\" sizes=\"auto, (max-width: 420px) 100vw, 420px\" \/><\/a>La Universidad Pablo de Olavide, a trav\u00e9s del Vicerrectorado de Estudiantes, implementa dos programas de becas que fomentan la equidad social y la excelencia acad\u00e9mica: las <strong>Becas UPO-Santander Comedor <\/strong>y el <strong>Programa de Becas Santander Ayuda Econ\u00f3mica 2025<\/strong>.<\/p>\n<p>Ambas iniciativas, integradas en el Plan Propio de Becas y Ayudas de la UPO y desarrolladas en colaboraci\u00f3n con el Banco Santander, tienen como objetivo garantizar que ning\u00fan estudiante vea comprometido su acceso, permanencia o \u00e9xito acad\u00e9mico por motivos econ\u00f3micos, sociales o circunstancias personales.<\/p>\n<p>A pesar de la situaci\u00f3n econ\u00f3mica por la que atraviesa la Universidad p\u00fablica, se ha realizado el esfuerzo para ampliar el n\u00famero de ayudas y atender a las necesidades reales del alumnado. As\u00ed, la <strong><u>convocatoria de <a href=\"https:\/\/www.upo.es\/portal\/impe\/web\/contenido\/a57af33a-5be2-11f0-8e56-3fe5a96f4a88\">Becas Comedor<\/a><\/u><\/strong> ofrece un total de <strong>185 plazas<\/strong>, un 54% m\u00e1s que las 120 inicialmente previstas. Estas becas, dirigidas a estudiantes con niveles de renta familiar iguales o inferiores a los umbrales establecidos por el Ministerio de la Presidencia, Justicia y Relaciones con las Cortes, cubren el 100% del coste del men\u00fa universitario durante los d\u00edas lectivos del curso 2025\/26.<\/p>\n<p>Por su parte, el <a href=\"https:\/\/www.upo.es\/portal\/impe\/web\/contenido\/da9212c4-5e3c-11f0-8f46-3fe5a96f4a88\"><strong>Programa de Becas Ayuda Econ\u00f3mica 2025<\/strong><\/a> reconoce el esfuerzo y la excelencia acad\u00e9mica del estudiantado con <strong>100 becas de 1000 \u20ac<\/strong> cada una, 85 distribuidas entre los grados y 15 entre los m\u00e1steres universitarios de la UPO. Adem\u00e1s, se han reservado becas espec\u00edficas para colectivos vulnerables: cinco para estudiantes con discapacidad; tres para estudiantes con condici\u00f3n EDER-UPO y una para v\u00edctimas de violencia de g\u00e9nero.<\/p>\n<p>La selecci\u00f3n se realiza mediante concurrencia competitiva, valorando la nota media obtenida en el curso 2024\/25 y garantizando que el estudiantado compita en condiciones de igualdad dentro de su titulaci\u00f3n o colectivo.<\/p>\n<p>Con estas medidas, la Universidad Pablo de Olavide reafirma su modelo universitario inclusivo y enfocado al bienestar del alumnado, donde se promueve la justicia social, la igualdad de oportunidades y el reconocimiento del esfuerzo acad\u00e9mico.<\/p>\n<p>&nbsp;<\/p>\n","protected":false},"excerpt":{"rendered":"<p>La Universidad Pablo de Olavide, a trav\u00e9s del Vicerrectorado de Estudiantes, implementa dos programas de becas que fomentan la equidad social y la excelencia acad\u00e9mica: las Becas UPO-Santander Comedor y el Programa de Becas Santander Ayuda Econ\u00f3mica 2025.<\/p>\n","protected":false},"author":4,"featured_media":30888669,"comment_status":"closed","ping_status":"open","sticky":false,"template":"","format":"standard","meta":{"_monsterinsights_skip_tracking":false,"_monsterinsights_sitenote_active":false,"_monsterinsights_sitenote_note":"","_monsterinsights_sitenote_category":0,"footnotes":""},"categories":[5842],"tags":[9321,9320,64,9322,21,266,118,2114],"class_list":["post-30888667","post","type-post","status-publish","format-standard","has-post-thumbnail","hentry","category-comunidad","tag-ayudas-economicas","tag-beca-comedor","tag-becas","tag-becas-y-ayudas","tag-estudiantes","tag-grados","tag-master","tag-vicerrectorado-de-estudiantes"],"_links":{"self":[{"href":"https:\/\/www.upo.es\/diario\/wp-json\/wp\/v2\/posts\/30888667","targetHints":{"allow":["GET"]}}],"collection":[{"href":"https:\/\/www.upo.es\/diario\/wp-json\/wp\/v2\/posts"}],"about":[{"href":"https:\/\/www.upo.es\/diario\/wp-json\/wp\/v2\/types\/post"}],"author":[{"embeddable":true,"href":"https:\/\/www.upo.es\/diario\/wp-json\/wp\/v2\/users\/4"}],"replies":[{"embeddable":true,"href":"https:\/\/www.upo.es\/diario\/wp-json\/wp\/v2\/comments?post=30888667"}],"version-history":[{"count":1,"href":"https:\/\/www.upo.es\/diario\/wp-json\/wp\/v2\/posts\/30888667\/revisions"}],"predecessor-version":[{"id":30888670,"href":"https:\/\/www.upo.es\/diario\/wp-json\/wp\/v2\/posts\/30888667\/revisions\/30888670"}],"wp:featuredmedia":[{"embeddable":true,"href":"https:\/\/www.upo.es\/diario\/wp-json\/wp\/v2\/media\/30888669"}],"wp:attachment":[{"href":"https:\/\/www.upo.es\/diario\/wp-json\/wp\/v2\/media?parent=30888667"}],"wp:term":[{"taxonomy":"category","embeddable":true,"href":"https:\/\/www.upo.es\/diario\/wp-json\/wp\/v2\/categories?post=30888667"},{"taxonomy":"post_tag","embeddable":true,"href":"https:\/\/www.upo.es\/diario\/wp-json\/wp\/v2\/tags?post=30888667"}],"curies":[{"name":"wp","href":"https:\/\/api.w.org\/{rel}","templated":true}]}}