{"id":30888676,"date":"2025-11-05T10:35:11","date_gmt":"2025-11-05T09:35:11","guid":{"rendered":"https:\/\/www.upo.es\/diario\/?p=30888676"},"modified":"2025-11-11T19:31:52","modified_gmt":"2025-11-11T18:31:52","slug":"investigadores-de-la-upo-documentan-un-conjunto-excepcional-de-macetas-romanas-en-el-palazzo-de-villa-adriana","status":"publish","type":"post","link":"https:\/\/www.upo.es\/diario\/ciencia\/2025\/11\/investigadores-de-la-upo-documentan-un-conjunto-excepcional-de-macetas-romanas-en-el-palazzo-de-villa-adriana\/","title":{"rendered":"Investigadores de la UPO documentan un conjunto excepcional de macetas romanas en el Palazzo de Villa Adriana"},"content":{"rendered":"<figure id=\"attachment_30888687\" aria-describedby=\"caption-attachment-30888687\" style=\"width: 750px\" class=\"wp-caption aligncenter\"><a href=\"https:\/\/www.upo.es\/diario\/wp-content\/uploads\/2025\/11\/extraccion-de-las-macetas-scaled.jpg\"><img loading=\"lazy\" decoding=\"async\" class=\"size-large wp-image-30888687\" src=\"https:\/\/www.upo.es\/diario\/wp-content\/uploads\/2025\/11\/extraccion-de-las-macetas-750x500.jpg\" alt=\"Extracci\u00f3n de las macetas halladas en Villa Adriana\" width=\"750\" height=\"500\" srcset=\"https:\/\/www.upo.es\/diario\/wp-content\/uploads\/2025\/11\/extraccion-de-las-macetas-750x500.jpg 750w, https:\/\/www.upo.es\/diario\/wp-content\/uploads\/2025\/11\/extraccion-de-las-macetas-420x280.jpg 420w, https:\/\/www.upo.es\/diario\/wp-content\/uploads\/2025\/11\/extraccion-de-las-macetas-768x512.jpg 768w, https:\/\/www.upo.es\/diario\/wp-content\/uploads\/2025\/11\/extraccion-de-las-macetas-1536x1024.jpg 1536w, https:\/\/www.upo.es\/diario\/wp-content\/uploads\/2025\/11\/extraccion-de-las-macetas-2048x1366.jpg 2048w, https:\/\/www.upo.es\/diario\/wp-content\/uploads\/2025\/11\/extraccion-de-las-macetas-165x109.jpg 165w, https:\/\/www.upo.es\/diario\/wp-content\/uploads\/2025\/11\/extraccion-de-las-macetas-1320x880.jpg 1320w\" sizes=\"auto, (max-width: 750px) 100vw, 750px\" \/><\/a><figcaption id=\"caption-attachment-30888687\" class=\"wp-caption-text\">Extracci\u00f3n de las macetas halladas en Villa Adriana<\/figcaption><\/figure>\n<p>El Seminario de Arqueolog\u00eda de la Universidad Pablo de Olavide ha concluido una nueva campa\u00f1a de excavaciones en el Palazzo de Villa Adriana (Roma), uno de los enclaves m\u00e1s emblem\u00e1ticos del patrimonio romano, donde ha salido a la luz un <strong>conjunto excepcional de macetas cer\u00e1micas intactas que formaban parte de un antiguo jard\u00edn ornamental<\/strong>.<\/p>\n<figure id=\"attachment_30888688\" aria-describedby=\"caption-attachment-30888688\" style=\"width: 420px\" class=\"wp-caption alignright\"><a href=\"https:\/\/www.upo.es\/diario\/wp-content\/uploads\/2025\/11\/equipo-Arqueologia-UPO-scaled.jpg\"><img loading=\"lazy\" decoding=\"async\" class=\"size-medium wp-image-30888688\" src=\"https:\/\/www.upo.es\/diario\/wp-content\/uploads\/2025\/11\/equipo-Arqueologia-UPO-420x280.jpg\" alt=\"Rafael Hidalgo, en el centro, con el equipo del Seminario de Arqueolog\u00eda de la UPO\" width=\"420\" height=\"280\" srcset=\"https:\/\/www.upo.es\/diario\/wp-content\/uploads\/2025\/11\/equipo-Arqueologia-UPO-420x280.jpg 420w, https:\/\/www.upo.es\/diario\/wp-content\/uploads\/2025\/11\/equipo-Arqueologia-UPO-750x500.jpg 750w, https:\/\/www.upo.es\/diario\/wp-content\/uploads\/2025\/11\/equipo-Arqueologia-UPO-768x512.jpg 768w, https:\/\/www.upo.es\/diario\/wp-content\/uploads\/2025\/11\/equipo-Arqueologia-UPO-1536x1024.jpg 1536w, https:\/\/www.upo.es\/diario\/wp-content\/uploads\/2025\/11\/equipo-Arqueologia-UPO-2048x1366.jpg 2048w, https:\/\/www.upo.es\/diario\/wp-content\/uploads\/2025\/11\/equipo-Arqueologia-UPO-165x109.jpg 165w, https:\/\/www.upo.es\/diario\/wp-content\/uploads\/2025\/11\/equipo-Arqueologia-UPO-1320x880.jpg 1320w\" sizes=\"auto, (max-width: 420px) 100vw, 420px\" \/><\/a><figcaption id=\"caption-attachment-30888688\" class=\"wp-caption-text\">Rafael Hidalgo, en el centro, con el equipo del Seminario de Arqueolog\u00eda de la UPO<\/figcaption><\/figure>\n<p>La intervenci\u00f3n, <a href=\"https:\/\/www.upo.es\/diario\/ciencia\/2025\/09\/la-universidad-pablo-de-olavide-comienza-en-roma-una-nueva-campana-de-excavaciones-en-villa-adriana\/\">desarrollada entre septiembre y octubre<\/a>, forma parte del proyecto de investigaci\u00f3n en Villa Adriana que dirige el profesor <strong>Rafael Hidalgo<\/strong> y que la Universidad Pablo de Olavide mantiene de forma continuada desde 2003. En sus primeros a\u00f1os, el equipo centr\u00f3 sus trabajos en el Teatro Greco, y desde 2013 ha focalizado sus investigaciones en el Palazzo, el coraz\u00f3n de la residencia imperial.<\/p>\n<h3><strong>Un jard\u00edn congelado en el tiempo<\/strong><\/h3>\n<p>Durante esta campa\u00f1a, el equipo excav\u00f3 una parte del <strong>peristilo del Palazzo<\/strong>, donde en 2024 ya se hab\u00edan iniciado los trabajos que llevaron a descubrir un <a href=\"https:\/\/www.upo.es\/diario\/ciencia\/2024\/10\/el-equipo-cientifico-del-seminario-de-arqueologia-de-la-upo-descubre-un-triclinio-acuatico-en-villa-adriana\/\">triclinio acu\u00e1tico<\/a>. Una de las principales novedades ha sido la documentaci\u00f3n del <strong>jard\u00edn central<\/strong>, que conserva un arriate excavado en el banco geol\u00f3gico de toba y delimitado por un rebanco de piedra y argamasa. En su interior aparecieron <em>in situ<\/em><strong> diecis\u00e9is macetas cer\u00e1micas (<em>ollae perforatae<\/em>)<\/strong> perfectamente alineadas en cuatro filas, nueve de ellas completas y conservadas sin alteraci\u00f3n alguna, algo extremadamente inusual en este tipo de yacimientos.<\/p>\n<p><a href=\"https:\/\/www.upo.es\/diario\/wp-content\/uploads\/2025\/11\/macetas-recuperadas-scaled.jpg\"><img loading=\"lazy\" decoding=\"async\" class=\"alignright size-medium wp-image-30888689\" src=\"https:\/\/www.upo.es\/diario\/wp-content\/uploads\/2025\/11\/macetas-recuperadas-420x280.jpg\" alt=\"Macetas recuperadas en Villa Adriana\" width=\"420\" height=\"280\" srcset=\"https:\/\/www.upo.es\/diario\/wp-content\/uploads\/2025\/11\/macetas-recuperadas-420x280.jpg 420w, https:\/\/www.upo.es\/diario\/wp-content\/uploads\/2025\/11\/macetas-recuperadas-750x500.jpg 750w, https:\/\/www.upo.es\/diario\/wp-content\/uploads\/2025\/11\/macetas-recuperadas-768x512.jpg 768w, https:\/\/www.upo.es\/diario\/wp-content\/uploads\/2025\/11\/macetas-recuperadas-1536x1024.jpg 1536w, https:\/\/www.upo.es\/diario\/wp-content\/uploads\/2025\/11\/macetas-recuperadas-2048x1366.jpg 2048w, https:\/\/www.upo.es\/diario\/wp-content\/uploads\/2025\/11\/macetas-recuperadas-165x109.jpg 165w, https:\/\/www.upo.es\/diario\/wp-content\/uploads\/2025\/11\/macetas-recuperadas-1320x880.jpg 1320w\" sizes=\"auto, (max-width: 420px) 100vw, 420px\" \/><\/a>Estas peque\u00f1as macetas, de unos diez cent\u00edmetros de altura y entre nueve y diez de di\u00e1metro, presentan varias perforaciones que permit\u00edan el paso del agua y formaban un entramado vegetal compacto, probablemente con <strong>plantas de floraci\u00f3n estacional<\/strong>. El equipo de arqueolog\u00eda de la UPO ha tomado muestras de tierra de su interior y del jard\u00edn del que formaban parte para realizar <strong>an\u00e1lisis palinol\u00f3gicos y de fitolitos<\/strong>, con el objetivo de identificar las especies vegetales que decoraban el jard\u00edn hace casi dos mil a\u00f1os.<\/p>\n<p>Junto al arriate, se ha identificado adem\u00e1s la huella de una <strong>tuber\u00eda de plomo (<em>fistula plumbea<\/em>)<\/strong>, que serv\u00eda para el riego del espacio. Todo ello ofrece una imagen m\u00e1s precisa de c\u00f3mo eran los jardines de Villa Adriana, un elemento esencial en la vida cotidiana y est\u00e9tica del emperador, pero del que hasta ahora apenas se ten\u00eda informaci\u00f3n concreta.<\/p>\n<p>Adem\u00e1s del hallazgo del jard\u00edn, la excavaci\u00f3n ha revelado indicios de una <strong>zona de trabajo relacionada con la construcci\u00f3n del Palazzo<\/strong>, aportando datos in\u00e9ditos sobre la organizaci\u00f3n y desarrollo de las obras en \u00e9poca de Adriano.<\/p>\n<h3><strong>Un proyecto internacional y colaborativo<\/strong><\/h3>\n<p>La campa\u00f1a ha sido desarrollada por <strong>profesores, investigadores y estudiantes<\/strong> del <strong>Seminario de Arqueolog\u00eda<\/strong> y de la <strong>Facultad de Humanidades de la Universidad Pablo de Olavide<\/strong>, junto a colaboradores de las universidades de <strong>Murcia, Roma Tre, Oxford<\/strong> y <strong>Salamanca<\/strong>. El proyecto cuenta con el apoyo del <strong>Consejo Social de la UPO<\/strong>, la <strong>Facultad de Humanidades<\/strong>, el <strong>Departamento de Geograf\u00eda, Historia y Filosof\u00eda<\/strong>, y la colaboraci\u00f3n de la <strong>Escuela Espa\u00f1ola de Historia y Arqueolog\u00eda en Roma<\/strong> y del <strong>Istituto Autonomo Villa Adriana e Villa d\u2019Este<\/strong>.<\/p>\n<figure id=\"attachment_30888690\" aria-describedby=\"caption-attachment-30888690\" style=\"width: 750px\" class=\"wp-caption aligncenter\"><a href=\"https:\/\/www.upo.es\/diario\/wp-content\/uploads\/2025\/11\/las-macetas-in-situ-scaled.jpg\"><img loading=\"lazy\" decoding=\"async\" class=\"size-large wp-image-30888690\" src=\"https:\/\/www.upo.es\/diario\/wp-content\/uploads\/2025\/11\/las-macetas-in-situ-750x500.jpg\" alt=\"Las macetas in situ en el yacimiento de Villa Adriana\" width=\"750\" height=\"500\" srcset=\"https:\/\/www.upo.es\/diario\/wp-content\/uploads\/2025\/11\/las-macetas-in-situ-750x500.jpg 750w, https:\/\/www.upo.es\/diario\/wp-content\/uploads\/2025\/11\/las-macetas-in-situ-420x280.jpg 420w, https:\/\/www.upo.es\/diario\/wp-content\/uploads\/2025\/11\/las-macetas-in-situ-768x512.jpg 768w, https:\/\/www.upo.es\/diario\/wp-content\/uploads\/2025\/11\/las-macetas-in-situ-1536x1024.jpg 1536w, https:\/\/www.upo.es\/diario\/wp-content\/uploads\/2025\/11\/las-macetas-in-situ-2048x1366.jpg 2048w, https:\/\/www.upo.es\/diario\/wp-content\/uploads\/2025\/11\/las-macetas-in-situ-165x109.jpg 165w, https:\/\/www.upo.es\/diario\/wp-content\/uploads\/2025\/11\/las-macetas-in-situ-1320x880.jpg 1320w\" sizes=\"auto, (max-width: 750px) 100vw, 750px\" \/><\/a><figcaption id=\"caption-attachment-30888690\" class=\"wp-caption-text\">Las macetas in situ en el yacimiento de Villa Adriana<\/figcaption><\/figure>\n<p>&nbsp;<\/p>\n","protected":false},"excerpt":{"rendered":"<p>El Seminario de Arqueolog\u00eda de la Universidad Pablo de Olavide ha concluido una nueva campa\u00f1a de excavaciones en el Palazzo de Villa Adriana (Roma), uno de los enclaves m\u00e1s emblem\u00e1ticos del patrimonio romano, donde ha salido a la luz un conjunto excepcional de macetas cer\u00e1micas intactas que formaban parte de un antiguo jard\u00edn ornamental. La intervenci\u00f3n, desarrollada entre septiembre y<a class=\"read-more\" href=\"https:\/\/www.upo.es\/diario\/ciencia\/2025\/11\/investigadores-de-la-upo-documentan-un-conjunto-excepcional-de-macetas-romanas-en-el-palazzo-de-villa-adriana\/\">[Read More&#8230;]<\/a><\/p>\n","protected":false},"author":6,"featured_media":30888690,"comment_status":"closed","ping_status":"open","sticky":false,"template":"","format":"standard","meta":{"_monsterinsights_skip_tracking":false,"_monsterinsights_sitenote_active":false,"_monsterinsights_sitenote_note":"","_monsterinsights_sitenote_category":0,"footnotes":""},"categories":[3],"tags":[460,128,2689,4367,96,4383,8942],"class_list":["post-30888676","post","type-post","status-publish","format-standard","has-post-thumbnail","hentry","category-ciencia","tag-antigua-roma","tag-arqueologia","tag-emperador-adriano","tag-excavacion-arqueologica","tag-facultad-de-humanidades","tag-rafael-hidalgo","tag-villa-adriana"],"_links":{"self":[{"href":"https:\/\/www.upo.es\/diario\/wp-json\/wp\/v2\/posts\/30888676","targetHints":{"allow":["GET"]}}],"collection":[{"href":"https:\/\/www.upo.es\/diario\/wp-json\/wp\/v2\/posts"}],"about":[{"href":"https:\/\/www.upo.es\/diario\/wp-json\/wp\/v2\/types\/post"}],"author":[{"embeddable":true,"href":"https:\/\/www.upo.es\/diario\/wp-json\/wp\/v2\/users\/6"}],"replies":[{"embeddable":true,"href":"https:\/\/www.upo.es\/diario\/wp-json\/wp\/v2\/comments?post=30888676"}],"version-history":[{"count":3,"href":"https:\/\/www.upo.es\/diario\/wp-json\/wp\/v2\/posts\/30888676\/revisions"}],"predecessor-version":[{"id":30888692,"href":"https:\/\/www.upo.es\/diario\/wp-json\/wp\/v2\/posts\/30888676\/revisions\/30888692"}],"wp:featuredmedia":[{"embeddable":true,"href":"https:\/\/www.upo.es\/diario\/wp-json\/wp\/v2\/media\/30888690"}],"wp:attachment":[{"href":"https:\/\/www.upo.es\/diario\/wp-json\/wp\/v2\/media?parent=30888676"}],"wp:term":[{"taxonomy":"category","embeddable":true,"href":"https:\/\/www.upo.es\/diario\/wp-json\/wp\/v2\/categories?post=30888676"},{"taxonomy":"post_tag","embeddable":true,"href":"https:\/\/www.upo.es\/diario\/wp-json\/wp\/v2\/tags?post=30888676"}],"curies":[{"name":"wp","href":"https:\/\/api.w.org\/{rel}","templated":true}]}}