{"id":30888678,"date":"2025-11-05T10:05:02","date_gmt":"2025-11-05T09:05:02","guid":{"rendered":"https:\/\/www.upo.es\/diario\/?p=30888678"},"modified":"2025-11-11T19:31:53","modified_gmt":"2025-11-11T18:31:53","slug":"untwist-impulsa-debate-democracia-igualdad-genero-congreso-de-diputados","status":"publish","type":"post","link":"https:\/\/www.upo.es\/diario\/docencia-formacion\/2025\/11\/untwist-impulsa-debate-democracia-igualdad-genero-congreso-de-diputados\/","title":{"rendered":"&#8216;UNTWIST\u2019 impulsa el debate sobre democracia e igualdad de g\u00e9nero en el Congreso de los Diputados"},"content":{"rendered":"<figure id=\"attachment_30888683\" aria-describedby=\"caption-attachment-30888683\" style=\"width: 420px\" class=\"wp-caption alignright\"><a href=\"https:\/\/www.upo.es\/diario\/wp-content\/uploads\/2025\/11\/Madrid_-_Congreso_de_los_Diputados_01.jpg\"><img loading=\"lazy\" decoding=\"async\" class=\"size-medium wp-image-30888683\" src=\"https:\/\/www.upo.es\/diario\/wp-content\/uploads\/2025\/11\/Madrid_-_Congreso_de_los_Diputados_01-420x328.jpg\" alt=\"\" width=\"420\" height=\"328\" srcset=\"https:\/\/www.upo.es\/diario\/wp-content\/uploads\/2025\/11\/Madrid_-_Congreso_de_los_Diputados_01-420x328.jpg 420w, https:\/\/www.upo.es\/diario\/wp-content\/uploads\/2025\/11\/Madrid_-_Congreso_de_los_Diputados_01-673x525.jpg 673w, https:\/\/www.upo.es\/diario\/wp-content\/uploads\/2025\/11\/Madrid_-_Congreso_de_los_Diputados_01-768x599.jpg 768w, https:\/\/www.upo.es\/diario\/wp-content\/uploads\/2025\/11\/Madrid_-_Congreso_de_los_Diputados_01.jpg 960w\" sizes=\"auto, (max-width: 420px) 100vw, 420px\" \/><\/a><figcaption id=\"caption-attachment-30888683\" class=\"wp-caption-text\">La Jornada se celebrar\u00e1 el 14 de noviembre en el Congreso de los Diputados.<\/figcaption><\/figure>\n<p>En un contexto europeo marcado por los desaf\u00edos a la igualdad y el auge de los populismos, el <a href=\"https:\/\/www.upo.es\/investiga\/UNTWIST\/\"><strong>proyecto de Horizonte Europa \u2018UNTWIST\u2019<\/strong><\/a>, coordinado por la Universidad Pablo de Olavide, celebra el pr\u00f3ximo <u>14 de noviembre <strong>la jornada \u201cFortalecer la democracia desde la igualdad de g\u00e9nero<\/strong>\u201d en el Congreso de los Diputados <\/u>(Sala C\u00e1novas, Madrid).<\/p>\n<p>El encuentro, que se desarrollar\u00e1 de 10:00 a 13:00 horas, reunir\u00e1 a representantes pol\u00edticos, acad\u00e9micos y sociedad civil para debatir c\u00f3mo las cuestiones de g\u00e9nero influyen en la representaci\u00f3n pol\u00edtica y en la calidad democr\u00e1tica en Europa.<\/p>\n<p>Durante la jornada se presentar\u00e1n los resultados de tres estudios comparativos realizados en seis pa\u00edses europeos (Reino Unido, Espa\u00f1a, Alemania, Suiza, Hungr\u00eda y Dinamarca), que analizan c\u00f3mo los partidos pol\u00edticos responden a las demandas y percepciones de g\u00e9nero de la ciudadan\u00eda. Los hallazgos aportan una nueva perspectiva sobre el papel del g\u00e9nero en el comportamiento electoral y en el ascenso de los partidos de derecha radical populista.<\/p>\n<p>La sesi\u00f3n se estructurar\u00e1 en tres bloques de reflexi\u00f3n: los vac\u00edos en los datos de opini\u00f3n p\u00fablica y su impacto en las pol\u00edticas de igualdad; las motivaciones de g\u00e9nero en los votantes que cambian su apoyo pol\u00edtico hacia formaciones de derecha radical populista, y la igualdad de g\u00e9nero en los programas y estrategias partidistas.<\/p>\n<p>Entre las ponentes internacionales que participaran en la jornada destacan <strong>Hillie van Streek, secretaria general de Mujeres de EPP<\/strong>, y <strong>Ana Pirtskhalava, coordinadora de Mujeres PES<\/strong> y <strong>Hilde Coffe, profesora e investigadora<\/strong> de referencia en comportamiento electoral y el g\u00e9nero.<\/p>\n<p><strong>Proyecto de investigaci\u00f3n de Horizonte Europa UNTWIST<\/strong><strong>\u00a0<\/strong><\/p>\n<p><a href=\"https:\/\/www.upo.es\/diario\/wp-content\/uploads\/2025\/11\/Logo-UnTwist.jpg\"><img loading=\"lazy\" decoding=\"async\" class=\"alignright wp-image-30888679\" src=\"https:\/\/www.upo.es\/diario\/wp-content\/uploads\/2025\/11\/Logo-UnTwist-420x306.jpg\" alt=\"\" width=\"307\" height=\"224\" srcset=\"https:\/\/www.upo.es\/diario\/wp-content\/uploads\/2025\/11\/Logo-UnTwist-420x306.jpg 420w, https:\/\/www.upo.es\/diario\/wp-content\/uploads\/2025\/11\/Logo-UnTwist-720x525.jpg 720w, https:\/\/www.upo.es\/diario\/wp-content\/uploads\/2025\/11\/Logo-UnTwist-768x560.jpg 768w, https:\/\/www.upo.es\/diario\/wp-content\/uploads\/2025\/11\/Logo-UnTwist-1536x1120.jpg 1536w, https:\/\/www.upo.es\/diario\/wp-content\/uploads\/2025\/11\/Logo-UnTwist-2048x1493.jpg 2048w, https:\/\/www.upo.es\/diario\/wp-content\/uploads\/2025\/11\/Logo-UnTwist-1512x1100.jpg 1512w, https:\/\/www.upo.es\/diario\/wp-content\/uploads\/2025\/11\/Logo-UnTwist-1320x962.jpg 1320w\" sizes=\"auto, (max-width: 307px) 100vw, 307px\" \/><\/a> La Universidad Pablo de Olavide coordina el proyecto \u2018UNTWIST\u2019, financiado por la Comisi\u00f3n Europea, que tiene como objetivo analizar la respuesta que los partidos pol\u00edticos dan a las necesidades, demandas y miedos de g\u00e9nero de la ciudan\u00eda en Europa. Este proyecto RIA (Investigaci\u00f3n con Aplicaci\u00f3n) se enmarca en el programa Horizonte Europa y est\u00e1 liderado por la profesora Antonia Mar\u00eda Ruiz Jim\u00e9nez, del Departamento de Sociolog\u00eda de la UPO.<\/p>\n<p>Para el desarrollo de \u2018UNTWIST\u2019, se ha creado un consorcio de\u00a0<strong>instituciones de seis pa\u00edses<\/strong>\u00a0en el que, adem\u00e1s de la Pablo de Olavide, participan las universidades de Deusto (Pa\u00eds Vasco); Saarland (Alemania); Roskilde (Dinamarca); Manchester (Reino Unido); Berna (Suiza); el Centro de Estudios Sociales (Hungr\u00eda); la Fundaci\u00f3n ViT, para la visualizaci\u00f3n y transparencia de los datos; y ECSA, especialista en ciencia ciudadana.<\/p>\n<p>\u2018UNTWIST\u2019 parte del supuesto de que los ciudadanos y ciudadanas act\u00faan como votantes racionales cuando se deciden por un partido determinado y explora los motivos de g\u00e9nero que est\u00e1n detr\u00e1s del voto a los partidos de extrema derecha populistas en Europa. El hecho de que este tipo de organizaciones tenga un discurso abiertamente antig\u00e9nero, unido a que la mayor parte de sus votantes sean hombres, sugiere que el g\u00e9nero puede ser una variable explicativa del \u00e9xito electoral de estos partidos.<\/p>\n","protected":false},"excerpt":{"rendered":"<p>En un contexto europeo marcado por los desaf\u00edos a la igualdad y el auge de los populismos, el proyecto de Horizonte Europa \u2018UNTWIST\u2019, coordinado por la Universidad Pablo de Olavide, celebra el pr\u00f3ximo 14 de noviembre la jornada \u201cFortalecer la democracia desde la igualdad de g\u00e9nero\u201d en el Congreso de los Diputados (Sala C\u00e1novas, Madrid).<\/p>\n","protected":false},"author":4,"featured_media":30888683,"comment_status":"closed","ping_status":"open","sticky":false,"template":"","format":"standard","meta":{"_monsterinsights_skip_tracking":false,"_monsterinsights_sitenote_active":false,"_monsterinsights_sitenote_note":"","_monsterinsights_sitenote_category":0,"footnotes":""},"categories":[2779],"tags":[458,2320,1874,744,1450,8093,56,514,76,8359,8358],"class_list":["post-30888678","post","type-post","status-publish","format-standard","has-post-thumbnail","hentry","category-docencia-formacion","tag-ciudadania","tag-comision-europea","tag-congreso-de-los-diputados","tag-democracia","tag-departamento-de-sociologia","tag-horizonte-europa","tag-investigacion","tag-jornada","tag-politica","tag-politicas-de-genero","tag-proyecto-untwist"],"_links":{"self":[{"href":"https:\/\/www.upo.es\/diario\/wp-json\/wp\/v2\/posts\/30888678","targetHints":{"allow":["GET"]}}],"collection":[{"href":"https:\/\/www.upo.es\/diario\/wp-json\/wp\/v2\/posts"}],"about":[{"href":"https:\/\/www.upo.es\/diario\/wp-json\/wp\/v2\/types\/post"}],"author":[{"embeddable":true,"href":"https:\/\/www.upo.es\/diario\/wp-json\/wp\/v2\/users\/4"}],"replies":[{"embeddable":true,"href":"https:\/\/www.upo.es\/diario\/wp-json\/wp\/v2\/comments?post=30888678"}],"version-history":[{"count":4,"href":"https:\/\/www.upo.es\/diario\/wp-json\/wp\/v2\/posts\/30888678\/revisions"}],"predecessor-version":[{"id":30888686,"href":"https:\/\/www.upo.es\/diario\/wp-json\/wp\/v2\/posts\/30888678\/revisions\/30888686"}],"wp:featuredmedia":[{"embeddable":true,"href":"https:\/\/www.upo.es\/diario\/wp-json\/wp\/v2\/media\/30888683"}],"wp:attachment":[{"href":"https:\/\/www.upo.es\/diario\/wp-json\/wp\/v2\/media?parent=30888678"}],"wp:term":[{"taxonomy":"category","embeddable":true,"href":"https:\/\/www.upo.es\/diario\/wp-json\/wp\/v2\/categories?post=30888678"},{"taxonomy":"post_tag","embeddable":true,"href":"https:\/\/www.upo.es\/diario\/wp-json\/wp\/v2\/tags?post=30888678"}],"curies":[{"name":"wp","href":"https:\/\/api.w.org\/{rel}","templated":true}]}}