{"id":30888695,"date":"2025-11-05T13:33:01","date_gmt":"2025-11-05T12:33:01","guid":{"rendered":"https:\/\/www.upo.es\/diario\/?p=30888695"},"modified":"2025-11-11T19:31:51","modified_gmt":"2025-11-11T18:31:51","slug":"encuentro-impacto-microcredenciales-tejido-empresarial-dos-hermanas","status":"publish","type":"post","link":"https:\/\/www.upo.es\/diario\/institucional\/2025\/11\/encuentro-impacto-microcredenciales-tejido-empresarial-dos-hermanas\/","title":{"rendered":"La Universidad Pablo de Olavide y el Ayuntamiento de Dos Hermanas debaten sobre el impacto de las microcredenciales en la econom\u00eda local"},"content":{"rendered":"<p><a title=\"Encuentro \u2018El futuro del talento en Dos Hermanas: actualizaci\u00f3n y especializaci\u00f3n con microcredenciales universitarias\u2019\" href=\"https:\/\/www.flickr.com\/photos\/pablodeolavide\/albums\/72177720330112680\" data-flickr-embed=\"true\"><img loading=\"lazy\" decoding=\"async\" src=\"https:\/\/live.staticflickr.com\/65535\/54902574887_4fd395858c_z.jpg\" alt=\"Encuentro \u2018El futuro del talento en Dos Hermanas: actualizaci\u00f3n y especializaci\u00f3n con microcredenciales universitarias\u2019\" width=\"640\" height=\"480\" \/><\/a><script async src=\"\/\/embedr.flickr.com\/assets\/client-code.js\" charset=\"utf-8\"><\/script><br \/>\nLa Universidad Pablo de Olavide ha organizado junto al Ayuntamiento de Dos Hermanas el <strong>encuentro \u2018El futuro del talento en Dos Hermanas: actualizaci\u00f3n y especializaci\u00f3n con microcredenciales universitarias\u2019<\/strong>. Un desayuno-coloquio, celebrado en la Ciudad del Conocimiento de Dos Hermanas, que ha contado con la presencia del Alcalde de la localidad, <strong>Francisco Rodr\u00edguez Garc\u00eda<\/strong>, y del rector de la Olavide, <strong>Francisco Oliva Bl\u00e1zquez<\/strong>, as\u00ed como representantes del tejido empresarial y comercial de Dos Hermanas.<\/p>\n<figure id=\"attachment_30888697\" aria-describedby=\"caption-attachment-30888697\" style=\"width: 420px\" class=\"wp-caption alignright\"><a href=\"https:\/\/www.upo.es\/diario\/wp-content\/uploads\/2025\/11\/Francisco-Rodriguez_Francisco-Oliva-scaled.jpg\"><img loading=\"lazy\" decoding=\"async\" class=\"size-medium wp-image-30888697\" src=\"https:\/\/www.upo.es\/diario\/wp-content\/uploads\/2025\/11\/Francisco-Rodriguez_Francisco-Oliva-420x280.jpg\" alt=\"Francisco Rodr\u00edguez y de Francisco Oliva\" width=\"420\" height=\"280\" srcset=\"https:\/\/www.upo.es\/diario\/wp-content\/uploads\/2025\/11\/Francisco-Rodriguez_Francisco-Oliva-420x280.jpg 420w, https:\/\/www.upo.es\/diario\/wp-content\/uploads\/2025\/11\/Francisco-Rodriguez_Francisco-Oliva-750x500.jpg 750w, https:\/\/www.upo.es\/diario\/wp-content\/uploads\/2025\/11\/Francisco-Rodriguez_Francisco-Oliva-768x512.jpg 768w, https:\/\/www.upo.es\/diario\/wp-content\/uploads\/2025\/11\/Francisco-Rodriguez_Francisco-Oliva-1536x1024.jpg 1536w, https:\/\/www.upo.es\/diario\/wp-content\/uploads\/2025\/11\/Francisco-Rodriguez_Francisco-Oliva-2048x1365.jpg 2048w, https:\/\/www.upo.es\/diario\/wp-content\/uploads\/2025\/11\/Francisco-Rodriguez_Francisco-Oliva-165x109.jpg 165w, https:\/\/www.upo.es\/diario\/wp-content\/uploads\/2025\/11\/Francisco-Rodriguez_Francisco-Oliva-1320x880.jpg 1320w\" sizes=\"auto, (max-width: 420px) 100vw, 420px\" \/><\/a><figcaption id=\"caption-attachment-30888697\" class=\"wp-caption-text\">Francisco Rodr\u00edguez y de Francisco Oliva<\/figcaption><\/figure>\n<p>Durante el acto, Francisco Oliva ha puesto en valor los resultados de estos tres a\u00f1os de colaboraci\u00f3n con m\u00e1s de diez formaciones y 200 personas formadas pertenecientes a las asociaciones Tixe, Acoquinto y Fenaco. como ejemplo de trabajo conjunto entre administraciones y el empresariado de la ciudad. Adem\u00e1s, ha destacado que \u201clas microcredenciales son formaciones con pleno reconocimiento universitario, apilables, y que favorecen la democratizaci\u00f3n y universalizaci\u00f3n de la formaci\u00f3n universitaria. Asimismo, ha resaltado que estas formaciones contribuyen a la mejora y el crecimiento del comercio y la empresa local ya que \u201ca mayor formaci\u00f3n, mayor productividad y mejor posicionamiento frente a la competitividad\u201d.<\/p>\n<p>Por su parte, el alcalde de Dos Hermanas ha se\u00f1alado que las microcredenciales permiten afrontar los retos que plantea la sociedad desde una posici\u00f3n privilegiada, que permite adaptarse a los cambios y seguir avanzando. En esa l\u00ednea ha expresado su deseo de seguir trabajando de manera conjunta con la universidad y el empresariado y comercio local para seguir nutriendo de formaci\u00f3n a este colectivo.<\/p>\n<blockquote><p>Las microcredenciales son formaciones con pleno reconocimiento universitario que favorecen la democratizaci\u00f3n y universalizaci\u00f3n de la formaci\u00f3n universitaria<\/p><\/blockquote>\n<h5>Francisco Oliva<\/h5>\n<p>Posteriormente, ha dado comienzo una <strong>mesa debate en la que han participado representantes institucionales, acad\u00e9micos y empresariales y que ha ayudado a aterrizar el concepto de microcredenciales, la flexibilidad de estas formaciones tanto en las tem\u00e1ticas como en la modalidad para adaptarse a las necesidades del tejido empresarial<\/strong>. En este sentido, los representantes empresariales y de comerciantes han puesto en valor estas formaciones como una respuesta \u00e1gil, eficaz y de calidad universitaria a la necesidades de formaci\u00f3n continua de sus profesionales en Dos Hermanas.<\/p>\n<p><a href=\"https:\/\/www.upo.es\/diario\/wp-content\/uploads\/2025\/11\/IMG_2037-scaled.jpg\"><img loading=\"lazy\" decoding=\"async\" class=\"alignright size-medium wp-image-30888699\" src=\"https:\/\/www.upo.es\/diario\/wp-content\/uploads\/2025\/11\/IMG_2037-420x280.jpg\" alt=\"encuentro \u2018El futuro del talento en Dos Hermanas: actualizaci\u00f3n y especializaci\u00f3n con microcredenciales universitarias\u2019\" width=\"420\" height=\"280\" srcset=\"https:\/\/www.upo.es\/diario\/wp-content\/uploads\/2025\/11\/IMG_2037-420x280.jpg 420w, https:\/\/www.upo.es\/diario\/wp-content\/uploads\/2025\/11\/IMG_2037-750x500.jpg 750w, https:\/\/www.upo.es\/diario\/wp-content\/uploads\/2025\/11\/IMG_2037-768x512.jpg 768w, https:\/\/www.upo.es\/diario\/wp-content\/uploads\/2025\/11\/IMG_2037-1536x1024.jpg 1536w, https:\/\/www.upo.es\/diario\/wp-content\/uploads\/2025\/11\/IMG_2037-2048x1365.jpg 2048w, https:\/\/www.upo.es\/diario\/wp-content\/uploads\/2025\/11\/IMG_2037-165x109.jpg 165w, https:\/\/www.upo.es\/diario\/wp-content\/uploads\/2025\/11\/IMG_2037-1320x880.jpg 1320w\" sizes=\"auto, (max-width: 420px) 100vw, 420px\" \/><\/a>En concreto, han aportado distintos puntos de vista y experiencias en esta mesa redonda as siguientes personas: la teniente de alcalde y delegada de Promoci\u00f3n Econ\u00f3mica e Innovaci\u00f3n del Ayuntamiento de Dos Hermanas, <strong>Carmen Gil Ortega<\/strong>; la vicerrectora de Relaciones Institucionales, Formaci\u00f3n Permanente y Fundaciones, <strong>Laura L\u00f3pez de la Cruz<\/strong>; el Director Acad\u00e9mico del Programa de Microcredenciales de la UPO, <strong>Norberto D\u00edaz D\u00edaz<\/strong>; el presidente de la Asociaci\u00f3n Empresarial TIXE, <strong>Francisco Javier Aguilar S\u00e1nchez<\/strong>; y la presidenta de Acoquinto, la Asociaci\u00f3n de Comercios de Montequinto, <strong>Mar\u00eda Luisa Bernabal Ortega<\/strong>.<\/p>\n<figure id=\"attachment_30888710\" aria-describedby=\"caption-attachment-30888710\" style=\"width: 420px\" class=\"wp-caption alignright\"><a href=\"https:\/\/www.upo.es\/diario\/wp-content\/uploads\/2025\/11\/IMG_2072-scaled.jpg\"><img loading=\"lazy\" decoding=\"async\" class=\"size-medium wp-image-30888710\" src=\"https:\/\/www.upo.es\/diario\/wp-content\/uploads\/2025\/11\/IMG_2072-420x280.jpg\" alt=\"Norberto D\u00edaz y Laura L\u00f3pez de la Cruz\" width=\"420\" height=\"280\" srcset=\"https:\/\/www.upo.es\/diario\/wp-content\/uploads\/2025\/11\/IMG_2072-420x280.jpg 420w, https:\/\/www.upo.es\/diario\/wp-content\/uploads\/2025\/11\/IMG_2072-750x500.jpg 750w, https:\/\/www.upo.es\/diario\/wp-content\/uploads\/2025\/11\/IMG_2072-768x512.jpg 768w, https:\/\/www.upo.es\/diario\/wp-content\/uploads\/2025\/11\/IMG_2072-1536x1024.jpg 1536w, https:\/\/www.upo.es\/diario\/wp-content\/uploads\/2025\/11\/IMG_2072-2048x1365.jpg 2048w, https:\/\/www.upo.es\/diario\/wp-content\/uploads\/2025\/11\/IMG_2072-165x109.jpg 165w, https:\/\/www.upo.es\/diario\/wp-content\/uploads\/2025\/11\/IMG_2072-1320x880.jpg 1320w\" sizes=\"auto, (max-width: 420px) 100vw, 420px\" \/><\/a><figcaption id=\"caption-attachment-30888710\" class=\"wp-caption-text\">Norberto D\u00edaz y Laura L\u00f3pez de la Cruz<\/figcaption><\/figure>\n<p>Finalmente, el encuentro ha sido clausurado por Laura L\u00f3pez de la Cruz, qui\u00e9n ha insistido en el compromiso de seguir colaborando entre todas las partes y reforzando este proyecto conjunto de microcredenciales que invierte en el talento local como motor de desarrollo econ\u00f3mico. Adem\u00e1s, ha destacado la importancia de seguir trabajando conjuntamente para \u201cque las microcredenciales sean un modelo que garantice la igualdad de oportunidades ya que de forma conjunta llegamos mejor a colectivos con necesidades de actualizaci\u00f3n o reconversi\u00f3n profesional\u201d.<\/p>\n<p>El evento ha concluido con un <em>networking<\/em> en el que las autoridades y las personas asistentes al mismo han compartido ideas entorno a las microcredenciales universitarias y su importancia para el desarrollo del tejido empresarial y comercial de Dos Hermanas.<\/p>\n<p>M\u00e1s informaci\u00f3n: <a href=\"http:\/\/www.microcredenciales.es\">www.microcredenciales.es<\/a><\/p>\n<p>Fuente: Fundaci\u00f3n Universidad Pablo de Olavide<\/p>\n","protected":false},"excerpt":{"rendered":"<p>Durante la jornada se han puesto en valor estas formaciones tras tres a\u00f1os de colaboraci\u00f3n conjunta y m\u00e1s de 200 personas beneficiarias de empresas y comercios nazarenos.<\/p>\n","protected":false},"author":6,"featured_media":30888696,"comment_status":"closed","ping_status":"open","sticky":false,"template":"","format":"standard","meta":{"_monsterinsights_skip_tracking":false,"_monsterinsights_sitenote_active":false,"_monsterinsights_sitenote_note":"","_monsterinsights_sitenote_category":0,"footnotes":""},"categories":[6],"tags":[4542,234,1059,5057,4021,2474,7800],"class_list":["post-30888695","post","type-post","status-publish","format-standard","has-post-thumbnail","hentry","category-institucional","tag-ayuntamiento-de-dos-hermanas","tag-dos-hermanas","tag-empresas","tag-formacion-continua","tag-francisco-oliva-blazquez","tag-fundacion-universidad-pablo-de-olavide","tag-microcredenciales"],"_links":{"self":[{"href":"https:\/\/www.upo.es\/diario\/wp-json\/wp\/v2\/posts\/30888695","targetHints":{"allow":["GET"]}}],"collection":[{"href":"https:\/\/www.upo.es\/diario\/wp-json\/wp\/v2\/posts"}],"about":[{"href":"https:\/\/www.upo.es\/diario\/wp-json\/wp\/v2\/types\/post"}],"author":[{"embeddable":true,"href":"https:\/\/www.upo.es\/diario\/wp-json\/wp\/v2\/users\/6"}],"replies":[{"embeddable":true,"href":"https:\/\/www.upo.es\/diario\/wp-json\/wp\/v2\/comments?post=30888695"}],"version-history":[{"count":9,"href":"https:\/\/www.upo.es\/diario\/wp-json\/wp\/v2\/posts\/30888695\/revisions"}],"predecessor-version":[{"id":30888713,"href":"https:\/\/www.upo.es\/diario\/wp-json\/wp\/v2\/posts\/30888695\/revisions\/30888713"}],"wp:featuredmedia":[{"embeddable":true,"href":"https:\/\/www.upo.es\/diario\/wp-json\/wp\/v2\/media\/30888696"}],"wp:attachment":[{"href":"https:\/\/www.upo.es\/diario\/wp-json\/wp\/v2\/media?parent=30888695"}],"wp:term":[{"taxonomy":"category","embeddable":true,"href":"https:\/\/www.upo.es\/diario\/wp-json\/wp\/v2\/categories?post=30888695"},{"taxonomy":"post_tag","embeddable":true,"href":"https:\/\/www.upo.es\/diario\/wp-json\/wp\/v2\/tags?post=30888695"}],"curies":[{"name":"wp","href":"https:\/\/api.w.org\/{rel}","templated":true}]}}