{"id":30888714,"date":"2025-11-05T00:16:05","date_gmt":"2025-11-04T23:16:05","guid":{"rendered":"https:\/\/www.upo.es\/diario\/?p=30888714"},"modified":"2025-11-05T23:59:55","modified_gmt":"2025-11-05T22:59:55","slug":"v-ciclo-de-blues-de-la-upo","status":"publish","type":"post","link":"https:\/\/www.upo.es\/diario\/video\/2025\/11\/v-ciclo-de-blues-de-la-upo\/","title":{"rendered":"V Ciclo de Blues de la UPO"},"content":{"rendered":"<p><iframe loading=\"lazy\" title=\"YouTube video player\" src=\"https:\/\/www.youtube.com\/embed\/33IlIHShCEM?si=shlTG1DT7bNhX2gf\" width=\"560\" height=\"315\" frameborder=\"0\" allowfullscreen=\"allowfullscreen\"><\/iframe><\/p>\n<p>El <strong>Ciclo de Blues de la UPO<\/strong> se celebr\u00f3 del 16 al 18 de octubre en la Real F\u00e1brica de Artiller\u00eda. Ha contado con las actuaciones de Mingo Balaguer &amp; Kid Carlos Blues Band, Txako &amp; Sanpa y The Fake Cousins. Adem\u00e1s, se pudo visitar la exposici\u00f3n fotogr\u00e1fica &#8216;Resilencia&#8217; de la artista Karen Gajate.<\/p>\n<p>El ciclo est\u00e1 organizado por el Vicerrectorado de Cultura y Pol\u00edticas Sociales de la UPO con la colaboraci\u00f3n del ICAS, el Ayuntamiento de Sevilla y la Fundaci\u00f3n Sandra Ibarra.<\/p>\n","protected":false},"excerpt":{"rendered":"<p>El Ciclo de Blues de la UPO se celebr\u00f3 del 16 al 18 de octubre en la Real F\u00e1brica de Artiller\u00eda. Ha contado con las actuaciones de Mingo Balaguer &#038; Kid Carlos Blues Band, Txako &#038; Sanpa y The Fake Cousins. Adem\u00e1s, se pudo visitar la exposici\u00f3n fotogr\u00e1fica &#8216;Resilencia&#8217; de la artista Karen Gajate.<\/p>\n","protected":false},"author":4,"featured_media":30888717,"comment_status":"closed","ping_status":"open","sticky":false,"template":"","format":"video","meta":{"_monsterinsights_skip_tracking":false,"_monsterinsights_sitenote_active":false,"_monsterinsights_sitenote_note":"","_monsterinsights_sitenote_category":0,"footnotes":""},"categories":[6038],"tags":[621,8603,403,9323,402,3746,7194],"class_list":["post-30888714","post","type-post","status-publish","format-video","has-post-thumbnail","hentry","category-video","tag-ayuntamiento-de-sevilla","tag-ciclo-de-blues","tag-concierto","tag-fundacion-sandra-ibarra","tag-musica","tag-servicio-de-extension-cultural","tag-vicerrectorado-de-cultura-y-politicas-sociales","post_format-post-format-video"],"_links":{"self":[{"href":"https:\/\/www.upo.es\/diario\/wp-json\/wp\/v2\/posts\/30888714","targetHints":{"allow":["GET"]}}],"collection":[{"href":"https:\/\/www.upo.es\/diario\/wp-json\/wp\/v2\/posts"}],"about":[{"href":"https:\/\/www.upo.es\/diario\/wp-json\/wp\/v2\/types\/post"}],"author":[{"embeddable":true,"href":"https:\/\/www.upo.es\/diario\/wp-json\/wp\/v2\/users\/4"}],"replies":[{"embeddable":true,"href":"https:\/\/www.upo.es\/diario\/wp-json\/wp\/v2\/comments?post=30888714"}],"version-history":[{"count":1,"href":"https:\/\/www.upo.es\/diario\/wp-json\/wp\/v2\/posts\/30888714\/revisions"}],"predecessor-version":[{"id":30888716,"href":"https:\/\/www.upo.es\/diario\/wp-json\/wp\/v2\/posts\/30888714\/revisions\/30888716"}],"wp:featuredmedia":[{"embeddable":true,"href":"https:\/\/www.upo.es\/diario\/wp-json\/wp\/v2\/media\/30888717"}],"wp:attachment":[{"href":"https:\/\/www.upo.es\/diario\/wp-json\/wp\/v2\/media?parent=30888714"}],"wp:term":[{"taxonomy":"category","embeddable":true,"href":"https:\/\/www.upo.es\/diario\/wp-json\/wp\/v2\/categories?post=30888714"},{"taxonomy":"post_tag","embeddable":true,"href":"https:\/\/www.upo.es\/diario\/wp-json\/wp\/v2\/tags?post=30888714"}],"curies":[{"name":"wp","href":"https:\/\/api.w.org\/{rel}","templated":true}]}}