{"id":30888718,"date":"2025-11-05T23:42:16","date_gmt":"2025-11-05T22:42:16","guid":{"rendered":"https:\/\/www.upo.es\/diario\/?p=30888718"},"modified":"2025-11-07T14:33:39","modified_gmt":"2025-11-07T13:33:39","slug":"las-facultades-de-derecho-impulsan-cambios-en-la-formacion-y-acceso-a-la-abogacia","status":"publish","type":"post","link":"https:\/\/www.upo.es\/diario\/institucional\/2025\/11\/las-facultades-de-derecho-impulsan-cambios-en-la-formacion-y-acceso-a-la-abogacia\/","title":{"rendered":"Las facultades de Derecho impulsan cambios en la formaci\u00f3n y acceso a la Abogac\u00eda"},"content":{"rendered":"<figure id=\"attachment_30888721\" aria-describedby=\"caption-attachment-30888721\" style=\"width: 750px\" class=\"wp-caption aligncenter\"><img loading=\"lazy\" decoding=\"async\" class=\"size-large wp-image-30888721\" src=\"https:\/\/www.upo.es\/diario\/wp-content\/uploads\/2025\/11\/right-4703943_1280-750x500.jpg\" alt=\"Abogada consulta su ordenador en su despacho mientras habla por tel\u00e9fono\" width=\"750\" height=\"500\" srcset=\"https:\/\/www.upo.es\/diario\/wp-content\/uploads\/2025\/11\/right-4703943_1280-750x500.jpg 750w, https:\/\/www.upo.es\/diario\/wp-content\/uploads\/2025\/11\/right-4703943_1280-420x280.jpg 420w, https:\/\/www.upo.es\/diario\/wp-content\/uploads\/2025\/11\/right-4703943_1280-768x512.jpg 768w, https:\/\/www.upo.es\/diario\/wp-content\/uploads\/2025\/11\/right-4703943_1280-165x109.jpg 165w, https:\/\/www.upo.es\/diario\/wp-content\/uploads\/2025\/11\/right-4703943_1280.jpg 1280w\" sizes=\"auto, (max-width: 750px) 100vw, 750px\" \/><figcaption id=\"caption-attachment-30888721\" class=\"wp-caption-text\">Foto: Leandro Aguilar (Pixabay)<\/figcaption><\/figure>\n<p>La Conferencia de Decanas y Decanos de facultades de Derecho de Espa\u00f1a, integrada por <strong>72 universidades p\u00fablicas y privadas de todo el pa\u00eds<\/strong> y que representa a m\u00e1s de <strong>100.000 estudiantes<\/strong>, celebrar\u00e1 una Conferencia Extraordinaria los pr\u00f3ximos 6 y 7 de noviembre en la Universidad Pablo Olavide y la Universidad de Sevilla.<\/p>\n<p>En este encuentro, que <u>arrancar\u00e1 este jueves a las 17 horas en la Pablo Olavide<\/u> con un acto de inauguraci\u00f3n en el que intervendr\u00e1n el rector, <strong>Francisco Oliva Bl\u00e1zquez<\/strong>; el secretario general de Universidades de la Junta de Andaluc\u00eda, <strong>Ram\u00f3n Herrera de las Heras<\/strong>; el presidente de la Conferencia, <strong>Javier Fern\u00e1ndez-Teruelo N\u00fa\u00f1ez<\/strong>, as\u00ed como los decanos de Derecho de la Universidad de Sevilla y la Pablo de Olavide, <strong>Fernando Llano Alonso<\/strong> y <strong>C\u00e9sar Hornero M\u00e9ndez<\/strong>, respectivamente, <strong>se abordar\u00e1n cuestiones de relevancia para las instituciones acad\u00e9micas y la sociedad como el actual modelo de m\u00e1ster en Abogac\u00eda y Procura y, de modo especial, el formato de las pruebas de acceso a la profesi\u00f3n<\/strong>. Asimismo, se formular\u00e1n propuestas de mejora relativas al Trabajo de Fin de Grado (TFG) en los estudios de Derecho.<\/p>\n<p>En el an\u00e1lisis y debate sobre ambos temas, en los que ya se trabaj\u00f3 durante la XXXII Conferencia, celebrada el pasado mes de marzo en la Universitat de les Illes Balears, participar\u00e1n el secretario general de Universidades del Ministerio de Ciencia, Innovaci\u00f3n y Universidades, <strong>Francisco Garc\u00eda Pascual<\/strong> \u2014en el Grupo de Trabajo sobre el TFG en el Grado en Derecho\u2014 y la secretaria general para la Innovaci\u00f3n y Calidad de la Justicia del Ministerio de Justicia, <strong>Sof\u00eda Puente Santiago<\/strong> \u2014en el Grupo sobre los m\u00e1steres en Abogac\u00eda y Procura\u2014.<\/p>\n<p>La <a href=\"https:\/\/www.facultades-derecho.es\/\">Conferencia de Decanas y Decanos de facultades de Derecho de Espa\u00f1a<\/a> tiene como objetivos fomentar, mejorar y coordinar los estudios de Derecho en las distintas facultades mediante la creaci\u00f3n de foros de debate e intercambio abiertos a todas las universidades espa\u00f1olas sobre temas de inter\u00e9s para las titulaciones universitarias de la rama del Derecho.<\/p>\n","protected":false},"excerpt":{"rendered":"<p>La Conferencia de Decanas y Decanos de facultades de Derecho de Espa\u00f1a, integrada por 72 universidades p\u00fablicas y privadas de todo el pa\u00eds y que representa a m\u00e1s de 100.000 estudiantes, celebrar\u00e1 una Conferencia Extraordinaria los pr\u00f3ximos 6 y 7 de noviembre en la Universidad Pablo Olavide y la Universidad de Sevilla. <\/p>\n","protected":false},"author":6,"featured_media":30888721,"comment_status":"closed","ping_status":"open","sticky":false,"template":"","format":"standard","meta":{"_monsterinsights_skip_tracking":false,"_monsterinsights_sitenote_active":false,"_monsterinsights_sitenote_note":"","_monsterinsights_sitenote_category":0,"footnotes":""},"categories":[6],"tags":[8741,2701,1950,81,4021,1366,3857,1163,39],"class_list":["post-30888718","post","type-post","status-publish","format-standard","has-post-thumbnail","hentry","category-institucional","tag-cesar-hornero","tag-decana","tag-decano","tag-facultad-de-derecho","tag-francisco-oliva-blazquez","tag-grado-en-derecho","tag-master-en-abogacia","tag-universidad-de-sevilla","tag-universidades"],"_links":{"self":[{"href":"https:\/\/www.upo.es\/diario\/wp-json\/wp\/v2\/posts\/30888718","targetHints":{"allow":["GET"]}}],"collection":[{"href":"https:\/\/www.upo.es\/diario\/wp-json\/wp\/v2\/posts"}],"about":[{"href":"https:\/\/www.upo.es\/diario\/wp-json\/wp\/v2\/types\/post"}],"author":[{"embeddable":true,"href":"https:\/\/www.upo.es\/diario\/wp-json\/wp\/v2\/users\/6"}],"replies":[{"embeddable":true,"href":"https:\/\/www.upo.es\/diario\/wp-json\/wp\/v2\/comments?post=30888718"}],"version-history":[{"count":3,"href":"https:\/\/www.upo.es\/diario\/wp-json\/wp\/v2\/posts\/30888718\/revisions"}],"predecessor-version":[{"id":30888723,"href":"https:\/\/www.upo.es\/diario\/wp-json\/wp\/v2\/posts\/30888718\/revisions\/30888723"}],"wp:featuredmedia":[{"embeddable":true,"href":"https:\/\/www.upo.es\/diario\/wp-json\/wp\/v2\/media\/30888721"}],"wp:attachment":[{"href":"https:\/\/www.upo.es\/diario\/wp-json\/wp\/v2\/media?parent=30888718"}],"wp:term":[{"taxonomy":"category","embeddable":true,"href":"https:\/\/www.upo.es\/diario\/wp-json\/wp\/v2\/categories?post=30888718"},{"taxonomy":"post_tag","embeddable":true,"href":"https:\/\/www.upo.es\/diario\/wp-json\/wp\/v2\/tags?post=30888718"}],"curies":[{"name":"wp","href":"https:\/\/api.w.org\/{rel}","templated":true}]}}