{"id":30888724,"date":"2025-11-06T06:11:21","date_gmt":"2025-11-06T05:11:21","guid":{"rendered":"https:\/\/www.upo.es\/diario\/?p=30888724"},"modified":"2025-11-06T10:26:26","modified_gmt":"2025-11-06T09:26:26","slug":"radiolavide-ruralidad-en-accion-cultivando-alternativas-frente-al-modelo-agroindustrial","status":"publish","type":"post","link":"https:\/\/www.upo.es\/diario\/podcast\/2025\/11\/radiolavide-ruralidad-en-accion-cultivando-alternativas-frente-al-modelo-agroindustrial\/","title":{"rendered":"RadiOlavide | Ruralidad en acci\u00f3n: cultivando alternativas frente al modelo agroindustrial"},"content":{"rendered":"<p><iframe loading=\"lazy\" id=\"pumukitiframe\" src=\"https:\/\/upotv.upo.es\/iframe\/690899e3abe3c62df38b4568\" width=\"560\" height=\"315\" frameborder=\"0\" allowfullscreen=\"allowfullscreen\"><\/iframe><br \/>\nA partir de su trabajo de campo con productoras y productores agroecol\u00f3gicos, Garc\u00eda analiza c\u00f3mo estas pr\u00e1cticas no solo transforman la producci\u00f3n de alimentos, sino tambi\u00e9n la organizaci\u00f3n colectiva, los v\u00ednculos comunitarios y las identidades rurales. Este recorrido evidencia que <strong>la ruralidad puede ser un espacio de innovaci\u00f3n social, cooperaci\u00f3n y resiliencia ambiental<\/strong>.<\/p>\n<p>El episodio nos muestra c\u00f3mo el territorio del sudeste bonaerense, hist\u00f3ricamente subordinado a las l\u00f3gicas del mercado y del agronegocio, se convierte hoy en un laboratorio de nuevas formas de cooperaci\u00f3n, conocimiento compartido y sostenibilidad. Tatiana invita a reflexionar sobre c\u00f3mo estas pr\u00e1cticas revalorizan la vida rural y promueven alternativas al desarrollo capitalista tradicional.<\/p>\n<p>&#8216;Sociolog\u00eda para el d\u00eda a d\u00eda&#8217; trata de hacer ver con este podcast que <strong>la ruralidad no es un espacio residual, sino un \u00e1mbito de creatividad social, justicia ambiental y construcci\u00f3n colectiva<\/strong>, donde los procesos agroecol\u00f3gicos demuestran que producir alimentos puede ir de la mano con fortalecer comunidades y cuidar el entorno.<\/p>\n<figure id=\"attachment_30888725\" aria-describedby=\"caption-attachment-30888725\" style=\"width: 420px\" class=\"wp-caption alignleft\"><a href=\"https:\/\/www.upo.es\/diario\/wp-content\/uploads\/2025\/11\/Luis-Navarro_Javier-Aguila_Tatiana-Garcia.jpg\"><img loading=\"lazy\" decoding=\"async\" class=\"size-medium wp-image-30888725\" src=\"https:\/\/www.upo.es\/diario\/wp-content\/uploads\/2025\/11\/Luis-Navarro_Javier-Aguila_Tatiana-Garcia-420x380.jpg\" alt=\"Luis Navarro, Tatiana Garc\u00eda y Javier \u00c1guila en el estudio de RadiOlavide\" width=\"420\" height=\"380\" srcset=\"https:\/\/www.upo.es\/diario\/wp-content\/uploads\/2025\/11\/Luis-Navarro_Javier-Aguila_Tatiana-Garcia-420x380.jpg 420w, https:\/\/www.upo.es\/diario\/wp-content\/uploads\/2025\/11\/Luis-Navarro_Javier-Aguila_Tatiana-Garcia-580x525.jpg 580w, https:\/\/www.upo.es\/diario\/wp-content\/uploads\/2025\/11\/Luis-Navarro_Javier-Aguila_Tatiana-Garcia-768x696.jpg 768w, https:\/\/www.upo.es\/diario\/wp-content\/uploads\/2025\/11\/Luis-Navarro_Javier-Aguila_Tatiana-Garcia-1320x1196.jpg 1320w, https:\/\/www.upo.es\/diario\/wp-content\/uploads\/2025\/11\/Luis-Navarro_Javier-Aguila_Tatiana-Garcia.jpg 1509w\" sizes=\"auto, (max-width: 420px) 100vw, 420px\" \/><\/a><figcaption id=\"caption-attachment-30888725\" class=\"wp-caption-text\">Luis Navarro, Tatiana Garc\u00eda y Javier \u00c1guila en el estudio de RadiOlavide<\/figcaption><\/figure>\n<p><strong>Cr\u00e9ditos:<\/strong><\/p>\n<p>Presenta: Luis Navarro Ardoy<\/p>\n<p>Realizaci\u00f3n y edici\u00f3n: Javier \u00c1guila D\u00edaz y Luis Navarro Ardoy<\/p>\n<hr \/>\n<h3>M\u00e1s estrenos de RadiOlavide:<\/h3>\n<p><strong>Stand Up:<\/strong> &#8216;Hablando con Majo&#8217;<br \/>\n<a href=\"https:\/\/upotv.upo.es\/video\/6909c821abe3c67b028b4569\">https:\/\/upotv.upo.es\/video\/6909c821abe3c67b028b4569<\/a><\/p>\n<p><strong>Caf\u00e9 con Am\u00e9rica<\/strong>: &#8216;Entrevista a Pedro Calzadilla P\u00e9rez&#8217;<br \/>\n<a href=\"https:\/\/upotv.upo.es\/video\/690898e1abe3c6f5f28b4567\">https:\/\/upotv.upo.es\/video\/690898e1abe3c6f5f28b4567<\/a><\/p>\n<p><strong>Desde la Atalaya. Transe\u00fantes<\/strong> &#8216;MEDICOS DEL MUNDO: derecho a la salud para todas las personas&#8217;<br \/>\n<a href=\"https:\/\/upotv.upo.es\/video\/6900941cabe3c68ea28b4567\">https:\/\/upotv.upo.es\/video\/6900941cabe3c68ea28b4567<\/a><\/p>\n","protected":false},"excerpt":{"rendered":"<p>A partir de su trabajo de campo con productoras y productores agroecol\u00f3gicos, Garc\u00eda analiza c\u00f3mo estas pr\u00e1cticas no solo transforman la producci\u00f3n de alimentos, sino tambi\u00e9n la organizaci\u00f3n colectiva, los v\u00ednculos comunitarios y las identidades rurales. Este recorrido evidencia que la ruralidad puede ser un espacio de innovaci\u00f3n social, cooperaci\u00f3n y resiliencia ambiental.<\/p>\n","protected":false},"author":6,"featured_media":30888725,"comment_status":"closed","ping_status":"open","sticky":false,"template":"","format":"video","meta":{"_monsterinsights_skip_tracking":false,"_monsterinsights_sitenote_active":false,"_monsterinsights_sitenote_note":"","_monsterinsights_sitenote_category":0,"footnotes":""},"categories":[8145],"tags":[750,876,7066,3784,104],"class_list":["post-30888724","post","type-post","status-publish","format-video","has-post-thumbnail","hentry","category-podcast","tag-agricultura","tag-argentina","tag-luis-navarro-ardoy","tag-radiolavide","tag-sociologia","post_format-post-format-video"],"_links":{"self":[{"href":"https:\/\/www.upo.es\/diario\/wp-json\/wp\/v2\/posts\/30888724","targetHints":{"allow":["GET"]}}],"collection":[{"href":"https:\/\/www.upo.es\/diario\/wp-json\/wp\/v2\/posts"}],"about":[{"href":"https:\/\/www.upo.es\/diario\/wp-json\/wp\/v2\/types\/post"}],"author":[{"embeddable":true,"href":"https:\/\/www.upo.es\/diario\/wp-json\/wp\/v2\/users\/6"}],"replies":[{"embeddable":true,"href":"https:\/\/www.upo.es\/diario\/wp-json\/wp\/v2\/comments?post=30888724"}],"version-history":[{"count":2,"href":"https:\/\/www.upo.es\/diario\/wp-json\/wp\/v2\/posts\/30888724\/revisions"}],"predecessor-version":[{"id":30888727,"href":"https:\/\/www.upo.es\/diario\/wp-json\/wp\/v2\/posts\/30888724\/revisions\/30888727"}],"wp:featuredmedia":[{"embeddable":true,"href":"https:\/\/www.upo.es\/diario\/wp-json\/wp\/v2\/media\/30888725"}],"wp:attachment":[{"href":"https:\/\/www.upo.es\/diario\/wp-json\/wp\/v2\/media?parent=30888724"}],"wp:term":[{"taxonomy":"category","embeddable":true,"href":"https:\/\/www.upo.es\/diario\/wp-json\/wp\/v2\/categories?post=30888724"},{"taxonomy":"post_tag","embeddable":true,"href":"https:\/\/www.upo.es\/diario\/wp-json\/wp\/v2\/tags?post=30888724"}],"curies":[{"name":"wp","href":"https:\/\/api.w.org\/{rel}","templated":true}]}}