{"id":30888739,"date":"2025-11-07T14:56:28","date_gmt":"2025-11-07T13:56:28","guid":{"rendered":"https:\/\/www.upo.es\/diario\/?p=30888739"},"modified":"2025-11-17T09:32:56","modified_gmt":"2025-11-17T08:32:56","slug":"convenio-colegio-oficial-arquitectos-sevilla-fidas-microcredenciales","status":"publish","type":"post","link":"https:\/\/www.upo.es\/diario\/institucional\/2025\/11\/convenio-colegio-oficial-arquitectos-sevilla-fidas-microcredenciales\/","title":{"rendered":"La UPO firma un convenio de colaboraci\u00f3n con el Colegio Oficial de Arquitectos de Sevilla y FIDAS para la puesta en marcha de microcredenciales"},"content":{"rendered":"<p><a href=\"https:\/\/www.upo.es\/diario\/wp-content\/uploads\/2025\/11\/IMG_2393-scaled.jpg\"><img loading=\"lazy\" decoding=\"async\" class=\"aligncenter size-large wp-image-30888741\" src=\"https:\/\/www.upo.es\/diario\/wp-content\/uploads\/2025\/11\/IMG_2393-750x500.jpg\" alt=\"Representantes de la Universidad y del COAS tras la firma del convenio entre ambas entidades\" width=\"750\" height=\"500\" srcset=\"https:\/\/www.upo.es\/diario\/wp-content\/uploads\/2025\/11\/IMG_2393-750x500.jpg 750w, https:\/\/www.upo.es\/diario\/wp-content\/uploads\/2025\/11\/IMG_2393-420x280.jpg 420w, https:\/\/www.upo.es\/diario\/wp-content\/uploads\/2025\/11\/IMG_2393-768x512.jpg 768w, https:\/\/www.upo.es\/diario\/wp-content\/uploads\/2025\/11\/IMG_2393-1536x1024.jpg 1536w, https:\/\/www.upo.es\/diario\/wp-content\/uploads\/2025\/11\/IMG_2393-2048x1365.jpg 2048w, https:\/\/www.upo.es\/diario\/wp-content\/uploads\/2025\/11\/IMG_2393-165x109.jpg 165w, https:\/\/www.upo.es\/diario\/wp-content\/uploads\/2025\/11\/IMG_2393-1320x880.jpg 1320w\" sizes=\"auto, (max-width: 750px) 100vw, 750px\" \/><\/a>La <strong>Universidad Pablo de Olavide<\/strong>, el <strong>Colegio Oficial de Arquitectos de Sevilla<\/strong> (COAS) y la <strong>Fundaci\u00f3n para la Investigaci\u00f3n y Difusi\u00f3n de la Arquitectura del Sur<\/strong> (FIDAS) han firmado un convenio de colaboraci\u00f3n para la impartici\u00f3n conjunta de <a href=\"https:\/\/www.microcredenciales.es\">microcredenciales<\/a>, un nuevo formato de formaci\u00f3n especializada que permite, en un breve periodo de tiempo la adquisici\u00f3n espec\u00edfica de capacidades y competencias adaptadas a las necesidades del mercado laboral.<\/p>\n<figure id=\"attachment_30888740\" aria-describedby=\"caption-attachment-30888740\" style=\"width: 420px\" class=\"wp-caption alignright\"><a href=\"https:\/\/www.upo.es\/diario\/wp-content\/uploads\/2025\/11\/IMG_2364-scaled.jpg\"><img loading=\"lazy\" decoding=\"async\" class=\"size-medium wp-image-30888740\" src=\"https:\/\/www.upo.es\/diario\/wp-content\/uploads\/2025\/11\/IMG_2364-420x280.jpg\" alt=\"Francisco Oliva y Nuria Canivell\" width=\"420\" height=\"280\" srcset=\"https:\/\/www.upo.es\/diario\/wp-content\/uploads\/2025\/11\/IMG_2364-420x280.jpg 420w, https:\/\/www.upo.es\/diario\/wp-content\/uploads\/2025\/11\/IMG_2364-750x500.jpg 750w, https:\/\/www.upo.es\/diario\/wp-content\/uploads\/2025\/11\/IMG_2364-768x512.jpg 768w, https:\/\/www.upo.es\/diario\/wp-content\/uploads\/2025\/11\/IMG_2364-1536x1024.jpg 1536w, https:\/\/www.upo.es\/diario\/wp-content\/uploads\/2025\/11\/IMG_2364-2048x1365.jpg 2048w, https:\/\/www.upo.es\/diario\/wp-content\/uploads\/2025\/11\/IMG_2364-165x109.jpg 165w, https:\/\/www.upo.es\/diario\/wp-content\/uploads\/2025\/11\/IMG_2364-1320x880.jpg 1320w\" sizes=\"auto, (max-width: 420px) 100vw, 420px\" \/><\/a><figcaption id=\"caption-attachment-30888740\" class=\"wp-caption-text\">Francisco Oliva y Nuria Canivell tras la firma del convenio<\/figcaption><\/figure>\n<p>El acto de firma, a cargo del rector de la Universidad Pablo de Olavide, <strong>Francisco Oliva Bl\u00e1zquez<\/strong>, y de la decana del Colegio Oficial de Arquitectos de Sevilla y presidenta de FIDAS, <strong>Nuria Canivell Achabal<\/strong>, ha contado tambi\u00e9n con la presencia de la vicerrectora de Relaciones Institucionales, Formaci\u00f3n Permanente y Fundaciones, <strong>Laura L\u00f3pez de la Cruz<\/strong>; del director-gerente de la Fundaci\u00f3n FIDAS, <strong>Alejandro Durendes Mu\u00f1oz<\/strong>; del director de la Escuela Polit\u00e9cnica Superior de la UPO, <strong>Luis Merino Caba\u00f1as<\/strong> y de la directora de Comunicaci\u00f3n y Estrategia de la Fundaci\u00f3n Universidad Pablo de Olavide, <strong>Lola Ortiz Herrera<\/strong>.<\/p>\n<p>Durante el acto, Francisco Oliva ha destacado que este convenio permitir\u00e1 ofrecer una formaci\u00f3n especializada, bajo el formato de microcredenciales, dise\u00f1ada seg\u00fan las necesidades actuales del sector, siendo un valor diferenciador respecto al resto de formaciones anteriores: \u00abLa universidad responde as\u00ed a las demandas de formaci\u00f3n en todos los sectores productivos ofreciendo un t\u00edtulo con cada vez mayor repercusi\u00f3n y relevancia en el \u00e1mbito de la Uni\u00f3n Europea\u00bb.<\/p>\n<p>Por su parte, Nuria Canivell ha destacado que la formaci\u00f3n en microcredenciales, en colaboraci\u00f3n con la Universidad Pablo de Olavide, es actual, \u00fatil y homologada, suponiendo un enorme avance para FIDAS y un valor a\u00f1adido para el Colegio Oficial de Aquitectos de Sevilla y sus m\u00e1s de 2.600 colegiados.<\/p>\n<p>Mediante este convenio se fomentar\u00e1 la <strong>formaci\u00f3n de los arquitectos y arquitectas<\/strong> a trav\u00e9s de dos cursos que comenzar\u00e1n en los pr\u00f3ximos meses: <strong>\u2018Intervenci\u00f3n en el patrimonio arquitect\u00f3nico: aproximaci\u00f3n a la pr\u00e1ctica profesional\u2019<\/strong> dirigida por Francisco Ollero Lobato, y <strong>\u2018El uso de la Inteligencia Artificial en la arquitectura y la construcci\u00f3n\u2019<\/strong>, dirigida por Luis Merino Caba\u00f1as, ambos catedr\u00e1ticos de la Universidad Pablo de Olavide.<\/p>\n<p>Con la microcredencial sobre inteligencia artificial, se persigue dar respuesta a la necesidad de conocimiento y actualizaci\u00f3n en lo que a transformaci\u00f3n digital se refiere; mientras que con la propuesta sobre patrimonio, se pretende que tanto aquellos profesionales que intervienen en la conservaci\u00f3n patrimonial como aquellos que est\u00e9n interesados en estas intervenciones especializadas refuercen y mejoren sus conocimientos. Parte del contenido de esta segunda microcredencial se encuentra vinculado a diferentes proyectos en los que participan tanto COAS como FIDAS, como es \u2018Sevilla Oculta\u2019, entre otros, iniciado por el Ayuntamiento de Sevilla, el Arzobispado de Sevilla y la C\u00e1mara de Comercio de Sevilla.<\/p>\n<p>La Universidad Pablo de Olavide es pionera en la puesta en marcha e impartici\u00f3n de microcredenciales. Desde el a\u00f1o 2022, que se inici\u00f3 este proyecto formativo, se han impartido m\u00e1s de 70 microcredenciales de muy diferentes tem\u00e1ticas en las que se han matriculado m\u00e1s de 1700 estudiantes.<\/p>\n<p>El <strong>Colegio Oficial de Arquitectos de Sevilla (COAS)<\/strong> tiene entre sus fines y objetivos principales, ordenar el ejercicio de la profesi\u00f3n en su \u00e1mbito, representar y defender los intereses de los arquitectos, contribuir a su formaci\u00f3n, velar por la observancia de la deontolog\u00eda profesional y por el adecuado nivel de calidad del ejercicio profesional, y realizar las prestaciones de inter\u00e9s general en relaci\u00f3n con la arquitectura, el urbanismo y el medio ambiente, que considere oportunas o se les encomiende por ley.<\/p>\n<p>Por su parte, la <strong>Fundaci\u00f3n para la Investigaci\u00f3n y Difusi\u00f3n de la Arquitectura del Sur (FIDAS)<\/strong>, tiene como objetivo potenciar la investigaci\u00f3n y la difusi\u00f3n de la Arquitectura, intentando aunar los esfuerzos de las instituciones p\u00fablicas y privadas relacionadas con la arquitectura, la construcci\u00f3n, patrimonio, medioambiente, urbanismo, cultura y su ejercicio profesional. Adem\u00e1s, desarrolla su actividad en distintas \u00e1reas: formaci\u00f3n, tecnolog\u00eda, normativa y legislaci\u00f3n, biblioteca y archivo, investigaci\u00f3n y cultural.<\/p>\n<p>La firma del citado convenio para el COAS y FIDAS supone un verdadero hito hist\u00f3rico, ya que no solo constituye un proyecto junto con una de las universidades referente en Formaci\u00f3n Permanente de Espa\u00f1a y Andaluc\u00eda, sino que, con ello, se consigue un avance claro en la b\u00fasqueda del reconocimiento oficial de formaciones destinadas a los arquitectos, entre otros profesionales del sector, con el objetivo de continuar en la obligaci\u00f3n y deber que ambas entidades poseen para con la formaci\u00f3n del colectivo y que quedan recogidos en sus fines fundacionales y estatutarios.<\/p>\n<p>M\u00e1s informaci\u00f3n:\u00a0<a href=\"http:\/\/www.microcredenciales.es\">www.microcredenciales.es<\/a><\/p>\n<p>Fuente: Fundaci\u00f3n Universidad Pablo de Olavide<\/p>\n","protected":false},"excerpt":{"rendered":"<p>Los t\u00edtulos \u2018Intervenci\u00f3n en el patrimonio arquitect\u00f3nico: aproximaci\u00f3n a la pr\u00e1ctica profesional\u2019 y \u2018El uso de la Inteligencia Artificial en la arquitectura y la construcci\u00f3n\u2019 comenzar\u00e1n a impartirse a principios de 2026.<\/p>\n","protected":false},"author":6,"featured_media":30888740,"comment_status":"closed","ping_status":"open","sticky":false,"template":"","format":"standard","meta":{"_monsterinsights_skip_tracking":false,"_monsterinsights_sitenote_active":false,"_monsterinsights_sitenote_note":"","_monsterinsights_sitenote_category":0,"footnotes":""},"categories":[6],"tags":[1014,9324,5057,4021,2474,151,1648,8238,9140,2559],"class_list":["post-30888739","post","type-post","status-publish","format-standard","has-post-thumbnail","hentry","category-institucional","tag-arquitectura","tag-colegio-oficial-de-arquitectos-de-sevilla","tag-formacion-continua","tag-francisco-oliva-blazquez","tag-fundacion-universidad-pablo-de-olavide","tag-inteligencia-artificial","tag-laura-lopez-de-la-cruz","tag-luis-merino","tag-microcredencial","tag-patrimonio-historico"],"_links":{"self":[{"href":"https:\/\/www.upo.es\/diario\/wp-json\/wp\/v2\/posts\/30888739","targetHints":{"allow":["GET"]}}],"collection":[{"href":"https:\/\/www.upo.es\/diario\/wp-json\/wp\/v2\/posts"}],"about":[{"href":"https:\/\/www.upo.es\/diario\/wp-json\/wp\/v2\/types\/post"}],"author":[{"embeddable":true,"href":"https:\/\/www.upo.es\/diario\/wp-json\/wp\/v2\/users\/6"}],"replies":[{"embeddable":true,"href":"https:\/\/www.upo.es\/diario\/wp-json\/wp\/v2\/comments?post=30888739"}],"version-history":[{"count":1,"href":"https:\/\/www.upo.es\/diario\/wp-json\/wp\/v2\/posts\/30888739\/revisions"}],"predecessor-version":[{"id":30888742,"href":"https:\/\/www.upo.es\/diario\/wp-json\/wp\/v2\/posts\/30888739\/revisions\/30888742"}],"wp:featuredmedia":[{"embeddable":true,"href":"https:\/\/www.upo.es\/diario\/wp-json\/wp\/v2\/media\/30888740"}],"wp:attachment":[{"href":"https:\/\/www.upo.es\/diario\/wp-json\/wp\/v2\/media?parent=30888739"}],"wp:term":[{"taxonomy":"category","embeddable":true,"href":"https:\/\/www.upo.es\/diario\/wp-json\/wp\/v2\/categories?post=30888739"},{"taxonomy":"post_tag","embeddable":true,"href":"https:\/\/www.upo.es\/diario\/wp-json\/wp\/v2\/tags?post=30888739"}],"curies":[{"name":"wp","href":"https:\/\/api.w.org\/{rel}","templated":true}]}}