{"id":30888892,"date":"2025-11-17T15:44:24","date_gmt":"2025-11-17T14:44:24","guid":{"rendered":"https:\/\/www.upo.es\/diario\/?p=30888892"},"modified":"2025-11-19T14:40:32","modified_gmt":"2025-11-19T13:40:32","slug":"upo-impulsa-liderazgo-femenino-investigacion-jornada-mujer-innovacion-ciencia","status":"publish","type":"post","link":"https:\/\/www.upo.es\/diario\/docencia-formacion\/2025\/11\/upo-impulsa-liderazgo-femenino-investigacion-jornada-mujer-innovacion-ciencia\/","title":{"rendered":"La UPO impulsa el liderazgo femenino en la 4\u00aa Jornada de Mujer, Innovaci\u00f3n y Ciencia"},"content":{"rendered":"<p><a href=\"https:\/\/www.upo.es\/diario\/wp-content\/uploads\/2025\/11\/J-Mujer-Innovacion-Ciencia-1.jpeg\"><img loading=\"lazy\" decoding=\"async\" class=\"alignright size-large wp-image-30888893\" src=\"https:\/\/www.upo.es\/diario\/wp-content\/uploads\/2025\/11\/J-Mujer-Innovacion-Ciencia-1-394x525.jpeg\" alt=\"\" width=\"394\" height=\"525\" srcset=\"https:\/\/www.upo.es\/diario\/wp-content\/uploads\/2025\/11\/J-Mujer-Innovacion-Ciencia-1-394x525.jpeg 394w, https:\/\/www.upo.es\/diario\/wp-content\/uploads\/2025\/11\/J-Mujer-Innovacion-Ciencia-1-315x420.jpeg 315w, https:\/\/www.upo.es\/diario\/wp-content\/uploads\/2025\/11\/J-Mujer-Innovacion-Ciencia-1-768x1024.jpeg 768w, https:\/\/www.upo.es\/diario\/wp-content\/uploads\/2025\/11\/J-Mujer-Innovacion-Ciencia-1-1152x1536.jpeg 1152w, https:\/\/www.upo.es\/diario\/wp-content\/uploads\/2025\/11\/J-Mujer-Innovacion-Ciencia-1.jpeg 1200w\" sizes=\"auto, (max-width: 394px) 100vw, 394px\" \/><\/a>El rector de la Universidad Pablo de Olavide, Francisco Oliva Bl\u00e1zquez, ha participado esta ma\u00f1ana en el acto inaugural de la <strong>4\u00aa Jornada \u201cMujer, Innovaci\u00f3n y Ciencia\u201d<\/strong>, un encuentro que ha reunido a investigadoras, representantes institucionales y profesionales del \u00e1mbito cient\u00edfico-tecnol\u00f3gico para reflexionar sobre el papel de las mujeres en la innovaci\u00f3n y el desarrollo sostenible de los municipios.<\/p>\n<p>El acto, celebrado en La Procesadora (Alcal\u00e1 de Guada\u00edra), ha contado en su apertura con la intervenci\u00f3n de Ana Isabel Jim\u00e9nez, alcaldesa de Alcal\u00e1 de Guada\u00edra; Olga Morales, presidenta de la Red Innpulso y alcaldesa de Viladecans; Francisco Oliva, rector de la Universidad Pablo de Olavide; y Teresa Riesgo, secretaria general de Innovaci\u00f3n del Ministerio de Ciencia, Innovaci\u00f3n y Universidades.<\/p>\n<p>Durante su intervenci\u00f3n, el rector Francisco Oliva ha subrayado que \u201cen las universidades estamos convencidos de que sin ciencia no hay futuro. La ciencia es la base absolutamente de todo. No habr\u00e1 una econom\u00eda productiva y competitiva si no innova, y para innovar hace falta ciencia y conocimiento, porque es la base de cualquier econom\u00eda desarrollada. Cualquier apuesta por incentivar la ciencia, la innovaci\u00f3n, el emprendimiento y el conocimiento siempre es bienvenida desde el \u00e1mbito universitario\u201d.<\/p>\n<p>Asimismo, Oliva ha destacado la importancia de que m\u00e1s mujeres se incorporen a las disciplinas STEM, especialmente en el \u00e1mbito tecnol\u00f3gico: \u201ces muy importante la incorporaci\u00f3n de las mujeres en el \u00e1mbito de las STEM y, sobre todo, en los sistemas inform\u00e1ticos, porque muchos de los sesgos que se est\u00e1n produciendo se deben a que la mujer no participa en la creaci\u00f3n de lo que va a ser la base tecnol\u00f3gica del presente y del futuro\u201d.<\/p>\n<p><a href=\"https:\/\/www.upo.es\/diario\/wp-content\/uploads\/2025\/11\/WhatsApp-Image-2025-11-17-at-14.26.47.jpeg\"><img loading=\"lazy\" decoding=\"async\" class=\"alignleft wp-image-30888894 \" src=\"https:\/\/www.upo.es\/diario\/wp-content\/uploads\/2025\/11\/WhatsApp-Image-2025-11-17-at-14.26.47-e1763390416765-574x525.jpeg\" alt=\"\" width=\"380\" height=\"348\" srcset=\"https:\/\/www.upo.es\/diario\/wp-content\/uploads\/2025\/11\/WhatsApp-Image-2025-11-17-at-14.26.47-e1763390416765-574x525.jpeg 574w, https:\/\/www.upo.es\/diario\/wp-content\/uploads\/2025\/11\/WhatsApp-Image-2025-11-17-at-14.26.47-e1763390416765-420x384.jpeg 420w, https:\/\/www.upo.es\/diario\/wp-content\/uploads\/2025\/11\/WhatsApp-Image-2025-11-17-at-14.26.47-e1763390416765-768x703.jpeg 768w, https:\/\/www.upo.es\/diario\/wp-content\/uploads\/2025\/11\/WhatsApp-Image-2025-11-17-at-14.26.47-e1763390416765-1320x1208.jpeg 1320w, https:\/\/www.upo.es\/diario\/wp-content\/uploads\/2025\/11\/WhatsApp-Image-2025-11-17-at-14.26.47-e1763390416765.jpeg 1522w\" sizes=\"auto, (max-width: 380px) 100vw, 380px\" \/><\/a>El programa de la jornada ha incluido la <strong>mesa redonda \u201cTransformando las ciudades desde el conocimiento\u201d<\/strong>, moderada por M\u00f3nica Dom\u00ednguez Serrano, delegada del rector para la Igualdad de G\u00e9nero de la UPO. En esta sesi\u00f3n han participado las investigadoras de la Universidad Pablo de Olavide Antonia Jim\u00e9nez del Departamento de Ecolog\u00eda y Mar\u00eda \u00c1ngeles Huete del Departamento de Sociolog\u00eda, y Soraya Zahdi del CSIC, quienes han abordado c\u00f3mo la ciencia y la innovaci\u00f3n contribuyen en la mejora de la calidad de la vida urbana, la sostenibilidad y la igualdad.<\/p>\n<p>M\u00f3nica Dom\u00ednguez ha destacado que \u201ces muy satisfactorio trabajar en colaboraci\u00f3n con el Ayuntamiento de Alcal\u00e1 de Guada\u00edra y la Red Innpulso, porque a todas nos une un compromiso institucional con la igualdad. Desde la UPO siempre estaremos dispuestas a promover encuentros en que se d\u00e9 espacio al talento de las mujeres y en que se ponga de relieve todo lo que podemos aportar, tendiendo puentes entre la innovaci\u00f3n, la ciencia y el desarrollo de las ciudades\u00bb.<\/p>\n<p>La Jornada est\u00e1 organizada por el <strong>Ayuntamiento de Alcal\u00e1 de Guada\u00edra<\/strong> y financiada por la <a href=\"https:\/\/redinnpulso.es\/\"><strong>Red Innpulso<\/strong><\/a> como parte de las acciones impulsadas por esta red para promover el acceso y la a participaci\u00f3n plena de mujeres y ni\u00f1as en el \u00e1mbito cient\u00edfico y tecnol\u00f3gico. Esta edici\u00f3n ha sido coordinada de forma directa con <strong>la Delegaci\u00f3n del Rector para la Igualdad de G\u00e9nero de la Universidad Pablo de Olavide<\/strong>, reforzando el compromiso institucional con un modelo de desarrollo local sostenible, inteligente y basado en el conocimiento.<\/p>\n<p>Desde su creaci\u00f3n, la Red trabaja para romper estereotipos de g\u00e9nero en las disciplinas cient\u00edfico-t\u00e9cnicas y fomentar vocaciones STEM entre las m\u00e1s j\u00f3venes. La iniciativa busca, adem\u00e1s, fortalecer la visibilidad de las mujeres cient\u00edficas y fomentar la colaboraci\u00f3n entre administraciones p\u00fablicas, universidades, centros de investigaci\u00f3n y tejido empresarial, para mejorar los servicios sociales y bienestar de la ciudadan\u00eda, y la calidad y conservaci\u00f3n de nuestras ciudades.<\/p>\n<p>&nbsp;<\/p>\n<p>&nbsp;<\/p>\n<p>&nbsp;<\/p>\n","protected":false},"excerpt":{"rendered":"<p>El rector de la Universidad Pablo de Olavide, Francisco Oliva Bl\u00e1zquez, ha participado en el acto inaugural de la 4\u00aa Jornada \u201cMujer, Innovaci\u00f3n y Ciencia\u201d, un encuentro que ha reunido a investigadoras, representantes institucionales y profesionales del \u00e1mbito cient\u00edfico-tecnol\u00f3gico para reflexionar sobre el papel de las mujeres en la innovaci\u00f3n y el desarrollo sostenible de los municipios.<\/p>\n","protected":false},"author":4,"featured_media":30888897,"comment_status":"closed","ping_status":"open","sticky":false,"template":"","format":"standard","meta":{"_monsterinsights_skip_tracking":false,"_monsterinsights_sitenote_active":false,"_monsterinsights_sitenote_note":"","_monsterinsights_sitenote_category":0,"footnotes":""},"categories":[2779],"tags":[5833,7256,554,514,233,38,9330],"class_list":["post-30888892","post","type-post","status-publish","format-standard","has-post-thumbnail","hentry","category-docencia-formacion","tag-ciencia","tag-delegada-del-rector-para-la-igualdad-de-genero","tag-innovacion","tag-jornada","tag-mujer","tag-rector","tag-red-innpulso"],"_links":{"self":[{"href":"https:\/\/www.upo.es\/diario\/wp-json\/wp\/v2\/posts\/30888892","targetHints":{"allow":["GET"]}}],"collection":[{"href":"https:\/\/www.upo.es\/diario\/wp-json\/wp\/v2\/posts"}],"about":[{"href":"https:\/\/www.upo.es\/diario\/wp-json\/wp\/v2\/types\/post"}],"author":[{"embeddable":true,"href":"https:\/\/www.upo.es\/diario\/wp-json\/wp\/v2\/users\/4"}],"replies":[{"embeddable":true,"href":"https:\/\/www.upo.es\/diario\/wp-json\/wp\/v2\/comments?post=30888892"}],"version-history":[{"count":2,"href":"https:\/\/www.upo.es\/diario\/wp-json\/wp\/v2\/posts\/30888892\/revisions"}],"predecessor-version":[{"id":30888896,"href":"https:\/\/www.upo.es\/diario\/wp-json\/wp\/v2\/posts\/30888892\/revisions\/30888896"}],"wp:featuredmedia":[{"embeddable":true,"href":"https:\/\/www.upo.es\/diario\/wp-json\/wp\/v2\/media\/30888897"}],"wp:attachment":[{"href":"https:\/\/www.upo.es\/diario\/wp-json\/wp\/v2\/media?parent=30888892"}],"wp:term":[{"taxonomy":"category","embeddable":true,"href":"https:\/\/www.upo.es\/diario\/wp-json\/wp\/v2\/categories?post=30888892"},{"taxonomy":"post_tag","embeddable":true,"href":"https:\/\/www.upo.es\/diario\/wp-json\/wp\/v2\/tags?post=30888892"}],"curies":[{"name":"wp","href":"https:\/\/api.w.org\/{rel}","templated":true}]}}